{"id":3270,"date":"2024-12-08T21:40:08","date_gmt":"2024-12-08T21:40:08","guid":{"rendered":"https:\/\/haz.hr\/?p=3270"},"modified":"2024-12-08T21:40:09","modified_gmt":"2024-12-08T21:40:09","slug":"hazef-najavljuje-4-izdanje-konferencije-financijska-akademija","status":"publish","type":"post","link":"https:\/\/haz.hr\/en\/2024\/12\/08\/hazef-najavljuje-4-izdanje-konferencije-financijska-akademija\/","title":{"rendered":"HAZef najavljuje 4. izdanje konferencije &#8220;Financijska akademija&#8221;"},"content":{"rendered":"<p class=\"wp-block-paragraph\">Hrvatska akademska zajednica Ekonomskog fakulteta s ponosom najavljuje <strong>\u010detvrto izdanje Financijske akademije<\/strong>. Ova konferencija okuplja eminentne stru\u010dnjake iz financijskog sektora koji su spremni podijeliti svoje bogato znanje i iskustvo s polaznicima.<\/p>\n\n\n\n<p class=\"wp-block-paragraph\"><strong>Konferencija \u0107e se odr\u017eati 13. prosinca 2024. godine na Ekonomskom fakultetu u Zagrebu, od 10:00 do 15:00 sati.<\/strong><\/p>\n\n\n\n<p class=\"wp-block-paragraph\"><strong>O projektu<\/strong><\/p>\n\n\n\n<p class=\"wp-block-paragraph\">Cilj Financijske akademije je podizanje svijesti o klju\u010dnim financijskim temama i poticanje mladih na dublje razumijevanje ekonomskih koncepata. Kroz seriju zanimljivih predavanja i panel diskusija, sudionici \u0107e imati priliku raspraviti aktualne teme koje oblikuju financijski sektor u Hrvatskoj.<\/p>\n\n\n\n<p class=\"wp-block-paragraph\">Na ovoj konferenciji obra\u0111ivat \u0107e se va\u017ene teme, uklju\u010duju\u0107i:<\/p>\n\n\n\n<ul class=\"wp-block-list\">\n<li><strong>Hrvatski mirovinski sustav<\/strong> \u2013 istra\u017eit \u0107emo kako demografski izazovi utje\u010du na budu\u0107nost mirovinskih prava te razmotriti mogu\u0107a rje\u0161enja za odr\u017eivost.<\/li>\n\n\n\n<li><strong>Digitalizacija novca<\/strong> \u2013 analizirat \u0107emo mogu\u0107nosti i izazove povezane s prelaskom na digitalne oblike novca.<\/li>\n\n\n\n<li><strong>Porezni sustav<\/strong> \u2013 rasprava o va\u017enim pitanjima poput poreza na nekretnine i drugih relevantnih poreznih obveza.<\/li>\n<\/ul>\n\n\n\n<p class=\"wp-block-paragraph\">Ova akademija nudi priliku ne samo za stjecanje <strong>teorijskog znanja<\/strong>, ve\u0107 i za usvajanje <strong>prakti\u010dnih vje\u0161tina<\/strong> koje su neophodne za uspjeh u dinami\u010dnom financijskom svijetu. Sudionici \u0107e se upoznati s metodama \u0161tednje, ulaganja i upravljanja financijama.<\/p>\n\n\n\n<p class=\"wp-block-paragraph\"><strong>Tko su na\u0161i predava\u010di?<\/strong><\/p>\n\n\n\n<ul class=\"wp-block-list\">\n<li><strong>Marko Primorac <\/strong>(Ministar financija i potpredsjednik Vlade Republike Hrvatske)<\/li>\n\n\n\n<li><strong>Martina Dali\u0107 <\/strong>(predsjednica uprave Podravka)<\/li>\n\n\n\n<li><strong>Marko Bogdan<\/strong> (voditelj prodaje u Geniusu, InterCapital Asset Management)<\/li>\n\n\n\n<li><strong>Sandro Kraljevi\u0107 <\/strong>(vlasnik tvrtke MindLab d.o.o)<\/li>\n<\/ul>\n\n\n\n<p class=\"wp-block-paragraph\"><strong>Za\u0161to sudjelovati?<\/strong><\/p>\n\n\n\n<p class=\"wp-block-paragraph\">Financijska akademija pru\u017ea:<\/p>\n\n\n\n<ul class=\"wp-block-list\">\n<li>Pristup <strong>inovativnim informacijama<\/strong> iz podru\u010dja financija, izravno od vode\u0107ih stru\u010dnjaka.<\/li>\n\n\n\n<li><strong>Interaktivne diskusije<\/strong> koje omogu\u0107avaju umre\u017eavanje i razmjenu iskustava me\u0111u sudionicima.<\/li>\n\n\n\n<li>Vrijedne uvide o <strong>upravljanju osobnim financijama<\/strong>, investiranju i najnovijim trendovima na tr\u017ei\u0161tu.<\/li>\n<\/ul>\n\n\n\n<p class=\"wp-block-paragraph\"><strong>Pridru\u017eite se!<\/strong><\/p>\n\n\n\n<p class=\"wp-block-paragraph\">Pozivamo sve zainteresirane da se prijave i postanu dio <strong>4. Financijske akademije<\/strong>. Iskoristite ovu jedinstvenu priliku za unapre\u0111enje svojih znanja, povezivanje s profesionalcima i oblikovanje vlastite financijske budu\u0107nosti.<\/p>\n\n\n\n<p class=\"wp-block-paragraph\">Prijave su <strong>besplatne<\/strong> i odvijaju se putem obrasca na sljede\u0107em <a href=\"https:\/\/docs.google.com\/forms\/d\/e\/1FAIpQLSfNuSJvVW4o1OIWfwz2qvi-ey01JKaXfdFLrXsE7PQF3kNkgg\/viewform\">linku<\/a> <\/p>\n\n\n\n<figure class=\"wp-block-image size-large\"><img fetchpriority=\"high\" decoding=\"async\" width=\"1024\" height=\"1024\" src=\"https:\/\/haz.hr\/wp-content\/uploads\/2024\/12\/WhatsApp-Slika-2024-12-08-u-22.20.16_ddce6ae5-1024x1024.jpg\" alt=\"\" class=\"wp-image-3272\" srcset=\"https:\/\/haz.hr\/wp-content\/uploads\/2024\/12\/WhatsApp-Slika-2024-12-08-u-22.20.16_ddce6ae5-1024x1024.jpg 1024w, https:\/\/haz.hr\/wp-content\/uploads\/2024\/12\/WhatsApp-Slika-2024-12-08-u-22.20.16_ddce6ae5-300x300.jpg 300w, https:\/\/haz.hr\/wp-content\/uploads\/2024\/12\/WhatsApp-Slika-2024-12-08-u-22.20.16_ddce6ae5-150x150.jpg 150w, https:\/\/haz.hr\/wp-content\/uploads\/2024\/12\/WhatsApp-Slika-2024-12-08-u-22.20.16_ddce6ae5-768x768.jpg 768w, https:\/\/haz.hr\/wp-content\/uploads\/2024\/12\/WhatsApp-Slika-2024-12-08-u-22.20.16_ddce6ae5-1536x1536.jpg 1536w, https:\/\/haz.hr\/wp-content\/uploads\/2024\/12\/WhatsApp-Slika-2024-12-08-u-22.20.16_ddce6ae5-2048x2048.jpg 2048w\" sizes=\"(max-width: 1024px) 100vw, 1024px\" \/><\/figure>\n\n\n\n<figure class=\"wp-block-image size-large\"><img decoding=\"async\" width=\"1024\" height=\"1024\" src=\"https:\/\/haz.hr\/wp-content\/uploads\/2024\/12\/program-2.-dio-1024x1024.jpg\" alt=\"\" class=\"wp-image-3273\" srcset=\"https:\/\/haz.hr\/wp-content\/uploads\/2024\/12\/program-2.-dio-1024x1024.jpg 1024w, https:\/\/haz.hr\/wp-content\/uploads\/2024\/12\/program-2.-dio-300x300.jpg 300w, https:\/\/haz.hr\/wp-content\/uploads\/2024\/12\/program-2.-dio-150x150.jpg 150w, https:\/\/haz.hr\/wp-content\/uploads\/2024\/12\/program-2.-dio-768x768.jpg 768w, https:\/\/haz.hr\/wp-content\/uploads\/2024\/12\/program-2.-dio-1536x1536.jpg 1536w, https:\/\/haz.hr\/wp-content\/uploads\/2024\/12\/program-2.-dio-2048x2048.jpg 2048w\" sizes=\"(max-width: 1024px) 100vw, 1024px\" \/><\/figure>","protected":false},"excerpt":{"rendered":"<p>Hrvatska akademska zajednica Ekonomskog fakulteta s ponosom najavljuje \u010detvrto izdanje Financijske akademije. Ova konferencija okuplja eminentne stru\u010dnjake iz financijskog sektora koji su spremni podijeliti svoje bogato znanje i iskustvo s [&hellip;]<\/p>\n","protected":false},"author":19,"featured_media":3271,"comment_status":"open","ping_status":"open","sticky":false,"template":"","format":"standard","meta":{"footnotes":""},"categories":[14,10,11],"tags":[],"class_list":["post-3270","post","type-post","status-publish","format-standard","has-post-thumbnail","hentry","category-haz-novosti","category-haz-unizg","category-hazef-novosti"],"yoast_head":"<!-- This site is optimized with the Yoast SEO plugin v23.7 - https:\/\/yoast.com\/wordpress\/plugins\/seo\/ -->\n<title>HAZef najavljuje 4. izdanje konferencije &quot;Financijska akademija&quot; - HAZ<\/title>\n<meta name=\"robots\" content=\"index, follow, max-snippet:-1, max-image-preview:large, max-video-preview:-1\" \/>\n<link rel=\"canonical\" href=\"https:\/\/haz.hr\/en\/2024\/12\/08\/hazef-najavljuje-4-izdanje-konferencije-financijska-akademija\/\" \/>\n<meta property=\"og:locale\" content=\"en_GB\" \/>\n<meta property=\"og:type\" content=\"article\" \/>\n<meta property=\"og:title\" content=\"HAZef najavljuje 4. izdanje konferencije &quot;Financijska akademija&quot; - HAZ\" \/>\n<meta property=\"og:description\" content=\"Hrvatska akademska zajednica Ekonomskog fakulteta s ponosom najavljuje \u010detvrto izdanje Financijske akademije. Ova konferencija okuplja eminentne stru\u010dnjake iz financijskog sektora koji su spremni podijeliti svoje bogato znanje i iskustvo s [&hellip;]\" \/>\n<meta property=\"og:url\" content=\"https:\/\/haz.hr\/en\/2024\/12\/08\/hazef-najavljuje-4-izdanje-konferencije-financijska-akademija\/\" \/>\n<meta property=\"og:site_name\" content=\"HAZ\" \/>\n<meta property=\"article:published_time\" content=\"2024-12-08T21:40:08+00:00\" \/>\n<meta property=\"article:modified_time\" content=\"2024-12-08T21:40:09+00:00\" \/>\n<meta property=\"og:image\" content=\"https:\/\/haz.hr\/wp-content\/uploads\/2024\/12\/naslovna-za-web-FA-1024x576.png\" \/>\n\t<meta property=\"og:image:width\" content=\"1024\" \/>\n\t<meta property=\"og:image:height\" content=\"576\" \/>\n\t<meta property=\"og:image:type\" content=\"image\/png\" \/>\n<meta name=\"author\" content=\"Sara Karoglan\" \/>\n<meta name=\"twitter:card\" content=\"summary_large_image\" \/>\n<meta name=\"twitter:label1\" content=\"Written by\" \/>\n\t<meta name=\"twitter:data1\" content=\"Sara Karoglan\" \/>\n\t<meta name=\"twitter:label2\" content=\"Est. reading time\" \/>\n\t<meta name=\"twitter:data2\" content=\"3 minutes\" \/>\n<script type=\"application\/ld+json\" class=\"yoast-schema-graph\">{\"@context\":\"https:\/\/schema.org\",\"@graph\":[{\"@type\":\"Article\",\"@id\":\"https:\/\/haz.hr\/2024\/12\/08\/hazef-najavljuje-4-izdanje-konferencije-financijska-akademija\/#article\",\"isPartOf\":{\"@id\":\"https:\/\/haz.hr\/2024\/12\/08\/hazef-najavljuje-4-izdanje-konferencije-financijska-akademija\/\"},\"author\":{\"name\":\"Sara Karoglan\",\"@id\":\"https:\/\/haz.hr\/#\/schema\/person\/e4af13935d8129e2ddeb8c531d90ec00\"},\"headline\":\"HAZef najavljuje 4. izdanje konferencije &#8220;Financijska akademija&#8221;\",\"datePublished\":\"2024-12-08T21:40:08+00:00\",\"dateModified\":\"2024-12-08T21:40:09+00:00\",\"mainEntityOfPage\":{\"@id\":\"https:\/\/haz.hr\/2024\/12\/08\/hazef-najavljuje-4-izdanje-konferencije-financijska-akademija\/\"},\"wordCount\":330,\"commentCount\":0,\"publisher\":{\"@id\":\"https:\/\/haz.hr\/#organization\"},\"image\":{\"@id\":\"https:\/\/haz.hr\/2024\/12\/08\/hazef-najavljuje-4-izdanje-konferencije-financijska-akademija\/#primaryimage\"},\"thumbnailUrl\":\"https:\/\/haz.hr\/wp-content\/uploads\/2024\/12\/naslovna-za-web-FA.png\",\"articleSection\":[\"HAZ novosti\",\"HAZ UniZg novosti\",\"HAZef novosti\"],\"inLanguage\":\"en-GB\",\"potentialAction\":[{\"@type\":\"CommentAction\",\"name\":\"Comment\",\"target\":[\"https:\/\/haz.hr\/2024\/12\/08\/hazef-najavljuje-4-izdanje-konferencije-financijska-akademija\/#respond\"]}]},{\"@type\":\"WebPage\",\"@id\":\"https:\/\/haz.hr\/2024\/12\/08\/hazef-najavljuje-4-izdanje-konferencije-financijska-akademija\/\",\"url\":\"https:\/\/haz.hr\/2024\/12\/08\/hazef-najavljuje-4-izdanje-konferencije-financijska-akademija\/\",\"name\":\"HAZef najavljuje 4. izdanje konferencije \\\"Financijska akademija\\\" - HAZ\",\"isPartOf\":{\"@id\":\"https:\/\/haz.hr\/#website\"},\"primaryImageOfPage\":{\"@id\":\"https:\/\/haz.hr\/2024\/12\/08\/hazef-najavljuje-4-izdanje-konferencije-financijska-akademija\/#primaryimage\"},\"image\":{\"@id\":\"https:\/\/haz.hr\/2024\/12\/08\/hazef-najavljuje-4-izdanje-konferencije-financijska-akademija\/#primaryimage\"},\"thumbnailUrl\":\"https:\/\/haz.hr\/wp-content\/uploads\/2024\/12\/naslovna-za-web-FA.png\",\"datePublished\":\"2024-12-08T21:40:08+00:00\",\"dateModified\":\"2024-12-08T21:40:09+00:00\",\"breadcrumb\":{\"@id\":\"https:\/\/haz.hr\/2024\/12\/08\/hazef-najavljuje-4-izdanje-konferencije-financijska-akademija\/#breadcrumb\"},\"inLanguage\":\"en-GB\",\"potentialAction\":[{\"@type\":\"ReadAction\",\"target\":[\"https:\/\/haz.hr\/2024\/12\/08\/hazef-najavljuje-4-izdanje-konferencije-financijska-akademija\/\"]}]},{\"@type\":\"ImageObject\",\"inLanguage\":\"en-GB\",\"@id\":\"https:\/\/haz.hr\/2024\/12\/08\/hazef-najavljuje-4-izdanje-konferencije-financijska-akademija\/#primaryimage\",\"url\":\"https:\/\/haz.hr\/wp-content\/uploads\/2024\/12\/naslovna-za-web-FA.png\",\"contentUrl\":\"https:\/\/haz.hr\/wp-content\/uploads\/2024\/12\/naslovna-za-web-FA.png\",\"width\":5760,\"height\":3240},{\"@type\":\"BreadcrumbList\",\"@id\":\"https:\/\/haz.hr\/2024\/12\/08\/hazef-najavljuje-4-izdanje-konferencije-financijska-akademija\/#breadcrumb\",\"itemListElement\":[{\"@type\":\"ListItem\",\"position\":1,\"name\":\"Home\",\"item\":\"https:\/\/haz.hr\/\"},{\"@type\":\"ListItem\",\"position\":2,\"name\":\"HAZef najavljuje 4. izdanje konferencije &#8220;Financijska akademija&#8221;\"}]},{\"@type\":\"WebSite\",\"@id\":\"https:\/\/haz.hr\/#website\",\"url\":\"https:\/\/haz.hr\/\",\"name\":\"HAZ\",\"description\":\"Hrvatska akademska zajednica\",\"publisher\":{\"@id\":\"https:\/\/haz.hr\/#organization\"},\"potentialAction\":[{\"@type\":\"SearchAction\",\"target\":{\"@type\":\"EntryPoint\",\"urlTemplate\":\"https:\/\/haz.hr\/?s={search_term_string}\"},\"query-input\":{\"@type\":\"PropertyValueSpecification\",\"valueRequired\":true,\"valueName\":\"search_term_string\"}}],\"inLanguage\":\"en-GB\"},{\"@type\":\"Organization\",\"@id\":\"https:\/\/haz.hr\/#organization\",\"name\":\"HAZ\",\"url\":\"https:\/\/haz.hr\/\",\"logo\":{\"@type\":\"ImageObject\",\"inLanguage\":\"en-GB\",\"@id\":\"https:\/\/haz.hr\/#\/schema\/logo\/image\/\",\"url\":\"https:\/\/haz.hr\/wp-content\/uploads\/2022\/12\/cropped-HAZ_logo.png\",\"contentUrl\":\"https:\/\/haz.hr\/wp-content\/uploads\/2022\/12\/cropped-HAZ_logo.png\",\"width\":125,\"height\":76,\"caption\":\"HAZ\"},\"image\":{\"@id\":\"https:\/\/haz.hr\/#\/schema\/logo\/image\/\"}},{\"@type\":\"Person\",\"@id\":\"https:\/\/haz.hr\/#\/schema\/person\/e4af13935d8129e2ddeb8c531d90ec00\",\"name\":\"Sara Karoglan\",\"image\":{\"@type\":\"ImageObject\",\"inLanguage\":\"en-GB\",\"@id\":\"https:\/\/haz.hr\/#\/schema\/person\/image\/\",\"url\":\"https:\/\/secure.gravatar.com\/avatar\/dbd58fc85d967a33dcf84dca2f611ee267a6acc3285c0c745974a4f6ba0bba90?s=96&d=mm&r=g\",\"contentUrl\":\"https:\/\/secure.gravatar.com\/avatar\/dbd58fc85d967a33dcf84dca2f611ee267a6acc3285c0c745974a4f6ba0bba90?s=96&d=mm&r=g\",\"caption\":\"Sara Karoglan\"},\"sameAs\":[\"http:\/\/haz.hr\"],\"url\":\"https:\/\/haz.hr\/en\/author\/skarloglan\/\"}]}<\/script>\n<!-- \/ Yoast SEO plugin. -->","yoast_head_json":{"title":"HAZef najavljuje 4. izdanje konferencije \"Financijska akademija\" - HAZ","robots":{"index":"index","follow":"follow","max-snippet":"max-snippet:-1","max-image-preview":"max-image-preview:large","max-video-preview":"max-video-preview:-1"},"canonical":"https:\/\/haz.hr\/en\/2024\/12\/08\/hazef-najavljuje-4-izdanje-konferencije-financijska-akademija\/","og_locale":"en_GB","og_type":"article","og_title":"HAZef najavljuje 4. izdanje konferencije \"Financijska akademija\" - HAZ","og_description":"Hrvatska akademska zajednica Ekonomskog fakulteta s ponosom najavljuje \u010detvrto izdanje Financijske akademije. Ova konferencija okuplja eminentne stru\u010dnjake iz financijskog sektora koji su spremni podijeliti svoje bogato znanje i iskustvo s [&hellip;]","og_url":"https:\/\/haz.hr\/en\/2024\/12\/08\/hazef-najavljuje-4-izdanje-konferencije-financijska-akademija\/","og_site_name":"HAZ","article_published_time":"2024-12-08T21:40:08+00:00","article_modified_time":"2024-12-08T21:40:09+00:00","og_image":[{"width":1024,"height":576,"url":"https:\/\/haz.hr\/wp-content\/uploads\/2024\/12\/naslovna-za-web-FA-1024x576.png","type":"image\/png"}],"author":"Sara Karoglan","twitter_card":"summary_large_image","twitter_misc":{"Written by":"Sara Karoglan","Est. reading time":"3 minutes"},"schema":{"@context":"https:\/\/schema.org","@graph":[{"@type":"Article","@id":"https:\/\/haz.hr\/2024\/12\/08\/hazef-najavljuje-4-izdanje-konferencije-financijska-akademija\/#article","isPartOf":{"@id":"https:\/\/haz.hr\/2024\/12\/08\/hazef-najavljuje-4-izdanje-konferencije-financijska-akademija\/"},"author":{"name":"Sara Karoglan","@id":"https:\/\/haz.hr\/#\/schema\/person\/e4af13935d8129e2ddeb8c531d90ec00"},"headline":"HAZef najavljuje 4. izdanje konferencije &#8220;Financijska akademija&#8221;","datePublished":"2024-12-08T21:40:08+00:00","dateModified":"2024-12-08T21:40:09+00:00","mainEntityOfPage":{"@id":"https:\/\/haz.hr\/2024\/12\/08\/hazef-najavljuje-4-izdanje-konferencije-financijska-akademija\/"},"wordCount":330,"commentCount":0,"publisher":{"@id":"https:\/\/haz.hr\/#organization"},"image":{"@id":"https:\/\/haz.hr\/2024\/12\/08\/hazef-najavljuje-4-izdanje-konferencije-financijska-akademija\/#primaryimage"},"thumbnailUrl":"https:\/\/haz.hr\/wp-content\/uploads\/2024\/12\/naslovna-za-web-FA.png","articleSection":["HAZ novosti","HAZ UniZg novosti","HAZef novosti"],"inLanguage":"en-GB","potentialAction":[{"@type":"CommentAction","name":"Comment","target":["https:\/\/haz.hr\/2024\/12\/08\/hazef-najavljuje-4-izdanje-konferencije-financijska-akademija\/#respond"]}]},{"@type":"WebPage","@id":"https:\/\/haz.hr\/2024\/12\/08\/hazef-najavljuje-4-izdanje-konferencije-financijska-akademija\/","url":"https:\/\/haz.hr\/2024\/12\/08\/hazef-najavljuje-4-izdanje-konferencije-financijska-akademija\/","name":"HAZef najavljuje 4. izdanje konferencije \"Financijska akademija\" - HAZ","isPartOf":{"@id":"https:\/\/haz.hr\/#website"},"primaryImageOfPage":{"@id":"https:\/\/haz.hr\/2024\/12\/08\/hazef-najavljuje-4-izdanje-konferencije-financijska-akademija\/#primaryimage"},"image":{"@id":"https:\/\/haz.hr\/2024\/12\/08\/hazef-najavljuje-4-izdanje-konferencije-financijska-akademija\/#primaryimage"},"thumbnailUrl":"https:\/\/haz.hr\/wp-content\/uploads\/2024\/12\/naslovna-za-web-FA.png","datePublished":"2024-12-08T21:40:08+00:00","dateModified":"2024-12-08T21:40:09+00:00","breadcrumb":{"@id":"https:\/\/haz.hr\/2024\/12\/08\/hazef-najavljuje-4-izdanje-konferencije-financijska-akademija\/#breadcrumb"},"inLanguage":"en-GB","potentialAction":[{"@type":"ReadAction","target":["https:\/\/haz.hr\/2024\/12\/08\/hazef-najavljuje-4-izdanje-konferencije-financijska-akademija\/"]}]},{"@type":"ImageObject","inLanguage":"en-GB","@id":"https:\/\/haz.hr\/2024\/12\/08\/hazef-najavljuje-4-izdanje-konferencije-financijska-akademija\/#primaryimage","url":"https:\/\/haz.hr\/wp-content\/uploads\/2024\/12\/naslovna-za-web-FA.png","contentUrl":"https:\/\/haz.hr\/wp-content\/uploads\/2024\/12\/naslovna-za-web-FA.png","width":5760,"height":3240},{"@type":"BreadcrumbList","@id":"https:\/\/haz.hr\/2024\/12\/08\/hazef-najavljuje-4-izdanje-konferencije-financijska-akademija\/#breadcrumb","itemListElement":[{"@type":"ListItem","position":1,"name":"Home","item":"https:\/\/haz.hr\/"},{"@type":"ListItem","position":2,"name":"HAZef najavljuje 4. izdanje konferencije &#8220;Financijska akademija&#8221;"}]},{"@type":"WebSite","@id":"https:\/\/haz.hr\/#website","url":"https:\/\/haz.hr\/","name":"HAZ","description":"Croatian Academic Community","publisher":{"@id":"https:\/\/haz.hr\/#organization"},"potentialAction":[{"@type":"SearchAction","target":{"@type":"EntryPoint","urlTemplate":"https:\/\/haz.hr\/?s={search_term_string}"},"query-input":{"@type":"PropertyValueSpecification","valueRequired":true,"valueName":"search_term_string"}}],"inLanguage":"en-GB"},{"@type":"Organization","@id":"https:\/\/haz.hr\/#organization","name":"HAZ","url":"https:\/\/haz.hr\/","logo":{"@type":"ImageObject","inLanguage":"en-GB","@id":"https:\/\/haz.hr\/#\/schema\/logo\/image\/","url":"https:\/\/haz.hr\/wp-content\/uploads\/2022\/12\/cropped-HAZ_logo.png","contentUrl":"https:\/\/haz.hr\/wp-content\/uploads\/2022\/12\/cropped-HAZ_logo.png","width":125,"height":76,"caption":"HAZ"},"image":{"@id":"https:\/\/haz.hr\/#\/schema\/logo\/image\/"}},{"@type":"Person","@id":"https:\/\/haz.hr\/#\/schema\/person\/e4af13935d8129e2ddeb8c531d90ec00","name":"Sara Karoglan","image":{"@type":"ImageObject","inLanguage":"en-GB","@id":"https:\/\/haz.hr\/#\/schema\/person\/image\/","url":"https:\/\/secure.gravatar.com\/avatar\/dbd58fc85d967a33dcf84dca2f611ee267a6acc3285c0c745974a4f6ba0bba90?s=96&d=mm&r=g","contentUrl":"https:\/\/secure.gravatar.com\/avatar\/dbd58fc85d967a33dcf84dca2f611ee267a6acc3285c0c745974a4f6ba0bba90?s=96&d=mm&r=g","caption":"Sara Karoglan"},"sameAs":["http:\/\/haz.hr"],"url":"https:\/\/haz.hr\/en\/author\/skarloglan\/"}]}},"_links":{"self":[{"href":"https:\/\/haz.hr\/en\/wp-json\/wp\/v2\/posts\/3270","targetHints":{"allow":["GET"]}}],"collection":[{"href":"https:\/\/haz.hr\/en\/wp-json\/wp\/v2\/posts"}],"about":[{"href":"https:\/\/haz.hr\/en\/wp-json\/wp\/v2\/types\/post"}],"author":[{"embeddable":true,"href":"https:\/\/haz.hr\/en\/wp-json\/wp\/v2\/users\/19"}],"replies":[{"embeddable":true,"href":"https:\/\/haz.hr\/en\/wp-json\/wp\/v2\/comments?post=3270"}],"version-history":[{"count":1,"href":"https:\/\/haz.hr\/en\/wp-json\/wp\/v2\/posts\/3270\/revisions"}],"predecessor-version":[{"id":3274,"href":"https:\/\/haz.hr\/en\/wp-json\/wp\/v2\/posts\/3270\/revisions\/3274"}],"wp:featuredmedia":[{"embeddable":true,"href":"https:\/\/haz.hr\/en\/wp-json\/wp\/v2\/media\/3271"}],"wp:attachment":[{"href":"https:\/\/haz.hr\/en\/wp-json\/wp\/v2\/media?parent=3270"}],"wp:term":[{"taxonomy":"category","embeddable":true,"href":"https:\/\/haz.hr\/en\/wp-json\/wp\/v2\/categories?post=3270"},{"taxonomy":"post_tag","embeddable":true,"href":"https:\/\/haz.hr\/en\/wp-json\/wp\/v2\/tags?post=3270"}],"curies":[{"name":"wp","href":"https:\/\/api.w.org\/{rel}","templated":true}]}}