{"id":3393,"date":"2025-03-18T08:00:00","date_gmt":"2025-03-18T08:00:00","guid":{"rendered":"https:\/\/haz.hr\/?p=3393"},"modified":"2025-03-18T08:24:30","modified_gmt":"2025-03-18T08:24:30","slug":"hazef-najavljuje-konferenciju-new-wave-akademija-kljuc-uspjeha-na-trzistu-rada-buducnosti","status":"publish","type":"post","link":"https:\/\/haz.hr\/en\/2025\/03\/18\/hazef-najavljuje-konferenciju-new-wave-akademija-kljuc-uspjeha-na-trzistu-rada-buducnosti\/","title":{"rendered":"HAZef najavljuje konferenciju &#8220;New Wave akademija: Klju\u010d uspjeha na tr\u017ei\u0161tu rada budu\u0107nosti&#8221;"},"content":{"rendered":"<p class=\"wp-block-paragraph\"><strong>Hrvatska akademska zajednica Ekonomskog fakulteta<\/strong> u Zagrebu<strong> (HAZef)<\/strong> s ponosom najavljuje<strong> New Wave akademiju<\/strong>, jednodnevnu konferenciju posve\u0107enu klju\u010dnim izazovima i prilikama na tr\u017ei\u0161tu rada. Kroz predavanja, panel diskusije i interaktivne radionice, sudionici \u0107e dobiti konkretne uvide u <strong>suvremene trendove zapo\u0161ljavanja<\/strong>, pripremu za tr\u017ei\u0161te rada te razvoj klju\u010dnih profesionalnih vje\u0161tina.<\/p>\n\n\n\n<p class=\"wp-block-paragraph\">Konferencija \u0107e se odr\u017eati <strong>20. o\u017eujka <\/strong>2025. godinena<strong> Fakultetu prometnih znanosti u Zagrebu <\/strong>(Vukeli\u0107eva ulica 4),<strong> od 11:00 do 15:00 sati.<\/strong><\/p>\n\n\n\n<p class=\"wp-block-paragraph\"><strong>O programu<\/strong><\/p>\n\n\n\n<p class=\"wp-block-paragraph\">New Wave akademija pru\u017ea studentima i mladim profesionalcima priliku za povezivanje s vode\u0107im stru\u010dnjacima iz industrije te uvid u aktualne promjene na tr\u017ei\u0161tu rada. Poseban naglasak bit \u0107e stavljen na <strong>generacijske promjene u pristupu zapo\u0161ljavanja<\/strong>, tehnolo\u0161ke inovacije u selekcijskim procesima te <strong><em>klju\u010dne korake<\/em> za uspje\u0161an po\u010detak karijere<\/strong>.<\/p>\n\n\n\n<p class=\"wp-block-paragraph\"><strong>Sudionici \u0107e imati priliku nau\u010diti<\/strong>:<\/p>\n\n\n\n<ul class=\"wp-block-list\">\n<li>Kako se istaknuti na tr\u017ei\u0161tu rada kroz<strong> kvalitetan CV<\/strong> i motivacijsko pismo<\/li>\n\n\n\n<li>Kako se pripremiti za <strong>prvi razgovor za posao<\/strong> i impresionirati poslodavce<\/li>\n\n\n\n<li>Kako<strong> umjetna inteligencija<\/strong> mijenja HR procese i selekcijske postupke<\/li>\n\n\n\n<li>Koji su izazovi i mogu\u0107nosti<strong> hibridnoga rada<\/strong> te generacijske razlike na radnom mjestu<\/li>\n\n\n\n<li>Kako odr\u017eati mentalno zdravlje <strong>i izbje\u0107i <em>burnout<\/em> u profesionalnom okru\u017eenju<\/strong> <\/li>\n<\/ul>\n\n\n\n<p class=\"wp-block-paragraph\"> <\/p>\n\n\n\n<p class=\"wp-block-paragraph\"><strong>Predava\u010di i panelisti<\/strong><\/p>\n\n\n\n<p class=\"wp-block-paragraph\">Na konferenciji \u0107e sudjelovati <strong>vode\u0107i stru\u010dnjaci iz podru\u010dja ljudskih resursa (HR)<\/strong> i poslovnog razvoja, me\u0111u kojima su: <strong>Sla\u0111ana Boji\u0107 Andri\u0107<\/strong> (Voditeljica ljudskih resursa,<strong> OTP Leasing<\/strong>), <strong>Petra U\u017ear<\/strong> (Voditeljica ljudskih potencijala,<strong> PwC Hrvatska<\/strong>) i <strong>Emilija Spaji\u0107 <\/strong>(Zamjenica direktora za ljudske resurse, <strong>TAPI<\/strong>), koji \u0107e kroz panel raspravu istra\u017eivati evoluciju radnog svijeta i izazove s kojima se suo\u010davaju nove generacije zaposlenika. <strong>Mitja Ru\u017eoj\u010di\u0107<\/strong>&nbsp; (Izvanredni profesor, <strong>FFZG<\/strong>) odr\u017eat \u0107e predavanje o pametnoj regrutaciji i utjecaju AI-a na poslovne procese, dok \u0107e <strong>Maja Parma\u010d Kova\u010di\u0107<\/strong> (Izvanredna profesorica na Katedri za psihologiju rada i ergonomiju,<strong> FFZG<\/strong>), <strong>Maks Vartu\u0161ek<\/strong> (CEO<strong>, Ding<\/strong>) i <strong>Lorena Smokvina&nbsp; Jelusi\u0107<\/strong> (HR poslovni partner,<strong> Coca-Cola HBC<\/strong>) analizirati Generaciju Z na tr\u017ei\u0161tu rada kroz panel &#8220;Hit ili mit?&#8221;. <strong>Snje\u017eana Ljubi\u0107 (konzultantica, coach, mentorica)) i Tatjana Ivankovi\u010d (akreditirani coach i mentorica)<\/strong> predstavit \u0107e simulaciju selekcijskog postupka, a <strong>Anita Lauri Korajlija<\/strong> (Pro\u010delnica Odsjeka za psihologiju <strong>, FFZG<\/strong>) odr\u017eat \u0107e predavanje o tome kako uspje\u0161no (pre)\u017eivjeti poslovni svijet.<\/p>\n\n\n\n<p class=\"wp-block-paragraph\"><strong>Za\u0161to sudjelovati?<\/strong><\/p>\n\n\n\n<p class=\"wp-block-paragraph\">New Wave akademija pru\u017ea sudionicima konkretne vje\u0161tine kao \u0161to su primjena AI-a u selekciji kandidata, kori\u0161tenje digitalnih alata za analizu tr\u017ei\u0161ta rada te smjernice za uspje\u0161nu prilagodbu hibridnim modelima rada. Nau\u010dit \u0107ete <strong>kako upravljati osobnim brandom<\/strong>, razviti komunikacijske vje\u0161tine za efektivan networking i <strong>prepoznati prilike u modernom poslovnom okru\u017eenju<\/strong>. Jeste li spremni <strong>preuzeti kontrolu nad svojom karijerom<\/strong> i ste\u0107i konkurentsku prednost koja \u0107e vam omogu\u0107iti da s ve\u0107im samopouzdanjem zakora\u010dite u poslovni svijet?<\/p>\n\n\n\n<p class=\"wp-block-paragraph\">Ako je odgovor<strong> \u201cDA!\u201d<\/strong>, <strong>prijavi se putem obrasca<\/strong>: <a href=\"https:\/\/docs.google.com\/forms\/d\/e\/1FAIpQLSdhaCYLU_tTyTy80x-fVpTOtsUbMOtjfqDHW8MsQ_x6_Rf8bA\/viewform?usp=sf_link\">Prijavni obrazac!<\/a><\/p>\n\n\n\n<p class=\"wp-block-paragraph\"><strong>Prijave su BESPLATNE<\/strong>, ali mjesta su ograni\u010dena!<\/p>\n\n\n\n<p class=\"wp-block-paragraph\"><strong>Pridru\u017ei se<\/strong> i osiguraj svoje mjesto na konferenciji koja mijenja na\u010din na koji <em>mi<\/em>, Generacija Z, razmi\u0161ljamo o karijeri i tr\u017ei\u0161tu rada. <\/p>\n\n\n\n<figure class=\"wp-block-image size-full\"><img fetchpriority=\"high\" decoding=\"async\" width=\"672\" height=\"670\" src=\"https:\/\/haz.hr\/wp-content\/uploads\/2025\/03\/image-4.png\" alt=\"\" class=\"wp-image-3400\" srcset=\"https:\/\/haz.hr\/wp-content\/uploads\/2025\/03\/image-4.png 672w, https:\/\/haz.hr\/wp-content\/uploads\/2025\/03\/image-4-300x300.png 300w, https:\/\/haz.hr\/wp-content\/uploads\/2025\/03\/image-4-150x150.png 150w\" sizes=\"(max-width: 672px) 100vw, 672px\" \/><\/figure>\n\n\n\n<figure class=\"wp-block-image size-full\"><img decoding=\"async\" width=\"675\" height=\"672\" src=\"https:\/\/haz.hr\/wp-content\/uploads\/2025\/03\/image-6.png\" alt=\"\" class=\"wp-image-3402\" srcset=\"https:\/\/haz.hr\/wp-content\/uploads\/2025\/03\/image-6.png 675w, https:\/\/haz.hr\/wp-content\/uploads\/2025\/03\/image-6-300x300.png 300w, https:\/\/haz.hr\/wp-content\/uploads\/2025\/03\/image-6-150x150.png 150w\" sizes=\"(max-width: 675px) 100vw, 675px\" \/><\/figure>\n\n\n\n<figure class=\"wp-block-image size-full\"><img decoding=\"async\" width=\"672\" height=\"668\" src=\"https:\/\/haz.hr\/wp-content\/uploads\/2025\/03\/image-8.png\" alt=\"\" class=\"wp-image-3404\" srcset=\"https:\/\/haz.hr\/wp-content\/uploads\/2025\/03\/image-8.png 672w, https:\/\/haz.hr\/wp-content\/uploads\/2025\/03\/image-8-300x298.png 300w, https:\/\/haz.hr\/wp-content\/uploads\/2025\/03\/image-8-150x150.png 150w\" sizes=\"(max-width: 672px) 100vw, 672px\" \/><\/figure>","protected":false},"excerpt":{"rendered":"<p>Hrvatska akademska zajednica Ekonomskog fakulteta u Zagrebu (HAZef) s ponosom najavljuje New Wave akademiju, jednodnevnu konferenciju posve\u0107enu klju\u010dnim izazovima i prilikama na tr\u017ei\u0161tu rada. Kroz predavanja, panel diskusije i interaktivne [&hellip;]<\/p>\n","protected":false},"author":19,"featured_media":3405,"comment_status":"open","ping_status":"open","sticky":false,"template":"","format":"standard","meta":{"footnotes":""},"categories":[14,10,11],"tags":[24,28,50],"class_list":["post-3393","post","type-post","status-publish","format-standard","has-post-thumbnail","hentry","category-haz-novosti","category-haz-unizg","category-hazef-novosti","tag-haz","tag-konferencija","tag-new-wave"],"yoast_head":"<!-- This site is optimized with the Yoast SEO plugin v23.7 - https:\/\/yoast.com\/wordpress\/plugins\/seo\/ -->\n<title>HAZef najavljuje konferenciju &quot;New Wave akademija: Klju\u010d uspjeha na tr\u017ei\u0161tu rada budu\u0107nosti&quot; - HAZ<\/title>\n<meta name=\"robots\" content=\"index, follow, max-snippet:-1, max-image-preview:large, max-video-preview:-1\" \/>\n<link rel=\"canonical\" href=\"https:\/\/haz.hr\/en\/2025\/03\/18\/hazef-najavljuje-konferenciju-new-wave-akademija-kljuc-uspjeha-na-trzistu-rada-buducnosti\/\" \/>\n<meta property=\"og:locale\" content=\"en_GB\" \/>\n<meta property=\"og:type\" content=\"article\" \/>\n<meta property=\"og:title\" content=\"HAZef najavljuje konferenciju &quot;New Wave akademija: Klju\u010d uspjeha na tr\u017ei\u0161tu rada budu\u0107nosti&quot; - HAZ\" \/>\n<meta property=\"og:description\" content=\"Hrvatska akademska zajednica Ekonomskog fakulteta u Zagrebu (HAZef) s ponosom najavljuje New Wave akademiju, jednodnevnu konferenciju posve\u0107enu klju\u010dnim izazovima i prilikama na tr\u017ei\u0161tu rada. Kroz predavanja, panel diskusije i interaktivne [&hellip;]\" \/>\n<meta property=\"og:url\" content=\"https:\/\/haz.hr\/en\/2025\/03\/18\/hazef-najavljuje-konferenciju-new-wave-akademija-kljuc-uspjeha-na-trzistu-rada-buducnosti\/\" \/>\n<meta property=\"og:site_name\" content=\"HAZ\" \/>\n<meta property=\"article:published_time\" content=\"2025-03-18T08:00:00+00:00\" \/>\n<meta property=\"article:modified_time\" content=\"2025-03-18T08:24:30+00:00\" \/>\n<meta property=\"og:image\" content=\"https:\/\/haz.hr\/wp-content\/uploads\/2025\/03\/new-wavw-slika-scaled.jpg\" \/>\n\t<meta property=\"og:image:width\" content=\"2560\" \/>\n\t<meta property=\"og:image:height\" content=\"1440\" \/>\n\t<meta property=\"og:image:type\" content=\"image\/jpeg\" \/>\n<meta name=\"author\" content=\"Sara Karoglan\" \/>\n<meta name=\"twitter:card\" content=\"summary_large_image\" \/>\n<meta name=\"twitter:label1\" content=\"Written by\" \/>\n\t<meta name=\"twitter:data1\" content=\"Sara Karoglan\" \/>\n\t<meta name=\"twitter:label2\" content=\"Est. reading time\" \/>\n\t<meta name=\"twitter:data2\" content=\"4 minutes\" \/>\n<script type=\"application\/ld+json\" class=\"yoast-schema-graph\">{\"@context\":\"https:\/\/schema.org\",\"@graph\":[{\"@type\":\"Article\",\"@id\":\"https:\/\/haz.hr\/2025\/03\/18\/hazef-najavljuje-konferenciju-new-wave-akademija-kljuc-uspjeha-na-trzistu-rada-buducnosti\/#article\",\"isPartOf\":{\"@id\":\"https:\/\/haz.hr\/2025\/03\/18\/hazef-najavljuje-konferenciju-new-wave-akademija-kljuc-uspjeha-na-trzistu-rada-buducnosti\/\"},\"author\":{\"name\":\"Sara Karoglan\",\"@id\":\"https:\/\/haz.hr\/#\/schema\/person\/e4af13935d8129e2ddeb8c531d90ec00\"},\"headline\":\"HAZef najavljuje konferenciju &#8220;New Wave akademija: Klju\u010d uspjeha na tr\u017ei\u0161tu rada budu\u0107nosti&#8221;\",\"datePublished\":\"2025-03-18T08:00:00+00:00\",\"dateModified\":\"2025-03-18T08:24:30+00:00\",\"mainEntityOfPage\":{\"@id\":\"https:\/\/haz.hr\/2025\/03\/18\/hazef-najavljuje-konferenciju-new-wave-akademija-kljuc-uspjeha-na-trzistu-rada-buducnosti\/\"},\"wordCount\":529,\"commentCount\":0,\"publisher\":{\"@id\":\"https:\/\/haz.hr\/#organization\"},\"image\":{\"@id\":\"https:\/\/haz.hr\/2025\/03\/18\/hazef-najavljuje-konferenciju-new-wave-akademija-kljuc-uspjeha-na-trzistu-rada-buducnosti\/#primaryimage\"},\"thumbnailUrl\":\"https:\/\/haz.hr\/wp-content\/uploads\/2025\/03\/new-wavw-slika-scaled.jpg\",\"keywords\":[\"HAZ\",\"konferencija\",\"New Wave\"],\"articleSection\":[\"HAZ novosti\",\"HAZ UniZg novosti\",\"HAZef novosti\"],\"inLanguage\":\"en-GB\",\"potentialAction\":[{\"@type\":\"CommentAction\",\"name\":\"Comment\",\"target\":[\"https:\/\/haz.hr\/2025\/03\/18\/hazef-najavljuje-konferenciju-new-wave-akademija-kljuc-uspjeha-na-trzistu-rada-buducnosti\/#respond\"]}]},{\"@type\":\"WebPage\",\"@id\":\"https:\/\/haz.hr\/2025\/03\/18\/hazef-najavljuje-konferenciju-new-wave-akademija-kljuc-uspjeha-na-trzistu-rada-buducnosti\/\",\"url\":\"https:\/\/haz.hr\/2025\/03\/18\/hazef-najavljuje-konferenciju-new-wave-akademija-kljuc-uspjeha-na-trzistu-rada-buducnosti\/\",\"name\":\"HAZef najavljuje konferenciju \\\"New Wave akademija: Klju\u010d uspjeha na tr\u017ei\u0161tu rada budu\u0107nosti\\\" - HAZ\",\"isPartOf\":{\"@id\":\"https:\/\/haz.hr\/#website\"},\"primaryImageOfPage\":{\"@id\":\"https:\/\/haz.hr\/2025\/03\/18\/hazef-najavljuje-konferenciju-new-wave-akademija-kljuc-uspjeha-na-trzistu-rada-buducnosti\/#primaryimage\"},\"image\":{\"@id\":\"https:\/\/haz.hr\/2025\/03\/18\/hazef-najavljuje-konferenciju-new-wave-akademija-kljuc-uspjeha-na-trzistu-rada-buducnosti\/#primaryimage\"},\"thumbnailUrl\":\"https:\/\/haz.hr\/wp-content\/uploads\/2025\/03\/new-wavw-slika-scaled.jpg\",\"datePublished\":\"2025-03-18T08:00:00+00:00\",\"dateModified\":\"2025-03-18T08:24:30+00:00\",\"breadcrumb\":{\"@id\":\"https:\/\/haz.hr\/2025\/03\/18\/hazef-najavljuje-konferenciju-new-wave-akademija-kljuc-uspjeha-na-trzistu-rada-buducnosti\/#breadcrumb\"},\"inLanguage\":\"en-GB\",\"potentialAction\":[{\"@type\":\"ReadAction\",\"target\":[\"https:\/\/haz.hr\/2025\/03\/18\/hazef-najavljuje-konferenciju-new-wave-akademija-kljuc-uspjeha-na-trzistu-rada-buducnosti\/\"]}]},{\"@type\":\"ImageObject\",\"inLanguage\":\"en-GB\",\"@id\":\"https:\/\/haz.hr\/2025\/03\/18\/hazef-najavljuje-konferenciju-new-wave-akademija-kljuc-uspjeha-na-trzistu-rada-buducnosti\/#primaryimage\",\"url\":\"https:\/\/haz.hr\/wp-content\/uploads\/2025\/03\/new-wavw-slika-scaled.jpg\",\"contentUrl\":\"https:\/\/haz.hr\/wp-content\/uploads\/2025\/03\/new-wavw-slika-scaled.jpg\",\"width\":2560,\"height\":1440},{\"@type\":\"BreadcrumbList\",\"@id\":\"https:\/\/haz.hr\/2025\/03\/18\/hazef-najavljuje-konferenciju-new-wave-akademija-kljuc-uspjeha-na-trzistu-rada-buducnosti\/#breadcrumb\",\"itemListElement\":[{\"@type\":\"ListItem\",\"position\":1,\"name\":\"Home\",\"item\":\"https:\/\/haz.hr\/\"},{\"@type\":\"ListItem\",\"position\":2,\"name\":\"HAZef najavljuje konferenciju &#8220;New Wave akademija: Klju\u010d uspjeha na tr\u017ei\u0161tu rada budu\u0107nosti&#8221;\"}]},{\"@type\":\"WebSite\",\"@id\":\"https:\/\/haz.hr\/#website\",\"url\":\"https:\/\/haz.hr\/\",\"name\":\"HAZ\",\"description\":\"Hrvatska akademska zajednica\",\"publisher\":{\"@id\":\"https:\/\/haz.hr\/#organization\"},\"potentialAction\":[{\"@type\":\"SearchAction\",\"target\":{\"@type\":\"EntryPoint\",\"urlTemplate\":\"https:\/\/haz.hr\/?s={search_term_string}\"},\"query-input\":{\"@type\":\"PropertyValueSpecification\",\"valueRequired\":true,\"valueName\":\"search_term_string\"}}],\"inLanguage\":\"en-GB\"},{\"@type\":\"Organization\",\"@id\":\"https:\/\/haz.hr\/#organization\",\"name\":\"HAZ\",\"url\":\"https:\/\/haz.hr\/\",\"logo\":{\"@type\":\"ImageObject\",\"inLanguage\":\"en-GB\",\"@id\":\"https:\/\/haz.hr\/#\/schema\/logo\/image\/\",\"url\":\"https:\/\/haz.hr\/wp-content\/uploads\/2022\/12\/cropped-HAZ_logo.png\",\"contentUrl\":\"https:\/\/haz.hr\/wp-content\/uploads\/2022\/12\/cropped-HAZ_logo.png\",\"width\":125,\"height\":76,\"caption\":\"HAZ\"},\"image\":{\"@id\":\"https:\/\/haz.hr\/#\/schema\/logo\/image\/\"}},{\"@type\":\"Person\",\"@id\":\"https:\/\/haz.hr\/#\/schema\/person\/e4af13935d8129e2ddeb8c531d90ec00\",\"name\":\"Sara Karoglan\",\"image\":{\"@type\":\"ImageObject\",\"inLanguage\":\"en-GB\",\"@id\":\"https:\/\/haz.hr\/#\/schema\/person\/image\/\",\"url\":\"https:\/\/secure.gravatar.com\/avatar\/dbd58fc85d967a33dcf84dca2f611ee267a6acc3285c0c745974a4f6ba0bba90?s=96&d=mm&r=g\",\"contentUrl\":\"https:\/\/secure.gravatar.com\/avatar\/dbd58fc85d967a33dcf84dca2f611ee267a6acc3285c0c745974a4f6ba0bba90?s=96&d=mm&r=g\",\"caption\":\"Sara Karoglan\"},\"sameAs\":[\"http:\/\/haz.hr\"],\"url\":\"https:\/\/haz.hr\/en\/author\/skarloglan\/\"}]}<\/script>\n<!-- \/ Yoast SEO plugin. -->","yoast_head_json":{"title":"HAZef najavljuje konferenciju \"New Wave akademija: Klju\u010d uspjeha na tr\u017ei\u0161tu rada budu\u0107nosti\" - HAZ","robots":{"index":"index","follow":"follow","max-snippet":"max-snippet:-1","max-image-preview":"max-image-preview:large","max-video-preview":"max-video-preview:-1"},"canonical":"https:\/\/haz.hr\/en\/2025\/03\/18\/hazef-najavljuje-konferenciju-new-wave-akademija-kljuc-uspjeha-na-trzistu-rada-buducnosti\/","og_locale":"en_GB","og_type":"article","og_title":"HAZef najavljuje konferenciju \"New Wave akademija: Klju\u010d uspjeha na tr\u017ei\u0161tu rada budu\u0107nosti\" - HAZ","og_description":"Hrvatska akademska zajednica Ekonomskog fakulteta u Zagrebu (HAZef) s ponosom najavljuje New Wave akademiju, jednodnevnu konferenciju posve\u0107enu klju\u010dnim izazovima i prilikama na tr\u017ei\u0161tu rada. Kroz predavanja, panel diskusije i interaktivne [&hellip;]","og_url":"https:\/\/haz.hr\/en\/2025\/03\/18\/hazef-najavljuje-konferenciju-new-wave-akademija-kljuc-uspjeha-na-trzistu-rada-buducnosti\/","og_site_name":"HAZ","article_published_time":"2025-03-18T08:00:00+00:00","article_modified_time":"2025-03-18T08:24:30+00:00","og_image":[{"width":2560,"height":1440,"url":"https:\/\/haz.hr\/wp-content\/uploads\/2025\/03\/new-wavw-slika-scaled.jpg","type":"image\/jpeg"}],"author":"Sara Karoglan","twitter_card":"summary_large_image","twitter_misc":{"Written by":"Sara Karoglan","Est. reading time":"4 minutes"},"schema":{"@context":"https:\/\/schema.org","@graph":[{"@type":"Article","@id":"https:\/\/haz.hr\/2025\/03\/18\/hazef-najavljuje-konferenciju-new-wave-akademija-kljuc-uspjeha-na-trzistu-rada-buducnosti\/#article","isPartOf":{"@id":"https:\/\/haz.hr\/2025\/03\/18\/hazef-najavljuje-konferenciju-new-wave-akademija-kljuc-uspjeha-na-trzistu-rada-buducnosti\/"},"author":{"name":"Sara Karoglan","@id":"https:\/\/haz.hr\/#\/schema\/person\/e4af13935d8129e2ddeb8c531d90ec00"},"headline":"HAZef najavljuje konferenciju &#8220;New Wave akademija: Klju\u010d uspjeha na tr\u017ei\u0161tu rada budu\u0107nosti&#8221;","datePublished":"2025-03-18T08:00:00+00:00","dateModified":"2025-03-18T08:24:30+00:00","mainEntityOfPage":{"@id":"https:\/\/haz.hr\/2025\/03\/18\/hazef-najavljuje-konferenciju-new-wave-akademija-kljuc-uspjeha-na-trzistu-rada-buducnosti\/"},"wordCount":529,"commentCount":0,"publisher":{"@id":"https:\/\/haz.hr\/#organization"},"image":{"@id":"https:\/\/haz.hr\/2025\/03\/18\/hazef-najavljuje-konferenciju-new-wave-akademija-kljuc-uspjeha-na-trzistu-rada-buducnosti\/#primaryimage"},"thumbnailUrl":"https:\/\/haz.hr\/wp-content\/uploads\/2025\/03\/new-wavw-slika-scaled.jpg","keywords":["HAZ","konferencija","New Wave"],"articleSection":["HAZ novosti","HAZ UniZg novosti","HAZef novosti"],"inLanguage":"en-GB","potentialAction":[{"@type":"CommentAction","name":"Comment","target":["https:\/\/haz.hr\/2025\/03\/18\/hazef-najavljuje-konferenciju-new-wave-akademija-kljuc-uspjeha-na-trzistu-rada-buducnosti\/#respond"]}]},{"@type":"WebPage","@id":"https:\/\/haz.hr\/2025\/03\/18\/hazef-najavljuje-konferenciju-new-wave-akademija-kljuc-uspjeha-na-trzistu-rada-buducnosti\/","url":"https:\/\/haz.hr\/2025\/03\/18\/hazef-najavljuje-konferenciju-new-wave-akademija-kljuc-uspjeha-na-trzistu-rada-buducnosti\/","name":"HAZef najavljuje konferenciju \"New Wave akademija: Klju\u010d uspjeha na tr\u017ei\u0161tu rada budu\u0107nosti\" - HAZ","isPartOf":{"@id":"https:\/\/haz.hr\/#website"},"primaryImageOfPage":{"@id":"https:\/\/haz.hr\/2025\/03\/18\/hazef-najavljuje-konferenciju-new-wave-akademija-kljuc-uspjeha-na-trzistu-rada-buducnosti\/#primaryimage"},"image":{"@id":"https:\/\/haz.hr\/2025\/03\/18\/hazef-najavljuje-konferenciju-new-wave-akademija-kljuc-uspjeha-na-trzistu-rada-buducnosti\/#primaryimage"},"thumbnailUrl":"https:\/\/haz.hr\/wp-content\/uploads\/2025\/03\/new-wavw-slika-scaled.jpg","datePublished":"2025-03-18T08:00:00+00:00","dateModified":"2025-03-18T08:24:30+00:00","breadcrumb":{"@id":"https:\/\/haz.hr\/2025\/03\/18\/hazef-najavljuje-konferenciju-new-wave-akademija-kljuc-uspjeha-na-trzistu-rada-buducnosti\/#breadcrumb"},"inLanguage":"en-GB","potentialAction":[{"@type":"ReadAction","target":["https:\/\/haz.hr\/2025\/03\/18\/hazef-najavljuje-konferenciju-new-wave-akademija-kljuc-uspjeha-na-trzistu-rada-buducnosti\/"]}]},{"@type":"ImageObject","inLanguage":"en-GB","@id":"https:\/\/haz.hr\/2025\/03\/18\/hazef-najavljuje-konferenciju-new-wave-akademija-kljuc-uspjeha-na-trzistu-rada-buducnosti\/#primaryimage","url":"https:\/\/haz.hr\/wp-content\/uploads\/2025\/03\/new-wavw-slika-scaled.jpg","contentUrl":"https:\/\/haz.hr\/wp-content\/uploads\/2025\/03\/new-wavw-slika-scaled.jpg","width":2560,"height":1440},{"@type":"BreadcrumbList","@id":"https:\/\/haz.hr\/2025\/03\/18\/hazef-najavljuje-konferenciju-new-wave-akademija-kljuc-uspjeha-na-trzistu-rada-buducnosti\/#breadcrumb","itemListElement":[{"@type":"ListItem","position":1,"name":"Home","item":"https:\/\/haz.hr\/"},{"@type":"ListItem","position":2,"name":"HAZef najavljuje konferenciju &#8220;New Wave akademija: Klju\u010d uspjeha na tr\u017ei\u0161tu rada budu\u0107nosti&#8221;"}]},{"@type":"WebSite","@id":"https:\/\/haz.hr\/#website","url":"https:\/\/haz.hr\/","name":"HAZ","description":"Croatian Academic Community","publisher":{"@id":"https:\/\/haz.hr\/#organization"},"potentialAction":[{"@type":"SearchAction","target":{"@type":"EntryPoint","urlTemplate":"https:\/\/haz.hr\/?s={search_term_string}"},"query-input":{"@type":"PropertyValueSpecification","valueRequired":true,"valueName":"search_term_string"}}],"inLanguage":"en-GB"},{"@type":"Organization","@id":"https:\/\/haz.hr\/#organization","name":"HAZ","url":"https:\/\/haz.hr\/","logo":{"@type":"ImageObject","inLanguage":"en-GB","@id":"https:\/\/haz.hr\/#\/schema\/logo\/image\/","url":"https:\/\/haz.hr\/wp-content\/uploads\/2022\/12\/cropped-HAZ_logo.png","contentUrl":"https:\/\/haz.hr\/wp-content\/uploads\/2022\/12\/cropped-HAZ_logo.png","width":125,"height":76,"caption":"HAZ"},"image":{"@id":"https:\/\/haz.hr\/#\/schema\/logo\/image\/"}},{"@type":"Person","@id":"https:\/\/haz.hr\/#\/schema\/person\/e4af13935d8129e2ddeb8c531d90ec00","name":"Sara Karoglan","image":{"@type":"ImageObject","inLanguage":"en-GB","@id":"https:\/\/haz.hr\/#\/schema\/person\/image\/","url":"https:\/\/secure.gravatar.com\/avatar\/dbd58fc85d967a33dcf84dca2f611ee267a6acc3285c0c745974a4f6ba0bba90?s=96&d=mm&r=g","contentUrl":"https:\/\/secure.gravatar.com\/avatar\/dbd58fc85d967a33dcf84dca2f611ee267a6acc3285c0c745974a4f6ba0bba90?s=96&d=mm&r=g","caption":"Sara Karoglan"},"sameAs":["http:\/\/haz.hr"],"url":"https:\/\/haz.hr\/en\/author\/skarloglan\/"}]}},"_links":{"self":[{"href":"https:\/\/haz.hr\/en\/wp-json\/wp\/v2\/posts\/3393","targetHints":{"allow":["GET"]}}],"collection":[{"href":"https:\/\/haz.hr\/en\/wp-json\/wp\/v2\/posts"}],"about":[{"href":"https:\/\/haz.hr\/en\/wp-json\/wp\/v2\/types\/post"}],"author":[{"embeddable":true,"href":"https:\/\/haz.hr\/en\/wp-json\/wp\/v2\/users\/19"}],"replies":[{"embeddable":true,"href":"https:\/\/haz.hr\/en\/wp-json\/wp\/v2\/comments?post=3393"}],"version-history":[{"count":3,"href":"https:\/\/haz.hr\/en\/wp-json\/wp\/v2\/posts\/3393\/revisions"}],"predecessor-version":[{"id":3410,"href":"https:\/\/haz.hr\/en\/wp-json\/wp\/v2\/posts\/3393\/revisions\/3410"}],"wp:featuredmedia":[{"embeddable":true,"href":"https:\/\/haz.hr\/en\/wp-json\/wp\/v2\/media\/3405"}],"wp:attachment":[{"href":"https:\/\/haz.hr\/en\/wp-json\/wp\/v2\/media?parent=3393"}],"wp:term":[{"taxonomy":"category","embeddable":true,"href":"https:\/\/haz.hr\/en\/wp-json\/wp\/v2\/categories?post=3393"},{"taxonomy":"post_tag","embeddable":true,"href":"https:\/\/haz.hr\/en\/wp-json\/wp\/v2\/tags?post=3393"}],"curies":[{"name":"wp","href":"https:\/\/api.w.org\/{rel}","templated":true}]}}