{"id":3434,"date":"2025-03-21T14:34:47","date_gmt":"2025-03-21T14:34:47","guid":{"rendered":"https:\/\/haz.hr\/?p=3434"},"modified":"2025-03-21T14:34:47","modified_gmt":"2025-03-21T14:34:47","slug":"hazpfzg-najavljuje-konferenciju-roditeljstvo-iza-resetaka","status":"publish","type":"post","link":"https:\/\/haz.hr\/en\/2025\/03\/21\/hazpfzg-najavljuje-konferenciju-roditeljstvo-iza-resetaka\/","title":{"rendered":"HAZpfzg najavljuje konferenciju \u201eRoditeljstvo iza re\u0161etaka\u201d"},"content":{"rendered":"<p class=\"wp-block-paragraph\">HAZpfzg s ponosom predstavlja konferenciju \u201eRoditeljstvo iza re\u0161etaka\u201d na kojoj \u0107emo raspravljati o aktualnom zakonodavstvu, pravnim izazovima, sudskoj praksi i mogu\u0107im reformama u za\u0161titi prava i dobrobiti djece \u010diji su roditelji u zatvorskim ustanovama.<\/p>\n\n\n\n<p class=\"wp-block-paragraph\">Ako te zanima kako kaznenopravni sustav utje\u010de na roditeljska prava i obiteljske odnose, te mo\u017ee li se iza re\u0161etaka graditi odnos pun ljubavi, razumijevanja i podr\u0161ke, onda je ovo prava konferencija za tebe! Bez obzira na dob ili stru\u010dnu pozadinu, pridru\u017ei nam se i saznaj kako pravo, psihologija i dru\u0161tvo oblikuju obiteljske odnose u najizazovnijim okolnostima.<\/p>\n\n\n\n<p class=\"wp-block-paragraph\">Konferencija \u0107e se odr\u017eati u subotu, 22. o\u017eujka 2025. godine, s po\u010detkom u 10:00 sati, u Gunduli\u0107evoj ulici 10, dvorana IV!<\/p>\n\n\n\n<p class=\"wp-block-paragraph\">Cilj projekta je studentsku, ali i drugu zainteresiranu populaciju osvijestiti o slabo raspravljanom problemu u medijskom diskursu, a to su prava djece zatvorenika i svi izazovi te problemi s kojima se suo\u010davaju. Svrha je polaznicima konferencije pru\u017eiti uvid u \u010ditav proces i postupak zbrinjavanja djece kojima su roditelj\/i li\u0161eni slobode. Time \u0107emo skrenuti pa\u017enju na va\u017enost destigmatizacije i potaknuti socijalnu inkluziju te dru\u0161tveno prihva\u0107anje doti\u010dnih skupina.<\/p>\n\n\n\n<p class=\"wp-block-paragraph\">Kroz interdisciplinarni pristup i suradnju stru\u010dnjaka iz razli\u010ditih podru\u010dja &#8211; pravnici, socijalni radnici, psiholozi, ovim se projektom nastoji potaknuti dijalog o polo\u017eaju djece zatvorenika u dru\u0161tvu te mogu\u0107nostima za unapre\u0111enje sustava podr\u0161ke, za\u0161tite te pro\u0161irenja prava i skrbi. Kroz panel-rasprave i predavanje, sudionici \u0107e se bolje upoznati sa zakonodavnim okvirom u Republici Hrvatskoj te primjerima dobrih praksi, ali i pote\u0161ko\u0107a.<\/p>\n\n\n\n<p class=\"wp-block-paragraph\">Projekt bi se realizirao kroz jednodnevnu konferenciju koja bi se sastojala od dvije panel-rasprave i samostalnog predavanja. Prvi panel odnosi se na pravno-socijalni aspekt ove teme i na njemu \u0107e sudjelovati stru\u010dnjaci iz podru\u010dja prava i socijalnog rada. Druga panel rasprava se odnosi na psiholo\u0161ke aspekte teme te \u0107e na njoj sudjelovati stru\u010dnjaci iz podru\u010dja psihologije.<\/p>\n\n\n\n<p class=\"wp-block-paragraph\">Sudjelovanje je besplatno, ali broj mjesta je ograni\u010den, stoga se prijavite \u0161to prije putem <a href=\"https:\/\/docs.google.com\/forms\/d\/e\/1FAIpQLScYnfqT_zLAwLf0ewUEX7Mvfnl31qoaaxo_xLsCEDFiJySSKA\/viewform?usp=sharing\">poveznice.<\/a><\/p>\n\n\n\n<p class=\"wp-block-paragraph\">Ne propustite priliku da postanete dio ovog jedinstvenog doga\u0111aja na kojem \u0107emo raspraviti o izazovima i mogu\u0107nostima o\u010duvanja obiteljskih odnosa unutar kaznenopravnog sustava. Pridru\u017eite nam se i produbite svoje razumijevanje ovog slo\u017eenog dru\u0161tvenog pitanja kroz stru\u010dne analize, panel-diskusije i razmjenu iskustava.<\/p>\n\n\n\n<p class=\"wp-block-paragraph\">Vidimo se u Gunduli\u0107evoj ulici 10, dvorana IV!  <\/p>\n\n\n\n<p class=\"wp-block-paragraph\">Za dodatne informacije, pratite nas na <a href=\"https:\/\/www.instagram.com\/haz_pfzg\/\">Instagram profilu<\/a><\/p>","protected":false},"excerpt":{"rendered":"<p>HAZpfzg s ponosom predstavlja konferenciju \u201eRoditeljstvo iza re\u0161etaka\u201d na kojoj \u0107emo raspravljati o aktualnom zakonodavstvu, pravnim izazovima, sudskoj praksi i mogu\u0107im reformama u za\u0161titi prava i dobrobiti djece \u010diji su [&hellip;]<\/p>\n","protected":false},"author":19,"featured_media":3424,"comment_status":"open","ping_status":"open","sticky":false,"template":"","format":"standard","meta":{"footnotes":""},"categories":[14,10,48],"tags":[24,28],"class_list":["post-3434","post","type-post","status-publish","format-standard","has-post-thumbnail","hentry","category-haz-novosti","category-haz-unizg","category-hazfpzg-novosti","tag-haz","tag-konferencija"],"yoast_head":"<!-- This site is optimized with the Yoast SEO plugin v23.7 - https:\/\/yoast.com\/wordpress\/plugins\/seo\/ -->\n<title>HAZpfzg najavljuje konferenciju \u201eRoditeljstvo iza re\u0161etaka\u201d - HAZ<\/title>\n<meta name=\"robots\" content=\"index, follow, max-snippet:-1, max-image-preview:large, max-video-preview:-1\" \/>\n<link rel=\"canonical\" href=\"https:\/\/haz.hr\/en\/2025\/03\/21\/hazpfzg-najavljuje-konferenciju-roditeljstvo-iza-resetaka\/\" \/>\n<meta property=\"og:locale\" content=\"en_GB\" \/>\n<meta property=\"og:type\" content=\"article\" \/>\n<meta property=\"og:title\" content=\"HAZpfzg najavljuje konferenciju \u201eRoditeljstvo iza re\u0161etaka\u201d - HAZ\" \/>\n<meta property=\"og:description\" content=\"HAZpfzg s ponosom predstavlja konferenciju \u201eRoditeljstvo iza re\u0161etaka\u201d na kojoj \u0107emo raspravljati o aktualnom zakonodavstvu, pravnim izazovima, sudskoj praksi i mogu\u0107im reformama u za\u0161titi prava i dobrobiti djece \u010diji su [&hellip;]\" \/>\n<meta property=\"og:url\" content=\"https:\/\/haz.hr\/en\/2025\/03\/21\/hazpfzg-najavljuje-konferenciju-roditeljstvo-iza-resetaka\/\" \/>\n<meta property=\"og:site_name\" content=\"HAZ\" \/>\n<meta property=\"article:published_time\" content=\"2025-03-21T14:34:47+00:00\" \/>\n<meta property=\"og:image\" content=\"https:\/\/haz.hr\/wp-content\/uploads\/2025\/03\/Roditeljstvo-iza-resetaka-1080-x-1350-piksela-1_page-0001-scaled.jpg\" \/>\n\t<meta property=\"og:image:width\" content=\"2048\" \/>\n\t<meta property=\"og:image:height\" content=\"2560\" \/>\n\t<meta property=\"og:image:type\" content=\"image\/jpeg\" \/>\n<meta name=\"author\" content=\"Sara Karoglan\" \/>\n<meta name=\"twitter:card\" content=\"summary_large_image\" \/>\n<meta name=\"twitter:label1\" content=\"Written by\" \/>\n\t<meta name=\"twitter:data1\" content=\"Sara Karoglan\" \/>\n\t<meta name=\"twitter:label2\" content=\"Est. reading time\" \/>\n\t<meta name=\"twitter:data2\" content=\"2 minutes\" \/>\n<script type=\"application\/ld+json\" class=\"yoast-schema-graph\">{\"@context\":\"https:\/\/schema.org\",\"@graph\":[{\"@type\":\"Article\",\"@id\":\"https:\/\/haz.hr\/2025\/03\/21\/hazpfzg-najavljuje-konferenciju-roditeljstvo-iza-resetaka\/#article\",\"isPartOf\":{\"@id\":\"https:\/\/haz.hr\/2025\/03\/21\/hazpfzg-najavljuje-konferenciju-roditeljstvo-iza-resetaka\/\"},\"author\":{\"name\":\"Sara Karoglan\",\"@id\":\"https:\/\/haz.hr\/#\/schema\/person\/e4af13935d8129e2ddeb8c531d90ec00\"},\"headline\":\"HAZpfzg najavljuje konferenciju \u201eRoditeljstvo iza re\u0161etaka\u201d\",\"datePublished\":\"2025-03-21T14:34:47+00:00\",\"dateModified\":\"2025-03-21T14:34:47+00:00\",\"mainEntityOfPage\":{\"@id\":\"https:\/\/haz.hr\/2025\/03\/21\/hazpfzg-najavljuje-konferenciju-roditeljstvo-iza-resetaka\/\"},\"wordCount\":416,\"commentCount\":0,\"publisher\":{\"@id\":\"https:\/\/haz.hr\/#organization\"},\"image\":{\"@id\":\"https:\/\/haz.hr\/2025\/03\/21\/hazpfzg-najavljuje-konferenciju-roditeljstvo-iza-resetaka\/#primaryimage\"},\"thumbnailUrl\":\"https:\/\/haz.hr\/wp-content\/uploads\/2025\/03\/Roditeljstvo-iza-resetaka-1080-x-1350-piksela-1_page-0001-scaled.jpg\",\"keywords\":[\"HAZ\",\"konferencija\"],\"articleSection\":[\"HAZ novosti\",\"HAZ UniZg novosti\",\"HAZfpzg novosti\"],\"inLanguage\":\"en-GB\",\"potentialAction\":[{\"@type\":\"CommentAction\",\"name\":\"Comment\",\"target\":[\"https:\/\/haz.hr\/2025\/03\/21\/hazpfzg-najavljuje-konferenciju-roditeljstvo-iza-resetaka\/#respond\"]}]},{\"@type\":\"WebPage\",\"@id\":\"https:\/\/haz.hr\/2025\/03\/21\/hazpfzg-najavljuje-konferenciju-roditeljstvo-iza-resetaka\/\",\"url\":\"https:\/\/haz.hr\/2025\/03\/21\/hazpfzg-najavljuje-konferenciju-roditeljstvo-iza-resetaka\/\",\"name\":\"HAZpfzg najavljuje konferenciju \u201eRoditeljstvo iza re\u0161etaka\u201d - HAZ\",\"isPartOf\":{\"@id\":\"https:\/\/haz.hr\/#website\"},\"primaryImageOfPage\":{\"@id\":\"https:\/\/haz.hr\/2025\/03\/21\/hazpfzg-najavljuje-konferenciju-roditeljstvo-iza-resetaka\/#primaryimage\"},\"image\":{\"@id\":\"https:\/\/haz.hr\/2025\/03\/21\/hazpfzg-najavljuje-konferenciju-roditeljstvo-iza-resetaka\/#primaryimage\"},\"thumbnailUrl\":\"https:\/\/haz.hr\/wp-content\/uploads\/2025\/03\/Roditeljstvo-iza-resetaka-1080-x-1350-piksela-1_page-0001-scaled.jpg\",\"datePublished\":\"2025-03-21T14:34:47+00:00\",\"dateModified\":\"2025-03-21T14:34:47+00:00\",\"breadcrumb\":{\"@id\":\"https:\/\/haz.hr\/2025\/03\/21\/hazpfzg-najavljuje-konferenciju-roditeljstvo-iza-resetaka\/#breadcrumb\"},\"inLanguage\":\"en-GB\",\"potentialAction\":[{\"@type\":\"ReadAction\",\"target\":[\"https:\/\/haz.hr\/2025\/03\/21\/hazpfzg-najavljuje-konferenciju-roditeljstvo-iza-resetaka\/\"]}]},{\"@type\":\"ImageObject\",\"inLanguage\":\"en-GB\",\"@id\":\"https:\/\/haz.hr\/2025\/03\/21\/hazpfzg-najavljuje-konferenciju-roditeljstvo-iza-resetaka\/#primaryimage\",\"url\":\"https:\/\/haz.hr\/wp-content\/uploads\/2025\/03\/Roditeljstvo-iza-resetaka-1080-x-1350-piksela-1_page-0001-scaled.jpg\",\"contentUrl\":\"https:\/\/haz.hr\/wp-content\/uploads\/2025\/03\/Roditeljstvo-iza-resetaka-1080-x-1350-piksela-1_page-0001-scaled.jpg\",\"width\":2048,\"height\":2560},{\"@type\":\"BreadcrumbList\",\"@id\":\"https:\/\/haz.hr\/2025\/03\/21\/hazpfzg-najavljuje-konferenciju-roditeljstvo-iza-resetaka\/#breadcrumb\",\"itemListElement\":[{\"@type\":\"ListItem\",\"position\":1,\"name\":\"Home\",\"item\":\"https:\/\/haz.hr\/\"},{\"@type\":\"ListItem\",\"position\":2,\"name\":\"HAZpfzg najavljuje konferenciju \u201eRoditeljstvo iza re\u0161etaka\u201d\"}]},{\"@type\":\"WebSite\",\"@id\":\"https:\/\/haz.hr\/#website\",\"url\":\"https:\/\/haz.hr\/\",\"name\":\"HAZ\",\"description\":\"Hrvatska akademska zajednica\",\"publisher\":{\"@id\":\"https:\/\/haz.hr\/#organization\"},\"potentialAction\":[{\"@type\":\"SearchAction\",\"target\":{\"@type\":\"EntryPoint\",\"urlTemplate\":\"https:\/\/haz.hr\/?s={search_term_string}\"},\"query-input\":{\"@type\":\"PropertyValueSpecification\",\"valueRequired\":true,\"valueName\":\"search_term_string\"}}],\"inLanguage\":\"en-GB\"},{\"@type\":\"Organization\",\"@id\":\"https:\/\/haz.hr\/#organization\",\"name\":\"HAZ\",\"url\":\"https:\/\/haz.hr\/\",\"logo\":{\"@type\":\"ImageObject\",\"inLanguage\":\"en-GB\",\"@id\":\"https:\/\/haz.hr\/#\/schema\/logo\/image\/\",\"url\":\"https:\/\/haz.hr\/wp-content\/uploads\/2022\/12\/cropped-HAZ_logo.png\",\"contentUrl\":\"https:\/\/haz.hr\/wp-content\/uploads\/2022\/12\/cropped-HAZ_logo.png\",\"width\":125,\"height\":76,\"caption\":\"HAZ\"},\"image\":{\"@id\":\"https:\/\/haz.hr\/#\/schema\/logo\/image\/\"}},{\"@type\":\"Person\",\"@id\":\"https:\/\/haz.hr\/#\/schema\/person\/e4af13935d8129e2ddeb8c531d90ec00\",\"name\":\"Sara Karoglan\",\"image\":{\"@type\":\"ImageObject\",\"inLanguage\":\"en-GB\",\"@id\":\"https:\/\/haz.hr\/#\/schema\/person\/image\/\",\"url\":\"https:\/\/secure.gravatar.com\/avatar\/dbd58fc85d967a33dcf84dca2f611ee267a6acc3285c0c745974a4f6ba0bba90?s=96&d=mm&r=g\",\"contentUrl\":\"https:\/\/secure.gravatar.com\/avatar\/dbd58fc85d967a33dcf84dca2f611ee267a6acc3285c0c745974a4f6ba0bba90?s=96&d=mm&r=g\",\"caption\":\"Sara Karoglan\"},\"sameAs\":[\"http:\/\/haz.hr\"],\"url\":\"https:\/\/haz.hr\/en\/author\/skarloglan\/\"}]}<\/script>\n<!-- \/ Yoast SEO plugin. -->","yoast_head_json":{"title":"HAZpfzg najavljuje konferenciju \u201eRoditeljstvo iza re\u0161etaka\u201d - HAZ","robots":{"index":"index","follow":"follow","max-snippet":"max-snippet:-1","max-image-preview":"max-image-preview:large","max-video-preview":"max-video-preview:-1"},"canonical":"https:\/\/haz.hr\/en\/2025\/03\/21\/hazpfzg-najavljuje-konferenciju-roditeljstvo-iza-resetaka\/","og_locale":"en_GB","og_type":"article","og_title":"HAZpfzg najavljuje konferenciju \u201eRoditeljstvo iza re\u0161etaka\u201d - HAZ","og_description":"HAZpfzg s ponosom predstavlja konferenciju \u201eRoditeljstvo iza re\u0161etaka\u201d na kojoj \u0107emo raspravljati o aktualnom zakonodavstvu, pravnim izazovima, sudskoj praksi i mogu\u0107im reformama u za\u0161titi prava i dobrobiti djece \u010diji su [&hellip;]","og_url":"https:\/\/haz.hr\/en\/2025\/03\/21\/hazpfzg-najavljuje-konferenciju-roditeljstvo-iza-resetaka\/","og_site_name":"HAZ","article_published_time":"2025-03-21T14:34:47+00:00","og_image":[{"width":2048,"height":2560,"url":"https:\/\/haz.hr\/wp-content\/uploads\/2025\/03\/Roditeljstvo-iza-resetaka-1080-x-1350-piksela-1_page-0001-scaled.jpg","type":"image\/jpeg"}],"author":"Sara Karoglan","twitter_card":"summary_large_image","twitter_misc":{"Written by":"Sara Karoglan","Est. reading time":"2 minutes"},"schema":{"@context":"https:\/\/schema.org","@graph":[{"@type":"Article","@id":"https:\/\/haz.hr\/2025\/03\/21\/hazpfzg-najavljuje-konferenciju-roditeljstvo-iza-resetaka\/#article","isPartOf":{"@id":"https:\/\/haz.hr\/2025\/03\/21\/hazpfzg-najavljuje-konferenciju-roditeljstvo-iza-resetaka\/"},"author":{"name":"Sara Karoglan","@id":"https:\/\/haz.hr\/#\/schema\/person\/e4af13935d8129e2ddeb8c531d90ec00"},"headline":"HAZpfzg najavljuje konferenciju \u201eRoditeljstvo iza re\u0161etaka\u201d","datePublished":"2025-03-21T14:34:47+00:00","dateModified":"2025-03-21T14:34:47+00:00","mainEntityOfPage":{"@id":"https:\/\/haz.hr\/2025\/03\/21\/hazpfzg-najavljuje-konferenciju-roditeljstvo-iza-resetaka\/"},"wordCount":416,"commentCount":0,"publisher":{"@id":"https:\/\/haz.hr\/#organization"},"image":{"@id":"https:\/\/haz.hr\/2025\/03\/21\/hazpfzg-najavljuje-konferenciju-roditeljstvo-iza-resetaka\/#primaryimage"},"thumbnailUrl":"https:\/\/haz.hr\/wp-content\/uploads\/2025\/03\/Roditeljstvo-iza-resetaka-1080-x-1350-piksela-1_page-0001-scaled.jpg","keywords":["HAZ","konferencija"],"articleSection":["HAZ novosti","HAZ UniZg novosti","HAZfpzg novosti"],"inLanguage":"en-GB","potentialAction":[{"@type":"CommentAction","name":"Comment","target":["https:\/\/haz.hr\/2025\/03\/21\/hazpfzg-najavljuje-konferenciju-roditeljstvo-iza-resetaka\/#respond"]}]},{"@type":"WebPage","@id":"https:\/\/haz.hr\/2025\/03\/21\/hazpfzg-najavljuje-konferenciju-roditeljstvo-iza-resetaka\/","url":"https:\/\/haz.hr\/2025\/03\/21\/hazpfzg-najavljuje-konferenciju-roditeljstvo-iza-resetaka\/","name":"HAZpfzg najavljuje konferenciju \u201eRoditeljstvo iza re\u0161etaka\u201d - HAZ","isPartOf":{"@id":"https:\/\/haz.hr\/#website"},"primaryImageOfPage":{"@id":"https:\/\/haz.hr\/2025\/03\/21\/hazpfzg-najavljuje-konferenciju-roditeljstvo-iza-resetaka\/#primaryimage"},"image":{"@id":"https:\/\/haz.hr\/2025\/03\/21\/hazpfzg-najavljuje-konferenciju-roditeljstvo-iza-resetaka\/#primaryimage"},"thumbnailUrl":"https:\/\/haz.hr\/wp-content\/uploads\/2025\/03\/Roditeljstvo-iza-resetaka-1080-x-1350-piksela-1_page-0001-scaled.jpg","datePublished":"2025-03-21T14:34:47+00:00","dateModified":"2025-03-21T14:34:47+00:00","breadcrumb":{"@id":"https:\/\/haz.hr\/2025\/03\/21\/hazpfzg-najavljuje-konferenciju-roditeljstvo-iza-resetaka\/#breadcrumb"},"inLanguage":"en-GB","potentialAction":[{"@type":"ReadAction","target":["https:\/\/haz.hr\/2025\/03\/21\/hazpfzg-najavljuje-konferenciju-roditeljstvo-iza-resetaka\/"]}]},{"@type":"ImageObject","inLanguage":"en-GB","@id":"https:\/\/haz.hr\/2025\/03\/21\/hazpfzg-najavljuje-konferenciju-roditeljstvo-iza-resetaka\/#primaryimage","url":"https:\/\/haz.hr\/wp-content\/uploads\/2025\/03\/Roditeljstvo-iza-resetaka-1080-x-1350-piksela-1_page-0001-scaled.jpg","contentUrl":"https:\/\/haz.hr\/wp-content\/uploads\/2025\/03\/Roditeljstvo-iza-resetaka-1080-x-1350-piksela-1_page-0001-scaled.jpg","width":2048,"height":2560},{"@type":"BreadcrumbList","@id":"https:\/\/haz.hr\/2025\/03\/21\/hazpfzg-najavljuje-konferenciju-roditeljstvo-iza-resetaka\/#breadcrumb","itemListElement":[{"@type":"ListItem","position":1,"name":"Home","item":"https:\/\/haz.hr\/"},{"@type":"ListItem","position":2,"name":"HAZpfzg najavljuje konferenciju \u201eRoditeljstvo iza re\u0161etaka\u201d"}]},{"@type":"WebSite","@id":"https:\/\/haz.hr\/#website","url":"https:\/\/haz.hr\/","name":"HAZ","description":"Croatian Academic Community","publisher":{"@id":"https:\/\/haz.hr\/#organization"},"potentialAction":[{"@type":"SearchAction","target":{"@type":"EntryPoint","urlTemplate":"https:\/\/haz.hr\/?s={search_term_string}"},"query-input":{"@type":"PropertyValueSpecification","valueRequired":true,"valueName":"search_term_string"}}],"inLanguage":"en-GB"},{"@type":"Organization","@id":"https:\/\/haz.hr\/#organization","name":"HAZ","url":"https:\/\/haz.hr\/","logo":{"@type":"ImageObject","inLanguage":"en-GB","@id":"https:\/\/haz.hr\/#\/schema\/logo\/image\/","url":"https:\/\/haz.hr\/wp-content\/uploads\/2022\/12\/cropped-HAZ_logo.png","contentUrl":"https:\/\/haz.hr\/wp-content\/uploads\/2022\/12\/cropped-HAZ_logo.png","width":125,"height":76,"caption":"HAZ"},"image":{"@id":"https:\/\/haz.hr\/#\/schema\/logo\/image\/"}},{"@type":"Person","@id":"https:\/\/haz.hr\/#\/schema\/person\/e4af13935d8129e2ddeb8c531d90ec00","name":"Sara Karoglan","image":{"@type":"ImageObject","inLanguage":"en-GB","@id":"https:\/\/haz.hr\/#\/schema\/person\/image\/","url":"https:\/\/secure.gravatar.com\/avatar\/dbd58fc85d967a33dcf84dca2f611ee267a6acc3285c0c745974a4f6ba0bba90?s=96&d=mm&r=g","contentUrl":"https:\/\/secure.gravatar.com\/avatar\/dbd58fc85d967a33dcf84dca2f611ee267a6acc3285c0c745974a4f6ba0bba90?s=96&d=mm&r=g","caption":"Sara Karoglan"},"sameAs":["http:\/\/haz.hr"],"url":"https:\/\/haz.hr\/en\/author\/skarloglan\/"}]}},"_links":{"self":[{"href":"https:\/\/haz.hr\/en\/wp-json\/wp\/v2\/posts\/3434","targetHints":{"allow":["GET"]}}],"collection":[{"href":"https:\/\/haz.hr\/en\/wp-json\/wp\/v2\/posts"}],"about":[{"href":"https:\/\/haz.hr\/en\/wp-json\/wp\/v2\/types\/post"}],"author":[{"embeddable":true,"href":"https:\/\/haz.hr\/en\/wp-json\/wp\/v2\/users\/19"}],"replies":[{"embeddable":true,"href":"https:\/\/haz.hr\/en\/wp-json\/wp\/v2\/comments?post=3434"}],"version-history":[{"count":4,"href":"https:\/\/haz.hr\/en\/wp-json\/wp\/v2\/posts\/3434\/revisions"}],"predecessor-version":[{"id":3438,"href":"https:\/\/haz.hr\/en\/wp-json\/wp\/v2\/posts\/3434\/revisions\/3438"}],"wp:attachment":[{"href":"https:\/\/haz.hr\/en\/wp-json\/wp\/v2\/media?parent=3434"}],"wp:term":[{"taxonomy":"category","embeddable":true,"href":"https:\/\/haz.hr\/en\/wp-json\/wp\/v2\/categories?post=3434"},{"taxonomy":"post_tag","embeddable":true,"href":"https:\/\/haz.hr\/en\/wp-json\/wp\/v2\/tags?post=3434"}],"curies":[{"name":"wp","href":"https:\/\/api.w.org\/{rel}","templated":true}]}}