{"id":3440,"date":"2025-03-26T21:42:56","date_gmt":"2025-03-26T21:42:56","guid":{"rendered":"https:\/\/haz.hr\/?p=3440"},"modified":"2025-03-26T21:44:53","modified_gmt":"2025-03-26T21:44:53","slug":"odrzana-new-wave-akademija-korak-ispred-na-trzistu-rada","status":"publish","type":"post","link":"https:\/\/haz.hr\/en\/2025\/03\/26\/odrzana-new-wave-akademija-korak-ispred-na-trzistu-rada\/","title":{"rendered":"Odr\u017eana New Wave akademija: Korak ispred na tr\u017ei\u0161tu rada!"},"content":{"rendered":"<p class=\"wp-block-paragraph\">U \u010detvrtak, 20. o\u017eujka 2025., na Fakultetu prometnih znanosti u Zagrebu odr\u017eano je prvo izdanje <strong>New Wave akademije<\/strong>, jednodnevne konferencije posve\u0107ene klju\u010dnim izazovima i prilikama na tr\u017ei\u0161tu rada. Doga\u0111aj je organizirala <strong>Hrvatska akademska zajednica Ekonomskog fakulteta u Zagrebu (HAZef)<\/strong> kako bi mladima pribli\u017eila tematiku suvremenih trendova zapo\u0161ljavanja i razvoja profesionalnih vje\u0161tina.<\/p>\n\n\n\n<p class=\"wp-block-paragraph\">Konferenciju je sve\u010dano otvorio dekan Fakulteta prometnih znanosti, <strong>izv. prof. dr. sc. Marko \u0160o\u0161tari\u0107<\/strong>, istaknuv\u0161i kako budu\u0107nost pripada onima koji se ne boje u\u010diti, rasti i prilago\u0111avati se novim tehnologijama. U svom obra\u0107anju zahvalio je svim sudionicima na prepoznavanju va\u017enosti cjelo\u017eivotnog u\u010denja i njihovoj odlu\u010dnosti da budu korak ispred u dinami\u010dnom svijetu rada. Nakon njega, rije\u010di zahvale uputio je i <strong>predsjednik HAZef-a Ivan Jagnji\u0107<\/strong>, a konferencija je slu\u017ebeno zapo\u010dela obra\u0107anjem <strong>voditeljica projekta, Petre Sekule i Vanese Vrban\u010di\u0107.<\/strong><\/p>\n\n\n\n<p class=\"wp-block-paragraph\">Prvi panel, koji je moderirala <strong>univ. spec. oec. Milka Rimac Bilu\u0161i\u0107<\/strong>,&nbsp; <strong>&#8220;Evolucija radnog svijeta &#8211; hibridni modeli i nove generacije&#8221;<\/strong>, okupio je stru\u010dnjakinje iz podru\u010dja ljudskih resursa: <strong>Sla\u0111anu Boji\u0107 Andri\u0107 (OTP Leasing) <\/strong>i<strong> Petru U\u017ear (PwC Hrvatska)<\/strong>. Panelistice su raspravljale o promjenama u radnim uvjetima, sve ve\u0107oj fleksibilnosti te izazovima upravljanja timovima u hibridnom okru\u017eenju.<\/p>\n\n\n\n<p class=\"wp-block-paragraph\">Uslijedilo je predavanje na temu \u201c<strong>Pametna regrutacija: Kako AI mijenja poslovne procese<\/strong>\u201d, koje je odr\u017eao<strong> dr.sc. Mitja Ru\u017eoj\u010di\u0107<\/strong>. Sudionici su slu\u0161ali o klju\u010dnim promjenama i izazovima u procesu regrutacije, a predava\u010d je naglasio trend implementacije AI-a u procesu zapo\u0161ljavanja, koji pove\u0107ava brzinu i u\u010dinkovitost, ali tako\u0111er donosi nepoznate u\u010dinke na kvalitetu selekcije i smanjuje ulogu ljudske intuicije.<\/p>\n\n\n\n<figure class=\"wp-block-image size-large\"><img fetchpriority=\"high\" decoding=\"async\" width=\"1024\" height=\"683\" src=\"https:\/\/haz.hr\/wp-content\/uploads\/2025\/03\/new-wave-svi-1024x683.jpg\" alt=\"\" class=\"wp-image-3443\" srcset=\"https:\/\/haz.hr\/wp-content\/uploads\/2025\/03\/new-wave-svi-1024x683.jpg 1024w, https:\/\/haz.hr\/wp-content\/uploads\/2025\/03\/new-wave-svi-300x200.jpg 300w, https:\/\/haz.hr\/wp-content\/uploads\/2025\/03\/new-wave-svi-768x512.jpg 768w, https:\/\/haz.hr\/wp-content\/uploads\/2025\/03\/new-wave-svi-1536x1024.jpg 1536w, https:\/\/haz.hr\/wp-content\/uploads\/2025\/03\/new-wave-svi.jpg 1603w\" sizes=\"(max-width: 1024px) 100vw, 1024px\" \/><\/figure>\n\n\n\n<p class=\"wp-block-paragraph\">Sljede\u0107i panel, <strong>&#8220;Generacija Z na tr\u017ei\u0161tu rada: hit ili mit?&#8221;<\/strong>, okupio je <strong>Maksa Vartu\u0161eka (CEO Ding), Lorenu Smokvina Jelusi\u0107 (Coca-Cola HBC) i Maju Parma\u010d Kova\u010di\u0107 (FFZG)<\/strong> te moderatoricu <strong>izv. prof. dr. sc. Anu Aleksi\u0107 Fredotovi\u0107<\/strong>. Panelisti su analizirali specifi\u010dnosti novih generacija zaposlenika, poput <em>multitaskinga<\/em>, postavljanja granica i entuzijazma u radu. Naglasili su va\u017enost svakodnevnog iskustva i stalnog u\u010denja, poti\u010du\u0107i studente da se prilagode tr\u017ei\u0161tu rada i tra\u017ee prilike za rast.<\/p>\n\n\n\n<p class=\"wp-block-paragraph\">Nakon kratke pauze uslijedila je interaktivna <strong>simulacija razgovora za posao<\/strong>, koju su vodile <strong>Snje\u017eana Ljubi\u0107 (Human&amp;More) i Tatjana Ivankovi\u0107 (bitansiTi)<\/strong>, pru\u017eaju\u0107i sudionicima priliku da iz prve ruke iskuse proces zapo\u0161ljavanja i selekcije. Naglasak je stavljen na razumijevanje internog procesa, onoga \u0161to se doga\u0111a unutar nas te va\u017enost ignoriranja osje\u0107aja nervoze i sumnje, dok se postavlja pitanje: &#8220;\u017delim li ja raditi ovdje?&#8221; &#8211; u biti: <em>Jesu li oni dovoljno dobri za mene<\/em>?<\/p>\n\n\n\n<p class=\"wp-block-paragraph\">Konferencija je zaklju\u010dena predavanjem <strong>izv.<\/strong> <strong>prof. dr. sc. Anite Lauri Korajlija<\/strong> o tome<strong> \u201cKako uspje\u0161no (pre)\u017eivjeti poslovni svijet\u201d<\/strong>, u kojem je istaknula va\u017enost prilagodljivosti, otpornosti i razvoja emocionalne inteligencije u profesionalnom okru\u017eenju.<\/p>\n\n\n\n<p class=\"wp-block-paragraph\">New Wave akademija pokazala se kao izuzetno vrijedno iskustvo za sve koji \u017eele razumjeti budu\u0107nost tr\u017ei\u0161ta rada, prilagoditi se promjenama dinami\u010dnog okru\u017eenja i ste\u0107i vje\u0161tine klju\u010dne za uspje\u0161nu karijeru. Najaktivniji sudionik konferencije osvojio je mentorstvo s <strong>Dragom Juki\u0107em (Projekt Hrvatska)<\/strong>, koji \u0107e mu pru\u017eiti podr\u0161ku u izradi kvalitetnog \u017eivotopisa i pripremi za razgovor za posao.<\/p>\n\n\n\n<figure class=\"wp-block-image size-large\"><img decoding=\"async\" width=\"1024\" height=\"683\" src=\"https:\/\/haz.hr\/wp-content\/uploads\/2025\/03\/new-wave-tim-1024x683.jpg\" alt=\"\" class=\"wp-image-3442\" srcset=\"https:\/\/haz.hr\/wp-content\/uploads\/2025\/03\/new-wave-tim-1024x683.jpg 1024w, https:\/\/haz.hr\/wp-content\/uploads\/2025\/03\/new-wave-tim-300x200.jpg 300w, https:\/\/haz.hr\/wp-content\/uploads\/2025\/03\/new-wave-tim-768x512.jpg 768w, https:\/\/haz.hr\/wp-content\/uploads\/2025\/03\/new-wave-tim-1536x1024.jpg 1536w, https:\/\/haz.hr\/wp-content\/uploads\/2025\/03\/new-wave-tim.jpg 1567w\" sizes=\"(max-width: 1024px) 100vw, 1024px\" \/><\/figure>\n\n\n\n<p class=\"wp-block-paragraph\">Studenti volonteri iz Hrvatske akademske zajednice Ekonomskog fakulteta jo\u0161 su jednom uspje\u0161no organizirali konferenciju na visokoj razini, s naglaskom na u\u010denje izvan fakultetskih okvira i razvoj novih vje\u0161tina. Hvala i sponzorima Leggiero, Projekt Hrvatska, Lasta, Raw Spirit by Martin Sinkovi\u0107, Monere Digital, Noah voda, Gali\u0107 vina, Pipi, Ledo, buba-mara.net, Filir d.o.o. i Benjamin flowers, a posebno hvala zlatnom sponzoru Forvis Mazars i bron\u010danom sponzoru PwC koji su svojim doprinosom podigli kvalitetu ove konferencije. Nadamo se da \u0107e New Wave akademija postati tradicionalno okupljanje budu\u0107ih profesionalaca i stru\u010dnjaka.<\/p>\n\n\n\n<p class=\"wp-block-paragraph\">Veselimo se idu\u0107em izdanju! <\/p>\n\n\n\n<p class=\"wp-block-paragraph\">Autor: Iva Kri\u0161to<\/p>","protected":false},"excerpt":{"rendered":"<p>U \u010detvrtak, 20. o\u017eujka 2025., na Fakultetu prometnih znanosti u Zagrebu odr\u017eano je prvo izdanje New Wave akademije, jednodnevne konferencije posve\u0107ene klju\u010dnim izazovima i prilikama na tr\u017ei\u0161tu rada. Doga\u0111aj je [&hellip;]<\/p>\n","protected":false},"author":19,"featured_media":3441,"comment_status":"open","ping_status":"open","sticky":false,"template":"","format":"standard","meta":{"footnotes":""},"categories":[14,10,11],"tags":[24,28,50],"class_list":["post-3440","post","type-post","status-publish","format-standard","has-post-thumbnail","hentry","category-haz-novosti","category-haz-unizg","category-hazef-novosti","tag-haz","tag-konferencija","tag-new-wave"],"yoast_head":"<!-- This site is optimized with the Yoast SEO plugin v23.7 - https:\/\/yoast.com\/wordpress\/plugins\/seo\/ -->\n<title>Odr\u017eana New Wave akademija: Korak ispred na tr\u017ei\u0161tu rada! - HAZ<\/title>\n<meta name=\"robots\" content=\"index, follow, max-snippet:-1, max-image-preview:large, max-video-preview:-1\" \/>\n<link rel=\"canonical\" href=\"https:\/\/haz.hr\/en\/2025\/03\/26\/odrzana-new-wave-akademija-korak-ispred-na-trzistu-rada\/\" \/>\n<meta property=\"og:locale\" content=\"en_GB\" \/>\n<meta property=\"og:type\" content=\"article\" \/>\n<meta property=\"og:title\" content=\"Odr\u017eana New Wave akademija: Korak ispred na tr\u017ei\u0161tu rada! - HAZ\" \/>\n<meta property=\"og:description\" content=\"U \u010detvrtak, 20. o\u017eujka 2025., na Fakultetu prometnih znanosti u Zagrebu odr\u017eano je prvo izdanje New Wave akademije, jednodnevne konferencije posve\u0107ene klju\u010dnim izazovima i prilikama na tr\u017ei\u0161tu rada. Doga\u0111aj je [&hellip;]\" \/>\n<meta property=\"og:url\" content=\"https:\/\/haz.hr\/en\/2025\/03\/26\/odrzana-new-wave-akademija-korak-ispred-na-trzistu-rada\/\" \/>\n<meta property=\"og:site_name\" content=\"HAZ\" \/>\n<meta property=\"article:published_time\" content=\"2025-03-26T21:42:56+00:00\" \/>\n<meta property=\"article:modified_time\" content=\"2025-03-26T21:44:53+00:00\" \/>\n<meta property=\"og:image\" content=\"https:\/\/haz.hr\/wp-content\/uploads\/2025\/03\/new-wave-voditelji.jpg\" \/>\n\t<meta property=\"og:image:width\" content=\"1604\" \/>\n\t<meta property=\"og:image:height\" content=\"1069\" \/>\n\t<meta property=\"og:image:type\" content=\"image\/jpeg\" \/>\n<meta name=\"author\" content=\"Sara Karoglan\" \/>\n<meta name=\"twitter:card\" content=\"summary_large_image\" \/>\n<meta name=\"twitter:label1\" content=\"Written by\" \/>\n\t<meta name=\"twitter:data1\" content=\"Sara Karoglan\" \/>\n\t<meta name=\"twitter:label2\" content=\"Est. reading time\" \/>\n\t<meta name=\"twitter:data2\" content=\"4 minutes\" \/>\n<script type=\"application\/ld+json\" class=\"yoast-schema-graph\">{\"@context\":\"https:\/\/schema.org\",\"@graph\":[{\"@type\":\"Article\",\"@id\":\"https:\/\/haz.hr\/2025\/03\/26\/odrzana-new-wave-akademija-korak-ispred-na-trzistu-rada\/#article\",\"isPartOf\":{\"@id\":\"https:\/\/haz.hr\/2025\/03\/26\/odrzana-new-wave-akademija-korak-ispred-na-trzistu-rada\/\"},\"author\":{\"name\":\"Sara Karoglan\",\"@id\":\"https:\/\/haz.hr\/#\/schema\/person\/e4af13935d8129e2ddeb8c531d90ec00\"},\"headline\":\"Odr\u017eana New Wave akademija: Korak ispred na tr\u017ei\u0161tu rada!\",\"datePublished\":\"2025-03-26T21:42:56+00:00\",\"dateModified\":\"2025-03-26T21:44:53+00:00\",\"mainEntityOfPage\":{\"@id\":\"https:\/\/haz.hr\/2025\/03\/26\/odrzana-new-wave-akademija-korak-ispred-na-trzistu-rada\/\"},\"wordCount\":668,\"commentCount\":0,\"publisher\":{\"@id\":\"https:\/\/haz.hr\/#organization\"},\"image\":{\"@id\":\"https:\/\/haz.hr\/2025\/03\/26\/odrzana-new-wave-akademija-korak-ispred-na-trzistu-rada\/#primaryimage\"},\"thumbnailUrl\":\"https:\/\/haz.hr\/wp-content\/uploads\/2025\/03\/new-wave-voditelji.jpg\",\"keywords\":[\"HAZ\",\"konferencija\",\"New Wave\"],\"articleSection\":[\"HAZ novosti\",\"HAZ UniZg novosti\",\"HAZef novosti\"],\"inLanguage\":\"en-GB\",\"potentialAction\":[{\"@type\":\"CommentAction\",\"name\":\"Comment\",\"target\":[\"https:\/\/haz.hr\/2025\/03\/26\/odrzana-new-wave-akademija-korak-ispred-na-trzistu-rada\/#respond\"]}]},{\"@type\":\"WebPage\",\"@id\":\"https:\/\/haz.hr\/2025\/03\/26\/odrzana-new-wave-akademija-korak-ispred-na-trzistu-rada\/\",\"url\":\"https:\/\/haz.hr\/2025\/03\/26\/odrzana-new-wave-akademija-korak-ispred-na-trzistu-rada\/\",\"name\":\"Odr\u017eana New Wave akademija: Korak ispred na tr\u017ei\u0161tu rada! - HAZ\",\"isPartOf\":{\"@id\":\"https:\/\/haz.hr\/#website\"},\"primaryImageOfPage\":{\"@id\":\"https:\/\/haz.hr\/2025\/03\/26\/odrzana-new-wave-akademija-korak-ispred-na-trzistu-rada\/#primaryimage\"},\"image\":{\"@id\":\"https:\/\/haz.hr\/2025\/03\/26\/odrzana-new-wave-akademija-korak-ispred-na-trzistu-rada\/#primaryimage\"},\"thumbnailUrl\":\"https:\/\/haz.hr\/wp-content\/uploads\/2025\/03\/new-wave-voditelji.jpg\",\"datePublished\":\"2025-03-26T21:42:56+00:00\",\"dateModified\":\"2025-03-26T21:44:53+00:00\",\"breadcrumb\":{\"@id\":\"https:\/\/haz.hr\/2025\/03\/26\/odrzana-new-wave-akademija-korak-ispred-na-trzistu-rada\/#breadcrumb\"},\"inLanguage\":\"en-GB\",\"potentialAction\":[{\"@type\":\"ReadAction\",\"target\":[\"https:\/\/haz.hr\/2025\/03\/26\/odrzana-new-wave-akademija-korak-ispred-na-trzistu-rada\/\"]}]},{\"@type\":\"ImageObject\",\"inLanguage\":\"en-GB\",\"@id\":\"https:\/\/haz.hr\/2025\/03\/26\/odrzana-new-wave-akademija-korak-ispred-na-trzistu-rada\/#primaryimage\",\"url\":\"https:\/\/haz.hr\/wp-content\/uploads\/2025\/03\/new-wave-voditelji.jpg\",\"contentUrl\":\"https:\/\/haz.hr\/wp-content\/uploads\/2025\/03\/new-wave-voditelji.jpg\",\"width\":1604,\"height\":1069},{\"@type\":\"BreadcrumbList\",\"@id\":\"https:\/\/haz.hr\/2025\/03\/26\/odrzana-new-wave-akademija-korak-ispred-na-trzistu-rada\/#breadcrumb\",\"itemListElement\":[{\"@type\":\"ListItem\",\"position\":1,\"name\":\"Home\",\"item\":\"https:\/\/haz.hr\/\"},{\"@type\":\"ListItem\",\"position\":2,\"name\":\"Odr\u017eana New Wave akademija: Korak ispred na tr\u017ei\u0161tu rada!\"}]},{\"@type\":\"WebSite\",\"@id\":\"https:\/\/haz.hr\/#website\",\"url\":\"https:\/\/haz.hr\/\",\"name\":\"HAZ\",\"description\":\"Hrvatska akademska zajednica\",\"publisher\":{\"@id\":\"https:\/\/haz.hr\/#organization\"},\"potentialAction\":[{\"@type\":\"SearchAction\",\"target\":{\"@type\":\"EntryPoint\",\"urlTemplate\":\"https:\/\/haz.hr\/?s={search_term_string}\"},\"query-input\":{\"@type\":\"PropertyValueSpecification\",\"valueRequired\":true,\"valueName\":\"search_term_string\"}}],\"inLanguage\":\"en-GB\"},{\"@type\":\"Organization\",\"@id\":\"https:\/\/haz.hr\/#organization\",\"name\":\"HAZ\",\"url\":\"https:\/\/haz.hr\/\",\"logo\":{\"@type\":\"ImageObject\",\"inLanguage\":\"en-GB\",\"@id\":\"https:\/\/haz.hr\/#\/schema\/logo\/image\/\",\"url\":\"https:\/\/haz.hr\/wp-content\/uploads\/2022\/12\/cropped-HAZ_logo.png\",\"contentUrl\":\"https:\/\/haz.hr\/wp-content\/uploads\/2022\/12\/cropped-HAZ_logo.png\",\"width\":125,\"height\":76,\"caption\":\"HAZ\"},\"image\":{\"@id\":\"https:\/\/haz.hr\/#\/schema\/logo\/image\/\"}},{\"@type\":\"Person\",\"@id\":\"https:\/\/haz.hr\/#\/schema\/person\/e4af13935d8129e2ddeb8c531d90ec00\",\"name\":\"Sara Karoglan\",\"image\":{\"@type\":\"ImageObject\",\"inLanguage\":\"en-GB\",\"@id\":\"https:\/\/haz.hr\/#\/schema\/person\/image\/\",\"url\":\"https:\/\/secure.gravatar.com\/avatar\/dbd58fc85d967a33dcf84dca2f611ee267a6acc3285c0c745974a4f6ba0bba90?s=96&d=mm&r=g\",\"contentUrl\":\"https:\/\/secure.gravatar.com\/avatar\/dbd58fc85d967a33dcf84dca2f611ee267a6acc3285c0c745974a4f6ba0bba90?s=96&d=mm&r=g\",\"caption\":\"Sara Karoglan\"},\"sameAs\":[\"http:\/\/haz.hr\"],\"url\":\"https:\/\/haz.hr\/en\/author\/skarloglan\/\"}]}<\/script>\n<!-- \/ Yoast SEO plugin. -->","yoast_head_json":{"title":"Odr\u017eana New Wave akademija: Korak ispred na tr\u017ei\u0161tu rada! - HAZ","robots":{"index":"index","follow":"follow","max-snippet":"max-snippet:-1","max-image-preview":"max-image-preview:large","max-video-preview":"max-video-preview:-1"},"canonical":"https:\/\/haz.hr\/en\/2025\/03\/26\/odrzana-new-wave-akademija-korak-ispred-na-trzistu-rada\/","og_locale":"en_GB","og_type":"article","og_title":"Odr\u017eana New Wave akademija: Korak ispred na tr\u017ei\u0161tu rada! - HAZ","og_description":"U \u010detvrtak, 20. o\u017eujka 2025., na Fakultetu prometnih znanosti u Zagrebu odr\u017eano je prvo izdanje New Wave akademije, jednodnevne konferencije posve\u0107ene klju\u010dnim izazovima i prilikama na tr\u017ei\u0161tu rada. Doga\u0111aj je [&hellip;]","og_url":"https:\/\/haz.hr\/en\/2025\/03\/26\/odrzana-new-wave-akademija-korak-ispred-na-trzistu-rada\/","og_site_name":"HAZ","article_published_time":"2025-03-26T21:42:56+00:00","article_modified_time":"2025-03-26T21:44:53+00:00","og_image":[{"width":1604,"height":1069,"url":"https:\/\/haz.hr\/wp-content\/uploads\/2025\/03\/new-wave-voditelji.jpg","type":"image\/jpeg"}],"author":"Sara Karoglan","twitter_card":"summary_large_image","twitter_misc":{"Written by":"Sara Karoglan","Est. reading time":"4 minutes"},"schema":{"@context":"https:\/\/schema.org","@graph":[{"@type":"Article","@id":"https:\/\/haz.hr\/2025\/03\/26\/odrzana-new-wave-akademija-korak-ispred-na-trzistu-rada\/#article","isPartOf":{"@id":"https:\/\/haz.hr\/2025\/03\/26\/odrzana-new-wave-akademija-korak-ispred-na-trzistu-rada\/"},"author":{"name":"Sara Karoglan","@id":"https:\/\/haz.hr\/#\/schema\/person\/e4af13935d8129e2ddeb8c531d90ec00"},"headline":"Odr\u017eana New Wave akademija: Korak ispred na tr\u017ei\u0161tu rada!","datePublished":"2025-03-26T21:42:56+00:00","dateModified":"2025-03-26T21:44:53+00:00","mainEntityOfPage":{"@id":"https:\/\/haz.hr\/2025\/03\/26\/odrzana-new-wave-akademija-korak-ispred-na-trzistu-rada\/"},"wordCount":668,"commentCount":0,"publisher":{"@id":"https:\/\/haz.hr\/#organization"},"image":{"@id":"https:\/\/haz.hr\/2025\/03\/26\/odrzana-new-wave-akademija-korak-ispred-na-trzistu-rada\/#primaryimage"},"thumbnailUrl":"https:\/\/haz.hr\/wp-content\/uploads\/2025\/03\/new-wave-voditelji.jpg","keywords":["HAZ","konferencija","New Wave"],"articleSection":["HAZ novosti","HAZ UniZg novosti","HAZef novosti"],"inLanguage":"en-GB","potentialAction":[{"@type":"CommentAction","name":"Comment","target":["https:\/\/haz.hr\/2025\/03\/26\/odrzana-new-wave-akademija-korak-ispred-na-trzistu-rada\/#respond"]}]},{"@type":"WebPage","@id":"https:\/\/haz.hr\/2025\/03\/26\/odrzana-new-wave-akademija-korak-ispred-na-trzistu-rada\/","url":"https:\/\/haz.hr\/2025\/03\/26\/odrzana-new-wave-akademija-korak-ispred-na-trzistu-rada\/","name":"Odr\u017eana New Wave akademija: Korak ispred na tr\u017ei\u0161tu rada! - HAZ","isPartOf":{"@id":"https:\/\/haz.hr\/#website"},"primaryImageOfPage":{"@id":"https:\/\/haz.hr\/2025\/03\/26\/odrzana-new-wave-akademija-korak-ispred-na-trzistu-rada\/#primaryimage"},"image":{"@id":"https:\/\/haz.hr\/2025\/03\/26\/odrzana-new-wave-akademija-korak-ispred-na-trzistu-rada\/#primaryimage"},"thumbnailUrl":"https:\/\/haz.hr\/wp-content\/uploads\/2025\/03\/new-wave-voditelji.jpg","datePublished":"2025-03-26T21:42:56+00:00","dateModified":"2025-03-26T21:44:53+00:00","breadcrumb":{"@id":"https:\/\/haz.hr\/2025\/03\/26\/odrzana-new-wave-akademija-korak-ispred-na-trzistu-rada\/#breadcrumb"},"inLanguage":"en-GB","potentialAction":[{"@type":"ReadAction","target":["https:\/\/haz.hr\/2025\/03\/26\/odrzana-new-wave-akademija-korak-ispred-na-trzistu-rada\/"]}]},{"@type":"ImageObject","inLanguage":"en-GB","@id":"https:\/\/haz.hr\/2025\/03\/26\/odrzana-new-wave-akademija-korak-ispred-na-trzistu-rada\/#primaryimage","url":"https:\/\/haz.hr\/wp-content\/uploads\/2025\/03\/new-wave-voditelji.jpg","contentUrl":"https:\/\/haz.hr\/wp-content\/uploads\/2025\/03\/new-wave-voditelji.jpg","width":1604,"height":1069},{"@type":"BreadcrumbList","@id":"https:\/\/haz.hr\/2025\/03\/26\/odrzana-new-wave-akademija-korak-ispred-na-trzistu-rada\/#breadcrumb","itemListElement":[{"@type":"ListItem","position":1,"name":"Home","item":"https:\/\/haz.hr\/"},{"@type":"ListItem","position":2,"name":"Odr\u017eana New Wave akademija: Korak ispred na tr\u017ei\u0161tu rada!"}]},{"@type":"WebSite","@id":"https:\/\/haz.hr\/#website","url":"https:\/\/haz.hr\/","name":"HAZ","description":"Croatian Academic Community","publisher":{"@id":"https:\/\/haz.hr\/#organization"},"potentialAction":[{"@type":"SearchAction","target":{"@type":"EntryPoint","urlTemplate":"https:\/\/haz.hr\/?s={search_term_string}"},"query-input":{"@type":"PropertyValueSpecification","valueRequired":true,"valueName":"search_term_string"}}],"inLanguage":"en-GB"},{"@type":"Organization","@id":"https:\/\/haz.hr\/#organization","name":"HAZ","url":"https:\/\/haz.hr\/","logo":{"@type":"ImageObject","inLanguage":"en-GB","@id":"https:\/\/haz.hr\/#\/schema\/logo\/image\/","url":"https:\/\/haz.hr\/wp-content\/uploads\/2022\/12\/cropped-HAZ_logo.png","contentUrl":"https:\/\/haz.hr\/wp-content\/uploads\/2022\/12\/cropped-HAZ_logo.png","width":125,"height":76,"caption":"HAZ"},"image":{"@id":"https:\/\/haz.hr\/#\/schema\/logo\/image\/"}},{"@type":"Person","@id":"https:\/\/haz.hr\/#\/schema\/person\/e4af13935d8129e2ddeb8c531d90ec00","name":"Sara Karoglan","image":{"@type":"ImageObject","inLanguage":"en-GB","@id":"https:\/\/haz.hr\/#\/schema\/person\/image\/","url":"https:\/\/secure.gravatar.com\/avatar\/dbd58fc85d967a33dcf84dca2f611ee267a6acc3285c0c745974a4f6ba0bba90?s=96&d=mm&r=g","contentUrl":"https:\/\/secure.gravatar.com\/avatar\/dbd58fc85d967a33dcf84dca2f611ee267a6acc3285c0c745974a4f6ba0bba90?s=96&d=mm&r=g","caption":"Sara Karoglan"},"sameAs":["http:\/\/haz.hr"],"url":"https:\/\/haz.hr\/en\/author\/skarloglan\/"}]}},"_links":{"self":[{"href":"https:\/\/haz.hr\/en\/wp-json\/wp\/v2\/posts\/3440","targetHints":{"allow":["GET"]}}],"collection":[{"href":"https:\/\/haz.hr\/en\/wp-json\/wp\/v2\/posts"}],"about":[{"href":"https:\/\/haz.hr\/en\/wp-json\/wp\/v2\/types\/post"}],"author":[{"embeddable":true,"href":"https:\/\/haz.hr\/en\/wp-json\/wp\/v2\/users\/19"}],"replies":[{"embeddable":true,"href":"https:\/\/haz.hr\/en\/wp-json\/wp\/v2\/comments?post=3440"}],"version-history":[{"count":4,"href":"https:\/\/haz.hr\/en\/wp-json\/wp\/v2\/posts\/3440\/revisions"}],"predecessor-version":[{"id":3447,"href":"https:\/\/haz.hr\/en\/wp-json\/wp\/v2\/posts\/3440\/revisions\/3447"}],"wp:featuredmedia":[{"embeddable":true,"href":"https:\/\/haz.hr\/en\/wp-json\/wp\/v2\/media\/3441"}],"wp:attachment":[{"href":"https:\/\/haz.hr\/en\/wp-json\/wp\/v2\/media?parent=3440"}],"wp:term":[{"taxonomy":"category","embeddable":true,"href":"https:\/\/haz.hr\/en\/wp-json\/wp\/v2\/categories?post=3440"},{"taxonomy":"post_tag","embeddable":true,"href":"https:\/\/haz.hr\/en\/wp-json\/wp\/v2\/tags?post=3440"}],"curies":[{"name":"wp","href":"https:\/\/api.w.org\/{rel}","templated":true}]}}