{"id":3449,"date":"2025-04-04T17:59:46","date_gmt":"2025-04-04T17:59:46","guid":{"rendered":"https:\/\/haz.hr\/?p=3449"},"modified":"2025-04-04T17:59:48","modified_gmt":"2025-04-04T17:59:48","slug":"hazpmf-najavljuje-konferenciju-kozmetika-za-mene-2","status":"publish","type":"post","link":"https:\/\/haz.hr\/en\/2025\/04\/04\/hazpmf-najavljuje-konferenciju-kozmetika-za-mene-2\/","title":{"rendered":"HAZpmf najavljuje konferenciju &#8220;Kozmetika za mene 2&#8221;"},"content":{"rendered":"<p class=\"wp-block-paragraph\">Hrvatska akademska zajednica pri Prirodoslovno-matemati\u010dkom fakultetu u Zagrebu (HAZpmf) s ponosom najavljuje projekt \u201eKozmetika za mene 2\u201c, drugo izdanje jednodnevne konferencije posve\u0107ene informiranju mladih o utjecaju kozmetike i lijekova na njihov organizam. Kroz predavanje i panel raspravu, dobit \u0107ete priliku za nau\u010diti ne\u0161to novo o svijetu biokemije, kozmetike i medicine. Tako\u0111er, pru\u017eit \u0107e Vam uvid u rad influencera i studenata medicine te lije\u010dnika.<\/p>\n\n\n\n<p class=\"wp-block-paragraph\">Konferencija \u0107e se odr\u017eati 7. travnja 2025. godine s po\u010detkom u 17:00 sati u prostoru Stabla znanja u Studentskom centru na adresi Savska cesta 25\/1.<\/p>\n\n\n\n<p class=\"wp-block-paragraph\"><strong>O programu<\/strong><\/p>\n\n\n\n<p class=\"wp-block-paragraph\">\u201eKozmetika za mene 2\u201c pru\u017eit \u0107e Vam priliku da saznate vi\u0161e o sastojcima kozmetike, \u0161tetnosti mikroplastike u kozmetici, koristi raznih estetskih zahvata i o mnogim drugim temama vezanim uz kozmetiku kroz predavanje i panel diskusiju. Osigurano je vrijeme u kojem \u0107ete mo\u0107i razgovarati o temi s predava\u010dima i panelistima kako bi sva Va\u0161a pitanja mogla biti odgovorena.<\/p>\n\n\n\n<figure class=\"wp-block-image size-large\"><img fetchpriority=\"high\" decoding=\"async\" width=\"1024\" height=\"585\" src=\"https:\/\/haz.hr\/wp-content\/uploads\/2025\/04\/Untitled-design-1024x585.png\" alt=\"\" class=\"wp-image-3451\" srcset=\"https:\/\/haz.hr\/wp-content\/uploads\/2025\/04\/Untitled-design-1024x585.png 1024w, https:\/\/haz.hr\/wp-content\/uploads\/2025\/04\/Untitled-design-300x171.png 300w, https:\/\/haz.hr\/wp-content\/uploads\/2025\/04\/Untitled-design-768x439.png 768w, https:\/\/haz.hr\/wp-content\/uploads\/2025\/04\/Untitled-design.png 1050w\" sizes=\"(max-width: 1024px) 100vw, 1024px\" \/><\/figure>\n\n\n\n<p class=\"wp-block-paragraph\"><strong>Predava\u010di i panelisti<\/strong><\/p>\n\n\n\n<p class=\"wp-block-paragraph\">Na konferenciji \u0107e sudjelovati znanstvenici, studenti i influenceri koji se bave biokemijom, medicinom i kozmeti\u010dkim proizvodima. Predavanje \u0107e odr\u017eati izv. prof. Aleksandra Mar\u0161avelski, stru\u010dnjakinja u biokemiji te nositeljica kolegija Op\u0107e biokemije na Prirodoslovno-matemati\u010dkom fakultetu u Zagrebu. U panelu \u201eTrendy kozmetika ili zamka za mlade\u201c sudjelovat \u0107e Laura Bakin (influencerica), Emili Draga\u0161 (studentica medicine i influencerica), Antonija Gra\u010danin (studentica medicine i dio vodstva sekcije za dermatologiju) te Magdalena Ivi\u0107 (dr. med. i influencerica).<\/p>\n\n\n\n<p class=\"wp-block-paragraph\"><strong>Za\u0161to sudjelovati?<\/strong><\/p>\n\n\n\n<p class=\"wp-block-paragraph\">Na\u0161a konferencija pru\u017eit \u0107e Vam priliku da se upoznate s mogu\u0107im alternativnim kozmeti\u010dkim proizvodima i nau\u010dite razlikovati marketin\u0161ke \u2019zamke\u2019 od \u2019clean\u2019 proizvoda za njegu ko\u017ee. Tako\u0111er, saznat \u0107ete \u0161to sve \u0161teti ljudskom organizmu i na koji na\u010din te kakve posljedice ima uno\u0161enje mikroplastike u organizam prilikom kori\u0161tenja kozmeti\u010dkih preparata. U panel raspravi govorit \u0107e se i o temi eti\u010dnog promoviranja proizvoda putem dru\u0161tvenih mre\u017ea.<\/p>\n\n\n\n<p class=\"wp-block-paragraph\"><strong>Prijave su<\/strong> <strong>BESPLATNE<\/strong>, ali mjesta su ograni\u010dena!<\/p>\n\n\n\n<p class=\"wp-block-paragraph\">Link za prijavu: <a href=\"https:\/\/forms.gle\/fRxLQHYETeNPLSZt5\">https:\/\/forms.gle\/fRxLQHYETeNPLSZt5<\/a><\/p>\n\n\n\n<p class=\"wp-block-paragraph\">Prijavite se i osigurajte svoje mjesto na konferenciji \u201eKozmetika za mene 2\u201c te nau\u010dite ne\u0161to novo o <em>trendy<\/em> svijetu kozmetike i medicine!<\/p>\n\n\n\n<p class=\"wp-block-paragraph\"><\/p>","protected":false},"excerpt":{"rendered":"<p>Hrvatska akademska zajednica pri Prirodoslovno-matemati\u010dkom fakultetu u Zagrebu (HAZpmf) s ponosom najavljuje projekt \u201eKozmetika za mene 2\u201c, drugo izdanje jednodnevne konferencije posve\u0107ene informiranju mladih o utjecaju kozmetike i lijekova na [&hellip;]<\/p>\n","protected":false},"author":17,"featured_media":3453,"comment_status":"open","ping_status":"open","sticky":false,"template":"","format":"standard","meta":{"footnotes":""},"categories":[14,49,1],"tags":[],"class_list":["post-3449","post","type-post","status-publish","format-standard","has-post-thumbnail","hentry","category-haz-novosti","category-hazpmf-novosti","category-uncategorized"],"yoast_head":"<!-- This site is optimized with the Yoast SEO plugin v23.7 - https:\/\/yoast.com\/wordpress\/plugins\/seo\/ -->\n<title>HAZpmf najavljuje konferenciju &quot;Kozmetika za mene 2&quot; - HAZ<\/title>\n<meta name=\"robots\" content=\"index, follow, max-snippet:-1, max-image-preview:large, max-video-preview:-1\" \/>\n<link rel=\"canonical\" href=\"https:\/\/haz.hr\/en\/2025\/04\/04\/hazpmf-najavljuje-konferenciju-kozmetika-za-mene-2\/\" \/>\n<meta property=\"og:locale\" content=\"en_GB\" \/>\n<meta property=\"og:type\" content=\"article\" \/>\n<meta property=\"og:title\" content=\"HAZpmf najavljuje konferenciju &quot;Kozmetika za mene 2&quot; - HAZ\" \/>\n<meta property=\"og:description\" content=\"Hrvatska akademska zajednica pri Prirodoslovno-matemati\u010dkom fakultetu u Zagrebu (HAZpmf) s ponosom najavljuje projekt \u201eKozmetika za mene 2\u201c, drugo izdanje jednodnevne konferencije posve\u0107ene informiranju mladih o utjecaju kozmetike i lijekova na [&hellip;]\" \/>\n<meta property=\"og:url\" content=\"https:\/\/haz.hr\/en\/2025\/04\/04\/hazpmf-najavljuje-konferenciju-kozmetika-za-mene-2\/\" \/>\n<meta property=\"og:site_name\" content=\"HAZ\" \/>\n<meta property=\"article:published_time\" content=\"2025-04-04T17:59:46+00:00\" \/>\n<meta property=\"article:modified_time\" content=\"2025-04-04T17:59:48+00:00\" \/>\n<meta property=\"og:image\" content=\"https:\/\/haz.hr\/wp-content\/uploads\/2025\/04\/Untitled-design-1.png\" \/>\n\t<meta property=\"og:image:width\" content=\"1050\" \/>\n\t<meta property=\"og:image:height\" content=\"600\" \/>\n\t<meta property=\"og:image:type\" content=\"image\/png\" \/>\n<meta name=\"author\" content=\"Paula Lon\u010darevi\u0107\" \/>\n<meta name=\"twitter:card\" content=\"summary_large_image\" \/>\n<meta name=\"twitter:label1\" content=\"Written by\" \/>\n\t<meta name=\"twitter:data1\" content=\"Paula Lon\u010darevi\u0107\" \/>\n\t<meta name=\"twitter:label2\" content=\"Est. reading time\" \/>\n\t<meta name=\"twitter:data2\" content=\"3 minutes\" \/>\n<script type=\"application\/ld+json\" class=\"yoast-schema-graph\">{\"@context\":\"https:\/\/schema.org\",\"@graph\":[{\"@type\":\"Article\",\"@id\":\"https:\/\/haz.hr\/2025\/04\/04\/hazpmf-najavljuje-konferenciju-kozmetika-za-mene-2\/#article\",\"isPartOf\":{\"@id\":\"https:\/\/haz.hr\/2025\/04\/04\/hazpmf-najavljuje-konferenciju-kozmetika-za-mene-2\/\"},\"author\":{\"name\":\"Paula Lon\u010darevi\u0107\",\"@id\":\"https:\/\/haz.hr\/#\/schema\/person\/9cc05149cec4af0b213a05a214f99062\"},\"headline\":\"HAZpmf najavljuje konferenciju &#8220;Kozmetika za mene 2&#8221;\",\"datePublished\":\"2025-04-04T17:59:46+00:00\",\"dateModified\":\"2025-04-04T17:59:48+00:00\",\"mainEntityOfPage\":{\"@id\":\"https:\/\/haz.hr\/2025\/04\/04\/hazpmf-najavljuje-konferenciju-kozmetika-za-mene-2\/\"},\"wordCount\":364,\"commentCount\":0,\"publisher\":{\"@id\":\"https:\/\/haz.hr\/#organization\"},\"image\":{\"@id\":\"https:\/\/haz.hr\/2025\/04\/04\/hazpmf-najavljuje-konferenciju-kozmetika-za-mene-2\/#primaryimage\"},\"thumbnailUrl\":\"https:\/\/haz.hr\/wp-content\/uploads\/2025\/04\/Untitled-design-1.png\",\"articleSection\":[\"HAZ novosti\",\"HAZpmf novosti\",\"Uncategorized\"],\"inLanguage\":\"en-GB\",\"potentialAction\":[{\"@type\":\"CommentAction\",\"name\":\"Comment\",\"target\":[\"https:\/\/haz.hr\/2025\/04\/04\/hazpmf-najavljuje-konferenciju-kozmetika-za-mene-2\/#respond\"]}]},{\"@type\":\"WebPage\",\"@id\":\"https:\/\/haz.hr\/2025\/04\/04\/hazpmf-najavljuje-konferenciju-kozmetika-za-mene-2\/\",\"url\":\"https:\/\/haz.hr\/2025\/04\/04\/hazpmf-najavljuje-konferenciju-kozmetika-za-mene-2\/\",\"name\":\"HAZpmf najavljuje konferenciju \\\"Kozmetika za mene 2\\\" - HAZ\",\"isPartOf\":{\"@id\":\"https:\/\/haz.hr\/#website\"},\"primaryImageOfPage\":{\"@id\":\"https:\/\/haz.hr\/2025\/04\/04\/hazpmf-najavljuje-konferenciju-kozmetika-za-mene-2\/#primaryimage\"},\"image\":{\"@id\":\"https:\/\/haz.hr\/2025\/04\/04\/hazpmf-najavljuje-konferenciju-kozmetika-za-mene-2\/#primaryimage\"},\"thumbnailUrl\":\"https:\/\/haz.hr\/wp-content\/uploads\/2025\/04\/Untitled-design-1.png\",\"datePublished\":\"2025-04-04T17:59:46+00:00\",\"dateModified\":\"2025-04-04T17:59:48+00:00\",\"breadcrumb\":{\"@id\":\"https:\/\/haz.hr\/2025\/04\/04\/hazpmf-najavljuje-konferenciju-kozmetika-za-mene-2\/#breadcrumb\"},\"inLanguage\":\"en-GB\",\"potentialAction\":[{\"@type\":\"ReadAction\",\"target\":[\"https:\/\/haz.hr\/2025\/04\/04\/hazpmf-najavljuje-konferenciju-kozmetika-za-mene-2\/\"]}]},{\"@type\":\"ImageObject\",\"inLanguage\":\"en-GB\",\"@id\":\"https:\/\/haz.hr\/2025\/04\/04\/hazpmf-najavljuje-konferenciju-kozmetika-za-mene-2\/#primaryimage\",\"url\":\"https:\/\/haz.hr\/wp-content\/uploads\/2025\/04\/Untitled-design-1.png\",\"contentUrl\":\"https:\/\/haz.hr\/wp-content\/uploads\/2025\/04\/Untitled-design-1.png\",\"width\":1050,\"height\":600},{\"@type\":\"BreadcrumbList\",\"@id\":\"https:\/\/haz.hr\/2025\/04\/04\/hazpmf-najavljuje-konferenciju-kozmetika-za-mene-2\/#breadcrumb\",\"itemListElement\":[{\"@type\":\"ListItem\",\"position\":1,\"name\":\"Home\",\"item\":\"https:\/\/haz.hr\/\"},{\"@type\":\"ListItem\",\"position\":2,\"name\":\"HAZpmf najavljuje konferenciju &#8220;Kozmetika za mene 2&#8221;\"}]},{\"@type\":\"WebSite\",\"@id\":\"https:\/\/haz.hr\/#website\",\"url\":\"https:\/\/haz.hr\/\",\"name\":\"HAZ\",\"description\":\"Hrvatska akademska zajednica\",\"publisher\":{\"@id\":\"https:\/\/haz.hr\/#organization\"},\"potentialAction\":[{\"@type\":\"SearchAction\",\"target\":{\"@type\":\"EntryPoint\",\"urlTemplate\":\"https:\/\/haz.hr\/?s={search_term_string}\"},\"query-input\":{\"@type\":\"PropertyValueSpecification\",\"valueRequired\":true,\"valueName\":\"search_term_string\"}}],\"inLanguage\":\"en-GB\"},{\"@type\":\"Organization\",\"@id\":\"https:\/\/haz.hr\/#organization\",\"name\":\"HAZ\",\"url\":\"https:\/\/haz.hr\/\",\"logo\":{\"@type\":\"ImageObject\",\"inLanguage\":\"en-GB\",\"@id\":\"https:\/\/haz.hr\/#\/schema\/logo\/image\/\",\"url\":\"https:\/\/haz.hr\/wp-content\/uploads\/2022\/12\/cropped-HAZ_logo.png\",\"contentUrl\":\"https:\/\/haz.hr\/wp-content\/uploads\/2022\/12\/cropped-HAZ_logo.png\",\"width\":125,\"height\":76,\"caption\":\"HAZ\"},\"image\":{\"@id\":\"https:\/\/haz.hr\/#\/schema\/logo\/image\/\"}},{\"@type\":\"Person\",\"@id\":\"https:\/\/haz.hr\/#\/schema\/person\/9cc05149cec4af0b213a05a214f99062\",\"name\":\"Paula Lon\u010darevi\u0107\",\"image\":{\"@type\":\"ImageObject\",\"inLanguage\":\"en-GB\",\"@id\":\"https:\/\/haz.hr\/#\/schema\/person\/image\/\",\"url\":\"https:\/\/secure.gravatar.com\/avatar\/0be466cdf3456718e45a3bed6a2c8f66fec6bd383e13e8697a9bb63f6da4e658?s=96&d=mm&r=g\",\"contentUrl\":\"https:\/\/secure.gravatar.com\/avatar\/0be466cdf3456718e45a3bed6a2c8f66fec6bd383e13e8697a9bb63f6da4e658?s=96&d=mm&r=g\",\"caption\":\"Paula Lon\u010darevi\u0107\"},\"sameAs\":[\"http:\/\/Haz.hr\"],\"url\":\"https:\/\/haz.hr\/en\/author\/ploncarevic\/\"}]}<\/script>\n<!-- \/ Yoast SEO plugin. -->","yoast_head_json":{"title":"HAZpmf najavljuje konferenciju \"Kozmetika za mene 2\" - HAZ","robots":{"index":"index","follow":"follow","max-snippet":"max-snippet:-1","max-image-preview":"max-image-preview:large","max-video-preview":"max-video-preview:-1"},"canonical":"https:\/\/haz.hr\/en\/2025\/04\/04\/hazpmf-najavljuje-konferenciju-kozmetika-za-mene-2\/","og_locale":"en_GB","og_type":"article","og_title":"HAZpmf najavljuje konferenciju \"Kozmetika za mene 2\" - HAZ","og_description":"Hrvatska akademska zajednica pri Prirodoslovno-matemati\u010dkom fakultetu u Zagrebu (HAZpmf) s ponosom najavljuje projekt \u201eKozmetika za mene 2\u201c, drugo izdanje jednodnevne konferencije posve\u0107ene informiranju mladih o utjecaju kozmetike i lijekova na [&hellip;]","og_url":"https:\/\/haz.hr\/en\/2025\/04\/04\/hazpmf-najavljuje-konferenciju-kozmetika-za-mene-2\/","og_site_name":"HAZ","article_published_time":"2025-04-04T17:59:46+00:00","article_modified_time":"2025-04-04T17:59:48+00:00","og_image":[{"width":1050,"height":600,"url":"https:\/\/haz.hr\/wp-content\/uploads\/2025\/04\/Untitled-design-1.png","type":"image\/png"}],"author":"Paula Lon\u010darevi\u0107","twitter_card":"summary_large_image","twitter_misc":{"Written by":"Paula Lon\u010darevi\u0107","Est. reading time":"3 minutes"},"schema":{"@context":"https:\/\/schema.org","@graph":[{"@type":"Article","@id":"https:\/\/haz.hr\/2025\/04\/04\/hazpmf-najavljuje-konferenciju-kozmetika-za-mene-2\/#article","isPartOf":{"@id":"https:\/\/haz.hr\/2025\/04\/04\/hazpmf-najavljuje-konferenciju-kozmetika-za-mene-2\/"},"author":{"name":"Paula Lon\u010darevi\u0107","@id":"https:\/\/haz.hr\/#\/schema\/person\/9cc05149cec4af0b213a05a214f99062"},"headline":"HAZpmf najavljuje konferenciju &#8220;Kozmetika za mene 2&#8221;","datePublished":"2025-04-04T17:59:46+00:00","dateModified":"2025-04-04T17:59:48+00:00","mainEntityOfPage":{"@id":"https:\/\/haz.hr\/2025\/04\/04\/hazpmf-najavljuje-konferenciju-kozmetika-za-mene-2\/"},"wordCount":364,"commentCount":0,"publisher":{"@id":"https:\/\/haz.hr\/#organization"},"image":{"@id":"https:\/\/haz.hr\/2025\/04\/04\/hazpmf-najavljuje-konferenciju-kozmetika-za-mene-2\/#primaryimage"},"thumbnailUrl":"https:\/\/haz.hr\/wp-content\/uploads\/2025\/04\/Untitled-design-1.png","articleSection":["HAZ novosti","HAZpmf novosti","Uncategorized"],"inLanguage":"en-GB","potentialAction":[{"@type":"CommentAction","name":"Comment","target":["https:\/\/haz.hr\/2025\/04\/04\/hazpmf-najavljuje-konferenciju-kozmetika-za-mene-2\/#respond"]}]},{"@type":"WebPage","@id":"https:\/\/haz.hr\/2025\/04\/04\/hazpmf-najavljuje-konferenciju-kozmetika-za-mene-2\/","url":"https:\/\/haz.hr\/2025\/04\/04\/hazpmf-najavljuje-konferenciju-kozmetika-za-mene-2\/","name":"HAZpmf najavljuje konferenciju \"Kozmetika za mene 2\" - HAZ","isPartOf":{"@id":"https:\/\/haz.hr\/#website"},"primaryImageOfPage":{"@id":"https:\/\/haz.hr\/2025\/04\/04\/hazpmf-najavljuje-konferenciju-kozmetika-za-mene-2\/#primaryimage"},"image":{"@id":"https:\/\/haz.hr\/2025\/04\/04\/hazpmf-najavljuje-konferenciju-kozmetika-za-mene-2\/#primaryimage"},"thumbnailUrl":"https:\/\/haz.hr\/wp-content\/uploads\/2025\/04\/Untitled-design-1.png","datePublished":"2025-04-04T17:59:46+00:00","dateModified":"2025-04-04T17:59:48+00:00","breadcrumb":{"@id":"https:\/\/haz.hr\/2025\/04\/04\/hazpmf-najavljuje-konferenciju-kozmetika-za-mene-2\/#breadcrumb"},"inLanguage":"en-GB","potentialAction":[{"@type":"ReadAction","target":["https:\/\/haz.hr\/2025\/04\/04\/hazpmf-najavljuje-konferenciju-kozmetika-za-mene-2\/"]}]},{"@type":"ImageObject","inLanguage":"en-GB","@id":"https:\/\/haz.hr\/2025\/04\/04\/hazpmf-najavljuje-konferenciju-kozmetika-za-mene-2\/#primaryimage","url":"https:\/\/haz.hr\/wp-content\/uploads\/2025\/04\/Untitled-design-1.png","contentUrl":"https:\/\/haz.hr\/wp-content\/uploads\/2025\/04\/Untitled-design-1.png","width":1050,"height":600},{"@type":"BreadcrumbList","@id":"https:\/\/haz.hr\/2025\/04\/04\/hazpmf-najavljuje-konferenciju-kozmetika-za-mene-2\/#breadcrumb","itemListElement":[{"@type":"ListItem","position":1,"name":"Home","item":"https:\/\/haz.hr\/"},{"@type":"ListItem","position":2,"name":"HAZpmf najavljuje konferenciju &#8220;Kozmetika za mene 2&#8221;"}]},{"@type":"WebSite","@id":"https:\/\/haz.hr\/#website","url":"https:\/\/haz.hr\/","name":"HAZ","description":"Croatian Academic Community","publisher":{"@id":"https:\/\/haz.hr\/#organization"},"potentialAction":[{"@type":"SearchAction","target":{"@type":"EntryPoint","urlTemplate":"https:\/\/haz.hr\/?s={search_term_string}"},"query-input":{"@type":"PropertyValueSpecification","valueRequired":true,"valueName":"search_term_string"}}],"inLanguage":"en-GB"},{"@type":"Organization","@id":"https:\/\/haz.hr\/#organization","name":"HAZ","url":"https:\/\/haz.hr\/","logo":{"@type":"ImageObject","inLanguage":"en-GB","@id":"https:\/\/haz.hr\/#\/schema\/logo\/image\/","url":"https:\/\/haz.hr\/wp-content\/uploads\/2022\/12\/cropped-HAZ_logo.png","contentUrl":"https:\/\/haz.hr\/wp-content\/uploads\/2022\/12\/cropped-HAZ_logo.png","width":125,"height":76,"caption":"HAZ"},"image":{"@id":"https:\/\/haz.hr\/#\/schema\/logo\/image\/"}},{"@type":"Person","@id":"https:\/\/haz.hr\/#\/schema\/person\/9cc05149cec4af0b213a05a214f99062","name":"Paula Lon\u010darevi\u0107","image":{"@type":"ImageObject","inLanguage":"en-GB","@id":"https:\/\/haz.hr\/#\/schema\/person\/image\/","url":"https:\/\/secure.gravatar.com\/avatar\/0be466cdf3456718e45a3bed6a2c8f66fec6bd383e13e8697a9bb63f6da4e658?s=96&d=mm&r=g","contentUrl":"https:\/\/secure.gravatar.com\/avatar\/0be466cdf3456718e45a3bed6a2c8f66fec6bd383e13e8697a9bb63f6da4e658?s=96&d=mm&r=g","caption":"Paula Lon\u010darevi\u0107"},"sameAs":["http:\/\/Haz.hr"],"url":"https:\/\/haz.hr\/en\/author\/ploncarevic\/"}]}},"_links":{"self":[{"href":"https:\/\/haz.hr\/en\/wp-json\/wp\/v2\/posts\/3449","targetHints":{"allow":["GET"]}}],"collection":[{"href":"https:\/\/haz.hr\/en\/wp-json\/wp\/v2\/posts"}],"about":[{"href":"https:\/\/haz.hr\/en\/wp-json\/wp\/v2\/types\/post"}],"author":[{"embeddable":true,"href":"https:\/\/haz.hr\/en\/wp-json\/wp\/v2\/users\/17"}],"replies":[{"embeddable":true,"href":"https:\/\/haz.hr\/en\/wp-json\/wp\/v2\/comments?post=3449"}],"version-history":[{"count":2,"href":"https:\/\/haz.hr\/en\/wp-json\/wp\/v2\/posts\/3449\/revisions"}],"predecessor-version":[{"id":3454,"href":"https:\/\/haz.hr\/en\/wp-json\/wp\/v2\/posts\/3449\/revisions\/3454"}],"wp:featuredmedia":[{"embeddable":true,"href":"https:\/\/haz.hr\/en\/wp-json\/wp\/v2\/media\/3453"}],"wp:attachment":[{"href":"https:\/\/haz.hr\/en\/wp-json\/wp\/v2\/media?parent=3449"}],"wp:term":[{"taxonomy":"category","embeddable":true,"href":"https:\/\/haz.hr\/en\/wp-json\/wp\/v2\/categories?post=3449"},{"taxonomy":"post_tag","embeddable":true,"href":"https:\/\/haz.hr\/en\/wp-json\/wp\/v2\/tags?post=3449"}],"curies":[{"name":"wp","href":"https:\/\/api.w.org\/{rel}","templated":true}]}}