{"id":3458,"date":"2025-04-30T15:03:32","date_gmt":"2025-04-30T15:03:32","guid":{"rendered":"https:\/\/haz.hr\/?p=3458"},"modified":"2025-04-30T15:03:33","modified_gmt":"2025-04-30T15:03:33","slug":"hazff-najavljuje-konferenciju-knjizevnu-vecer","status":"publish","type":"post","link":"https:\/\/haz.hr\/en\/2025\/04\/30\/hazff-najavljuje-konferenciju-knjizevnu-vecer\/","title":{"rendered":"HAZff najavljuje konferenciju &#8220;Knji\u017eevnu ve\u010der&#8221;"},"content":{"rendered":"<figure class=\"wp-block-image size-large\"><img fetchpriority=\"high\" decoding=\"async\" width=\"1024\" height=\"576\" src=\"https:\/\/haz.hr\/wp-content\/uploads\/2025\/04\/1-1024x576.png\" alt=\"\" class=\"wp-image-3459\" srcset=\"https:\/\/haz.hr\/wp-content\/uploads\/2025\/04\/1-1024x576.png 1024w, https:\/\/haz.hr\/wp-content\/uploads\/2025\/04\/1-300x169.png 300w, https:\/\/haz.hr\/wp-content\/uploads\/2025\/04\/1-768x432.png 768w, https:\/\/haz.hr\/wp-content\/uploads\/2025\/04\/1.png 1366w\" sizes=\"(max-width: 1024px) 100vw, 1024px\" \/><\/figure>\n\n\n\n<p class=\"wp-block-paragraph\"><strong>Hrvatska akademska zajednica Filozofskog fakulteta Sveu\u010dili\u0161ta u Zagrebu<\/strong> (HAZff) s osobitim zadovoljstvom najavljuje \u201eKnji\u017eevnu ve\u010der\u201c, doga\u0111anje osmi\u0161ljeno kao prostor susreta ideja, dijaloga i knji\u017eevne inspiracije. Ova ve\u010der posve\u0107ena je promi\u0161ljanju knji\u017eevnosti u kontekstu suvremenog dru\u0161tva, uz poseban naglasak na utjecaj tehnologije na pisanu rije\u010d.<\/p>\n\n\n\n<p class=\"wp-block-paragraph\">Konferencija \u0107e se odr\u017eati <strong>30. travnja 2025.<\/strong> u <strong>18:00<\/strong> sati u dvorani 5 Filozofskog fakulteta Sveu\u010dili\u0161ta u Zagrebu (Ul. Ivana Lu\u010di\u0107a 3).<\/p>\n\n\n\n<p class=\"wp-block-paragraph\"><strong>O programu<\/strong><\/p>\n\n\n\n<p class=\"wp-block-paragraph\">Knji\u017eevna ve\u010der odvijat \u0107e se kroz dva tematski i sadr\u017eajno bogata segmenta:<\/p>\n\n\n\n<p class=\"wp-block-paragraph\"><strong>Predavanje o modernoj i digitalnoj knji\u017eevnosti<\/strong>, koje \u0107e odr\u017eati ugledni predava\u010d s dugogodi\u0161njim iskustvom u prou\u010davanju odnosa izme\u0111u knji\u017eevnosti i tehnologije. Saznajte kako suvremeni mediji oblikuju na\u010din na koji konzumiramo i stvaramo knji\u017eevni sadr\u017eaj.<\/p>\n\n\n\n<p class=\"wp-block-paragraph\"><strong>Panel-rasprava s mladim autorima<\/strong>, koji \u0107e kroz osobna svjedo\u010danstva i otvoreni dijalog pribli\u017eiti vlastita stvarala\u010dka iskustva \u2013 od za\u010detne ideje do objavljenog djela. Slu\u0161at \u0107emo o izazovima, nadahnu\u0107ima i inovacijama koje obilje\u017eavaju put suvremenog pisca, bilo da objavljuje u klasi\u010dnom tiskanom obliku ili koristi digitalne platforme.<\/p>\n\n\n\n<p class=\"wp-block-paragraph\"><strong>Za\u0161to sudjelovati?<\/strong><\/p>\n\n\n\n<p class=\"wp-block-paragraph\">Ako volite knji\u017eevnost, zanima Vas njezin razvoj u 21. stolje\u0107u ili razmi\u0161ljate o vlastitom pisanju \u2013 ova ve\u010der je upravo za Vas.<\/p>\n\n\n\n<p class=\"wp-block-paragraph\">Knji\u017eevna ve\u010der nudi jedinstvenu priliku za razgovor o aktualnim knji\u017eevnim praksama i promi\u0161ljanjima, kroz susret s ljudima koji aktivno oblikuju knji\u017eevni krajolik dana\u0161njice. U ugodnoj i poticajnoj atmosferi, otvorit \u0107e se prostor za pitanja, razmjenu mi\u0161ljenja i nove poglede na ulogu knji\u017eevnosti u digitalnom dobu.<\/p>\n\n\n\n<p class=\"wp-block-paragraph\"><strong>Prijave su besplatne<\/strong>, ali broj mjesta je ograni\u010den!<\/p>\n\n\n\n<p class=\"wp-block-paragraph\">Poveznica za prijavu: <a href=\"https:\/\/forms.gle\/Tabx6tCZTQJYgXDD8\">https:\/\/forms.gle\/Tabx6tCZTQJYgXDD8<\/a><\/p>\n\n\n\n<p class=\"wp-block-paragraph\">Ne propustite priliku postati dijelom knji\u017eevnog dijaloga koji povezuje tradiciju i suvremenost, papir i piksele, misao i rije\u010d. Veselimo se Va\u0161em dolasku!<\/p>\n\n\n\n<figure class=\"wp-block-image size-large\"><img decoding=\"async\" width=\"1024\" height=\"576\" src=\"https:\/\/haz.hr\/wp-content\/uploads\/2025\/04\/2-1024x576.png\" alt=\"\" class=\"wp-image-3460\" srcset=\"https:\/\/haz.hr\/wp-content\/uploads\/2025\/04\/2-1024x576.png 1024w, https:\/\/haz.hr\/wp-content\/uploads\/2025\/04\/2-300x169.png 300w, https:\/\/haz.hr\/wp-content\/uploads\/2025\/04\/2-768x432.png 768w, https:\/\/haz.hr\/wp-content\/uploads\/2025\/04\/2.png 1366w\" sizes=\"(max-width: 1024px) 100vw, 1024px\" \/><\/figure>","protected":false},"excerpt":{"rendered":"<p>Hrvatska akademska zajednica Filozofskog fakulteta Sveu\u010dili\u0161ta u Zagrebu (HAZff) s osobitim zadovoljstvom najavljuje \u201eKnji\u017eevnu ve\u010der\u201c, doga\u0111anje osmi\u0161ljeno kao prostor susreta ideja, dijaloga i knji\u017eevne inspiracije. Ova ve\u010der posve\u0107ena je promi\u0161ljanju [&hellip;]<\/p>\n","protected":false},"author":20,"featured_media":0,"comment_status":"open","ping_status":"open","sticky":false,"template":"","format":"standard","meta":{"footnotes":""},"categories":[14,46],"tags":[52,28],"class_list":["post-3458","post","type-post","status-publish","format-standard","hentry","category-haz-novosti","category-hazff-novosti","tag-knjizevnost","tag-konferencija"],"yoast_head":"<!-- This site is optimized with the Yoast SEO plugin v23.7 - https:\/\/yoast.com\/wordpress\/plugins\/seo\/ -->\n<title>HAZff najavljuje konferenciju &quot;Knji\u017eevnu ve\u010der&quot; - HAZ<\/title>\n<meta name=\"robots\" content=\"index, follow, max-snippet:-1, max-image-preview:large, max-video-preview:-1\" \/>\n<link rel=\"canonical\" href=\"https:\/\/haz.hr\/en\/2025\/04\/30\/hazff-najavljuje-konferenciju-knjizevnu-vecer\/\" \/>\n<meta property=\"og:locale\" content=\"en_GB\" \/>\n<meta property=\"og:type\" content=\"article\" \/>\n<meta property=\"og:title\" content=\"HAZff najavljuje konferenciju &quot;Knji\u017eevnu ve\u010der&quot; - HAZ\" \/>\n<meta property=\"og:description\" content=\"Hrvatska akademska zajednica Filozofskog fakulteta Sveu\u010dili\u0161ta u Zagrebu (HAZff) s osobitim zadovoljstvom najavljuje \u201eKnji\u017eevnu ve\u010der\u201c, doga\u0111anje osmi\u0161ljeno kao prostor susreta ideja, dijaloga i knji\u017eevne inspiracije. Ova ve\u010der posve\u0107ena je promi\u0161ljanju [&hellip;]\" \/>\n<meta property=\"og:url\" content=\"https:\/\/haz.hr\/en\/2025\/04\/30\/hazff-najavljuje-konferenciju-knjizevnu-vecer\/\" \/>\n<meta property=\"og:site_name\" content=\"HAZ\" \/>\n<meta property=\"article:published_time\" content=\"2025-04-30T15:03:32+00:00\" \/>\n<meta property=\"article:modified_time\" content=\"2025-04-30T15:03:33+00:00\" \/>\n<meta property=\"og:image\" content=\"https:\/\/haz.hr\/wp-content\/uploads\/2025\/04\/1-1024x576.png\" \/>\n\t<meta property=\"og:image:width\" content=\"1024\" \/>\n\t<meta property=\"og:image:height\" content=\"576\" \/>\n\t<meta property=\"og:image:type\" content=\"image\/png\" \/>\n<meta name=\"author\" content=\"Marko Mili\u0107\" \/>\n<meta name=\"twitter:card\" content=\"summary_large_image\" \/>\n<meta name=\"twitter:label1\" content=\"Written by\" \/>\n\t<meta name=\"twitter:data1\" content=\"Marko Mili\u0107\" \/>\n\t<meta name=\"twitter:label2\" content=\"Est. reading time\" \/>\n\t<meta name=\"twitter:data2\" content=\"2 minutes\" \/>\n<script type=\"application\/ld+json\" class=\"yoast-schema-graph\">{\"@context\":\"https:\/\/schema.org\",\"@graph\":[{\"@type\":\"Article\",\"@id\":\"https:\/\/haz.hr\/2025\/04\/30\/hazff-najavljuje-konferenciju-knjizevnu-vecer\/#article\",\"isPartOf\":{\"@id\":\"https:\/\/haz.hr\/2025\/04\/30\/hazff-najavljuje-konferenciju-knjizevnu-vecer\/\"},\"author\":{\"name\":\"Marko Mili\u0107\",\"@id\":\"https:\/\/haz.hr\/#\/schema\/person\/aad9ee756613deb6052af0080ef06258\"},\"headline\":\"HAZff najavljuje konferenciju &#8220;Knji\u017eevnu ve\u010der&#8221;\",\"datePublished\":\"2025-04-30T15:03:32+00:00\",\"dateModified\":\"2025-04-30T15:03:33+00:00\",\"mainEntityOfPage\":{\"@id\":\"https:\/\/haz.hr\/2025\/04\/30\/hazff-najavljuje-konferenciju-knjizevnu-vecer\/\"},\"wordCount\":319,\"commentCount\":0,\"publisher\":{\"@id\":\"https:\/\/haz.hr\/#organization\"},\"image\":{\"@id\":\"https:\/\/haz.hr\/2025\/04\/30\/hazff-najavljuje-konferenciju-knjizevnu-vecer\/#primaryimage\"},\"thumbnailUrl\":\"https:\/\/haz.hr\/wp-content\/uploads\/2025\/04\/1-1024x576.png\",\"keywords\":[\"knjizevnost\",\"konferencija\"],\"articleSection\":[\"HAZ novosti\",\"HAZff novosti\"],\"inLanguage\":\"en-GB\",\"potentialAction\":[{\"@type\":\"CommentAction\",\"name\":\"Comment\",\"target\":[\"https:\/\/haz.hr\/2025\/04\/30\/hazff-najavljuje-konferenciju-knjizevnu-vecer\/#respond\"]}]},{\"@type\":\"WebPage\",\"@id\":\"https:\/\/haz.hr\/2025\/04\/30\/hazff-najavljuje-konferenciju-knjizevnu-vecer\/\",\"url\":\"https:\/\/haz.hr\/2025\/04\/30\/hazff-najavljuje-konferenciju-knjizevnu-vecer\/\",\"name\":\"HAZff najavljuje konferenciju \\\"Knji\u017eevnu ve\u010der\\\" - HAZ\",\"isPartOf\":{\"@id\":\"https:\/\/haz.hr\/#website\"},\"primaryImageOfPage\":{\"@id\":\"https:\/\/haz.hr\/2025\/04\/30\/hazff-najavljuje-konferenciju-knjizevnu-vecer\/#primaryimage\"},\"image\":{\"@id\":\"https:\/\/haz.hr\/2025\/04\/30\/hazff-najavljuje-konferenciju-knjizevnu-vecer\/#primaryimage\"},\"thumbnailUrl\":\"https:\/\/haz.hr\/wp-content\/uploads\/2025\/04\/1-1024x576.png\",\"datePublished\":\"2025-04-30T15:03:32+00:00\",\"dateModified\":\"2025-04-30T15:03:33+00:00\",\"breadcrumb\":{\"@id\":\"https:\/\/haz.hr\/2025\/04\/30\/hazff-najavljuje-konferenciju-knjizevnu-vecer\/#breadcrumb\"},\"inLanguage\":\"en-GB\",\"potentialAction\":[{\"@type\":\"ReadAction\",\"target\":[\"https:\/\/haz.hr\/2025\/04\/30\/hazff-najavljuje-konferenciju-knjizevnu-vecer\/\"]}]},{\"@type\":\"ImageObject\",\"inLanguage\":\"en-GB\",\"@id\":\"https:\/\/haz.hr\/2025\/04\/30\/hazff-najavljuje-konferenciju-knjizevnu-vecer\/#primaryimage\",\"url\":\"https:\/\/haz.hr\/wp-content\/uploads\/2025\/04\/1-1024x576.png\",\"contentUrl\":\"https:\/\/haz.hr\/wp-content\/uploads\/2025\/04\/1-1024x576.png\"},{\"@type\":\"BreadcrumbList\",\"@id\":\"https:\/\/haz.hr\/2025\/04\/30\/hazff-najavljuje-konferenciju-knjizevnu-vecer\/#breadcrumb\",\"itemListElement\":[{\"@type\":\"ListItem\",\"position\":1,\"name\":\"Home\",\"item\":\"https:\/\/haz.hr\/\"},{\"@type\":\"ListItem\",\"position\":2,\"name\":\"HAZff najavljuje konferenciju &#8220;Knji\u017eevnu ve\u010der&#8221;\"}]},{\"@type\":\"WebSite\",\"@id\":\"https:\/\/haz.hr\/#website\",\"url\":\"https:\/\/haz.hr\/\",\"name\":\"HAZ\",\"description\":\"Hrvatska akademska zajednica\",\"publisher\":{\"@id\":\"https:\/\/haz.hr\/#organization\"},\"potentialAction\":[{\"@type\":\"SearchAction\",\"target\":{\"@type\":\"EntryPoint\",\"urlTemplate\":\"https:\/\/haz.hr\/?s={search_term_string}\"},\"query-input\":{\"@type\":\"PropertyValueSpecification\",\"valueRequired\":true,\"valueName\":\"search_term_string\"}}],\"inLanguage\":\"en-GB\"},{\"@type\":\"Organization\",\"@id\":\"https:\/\/haz.hr\/#organization\",\"name\":\"HAZ\",\"url\":\"https:\/\/haz.hr\/\",\"logo\":{\"@type\":\"ImageObject\",\"inLanguage\":\"en-GB\",\"@id\":\"https:\/\/haz.hr\/#\/schema\/logo\/image\/\",\"url\":\"https:\/\/haz.hr\/wp-content\/uploads\/2022\/12\/cropped-HAZ_logo.png\",\"contentUrl\":\"https:\/\/haz.hr\/wp-content\/uploads\/2022\/12\/cropped-HAZ_logo.png\",\"width\":125,\"height\":76,\"caption\":\"HAZ\"},\"image\":{\"@id\":\"https:\/\/haz.hr\/#\/schema\/logo\/image\/\"}},{\"@type\":\"Person\",\"@id\":\"https:\/\/haz.hr\/#\/schema\/person\/aad9ee756613deb6052af0080ef06258\",\"name\":\"Marko Mili\u0107\",\"image\":{\"@type\":\"ImageObject\",\"inLanguage\":\"en-GB\",\"@id\":\"https:\/\/haz.hr\/#\/schema\/person\/image\/\",\"url\":\"https:\/\/secure.gravatar.com\/avatar\/ab8849391ff7d2fc1a42feba8c36b8de89ce8fd0048c6dfa27bb6bda192d2dcb?s=96&d=mm&r=g\",\"contentUrl\":\"https:\/\/secure.gravatar.com\/avatar\/ab8849391ff7d2fc1a42feba8c36b8de89ce8fd0048c6dfa27bb6bda192d2dcb?s=96&d=mm&r=g\",\"caption\":\"Marko Mili\u0107\"},\"sameAs\":[\"http:\/\/haz.hr\"],\"url\":\"https:\/\/haz.hr\/en\/author\/mmilic\/\"}]}<\/script>\n<!-- \/ Yoast SEO plugin. -->","yoast_head_json":{"title":"HAZff najavljuje konferenciju \"Knji\u017eevnu ve\u010der\" - HAZ","robots":{"index":"index","follow":"follow","max-snippet":"max-snippet:-1","max-image-preview":"max-image-preview:large","max-video-preview":"max-video-preview:-1"},"canonical":"https:\/\/haz.hr\/en\/2025\/04\/30\/hazff-najavljuje-konferenciju-knjizevnu-vecer\/","og_locale":"en_GB","og_type":"article","og_title":"HAZff najavljuje konferenciju \"Knji\u017eevnu ve\u010der\" - HAZ","og_description":"Hrvatska akademska zajednica Filozofskog fakulteta Sveu\u010dili\u0161ta u Zagrebu (HAZff) s osobitim zadovoljstvom najavljuje \u201eKnji\u017eevnu ve\u010der\u201c, doga\u0111anje osmi\u0161ljeno kao prostor susreta ideja, dijaloga i knji\u017eevne inspiracije. Ova ve\u010der posve\u0107ena je promi\u0161ljanju [&hellip;]","og_url":"https:\/\/haz.hr\/en\/2025\/04\/30\/hazff-najavljuje-konferenciju-knjizevnu-vecer\/","og_site_name":"HAZ","article_published_time":"2025-04-30T15:03:32+00:00","article_modified_time":"2025-04-30T15:03:33+00:00","og_image":[{"width":1024,"height":576,"url":"https:\/\/haz.hr\/wp-content\/uploads\/2025\/04\/1-1024x576.png","type":"image\/png"}],"author":"Marko Mili\u0107","twitter_card":"summary_large_image","twitter_misc":{"Written by":"Marko Mili\u0107","Est. reading time":"2 minutes"},"schema":{"@context":"https:\/\/schema.org","@graph":[{"@type":"Article","@id":"https:\/\/haz.hr\/2025\/04\/30\/hazff-najavljuje-konferenciju-knjizevnu-vecer\/#article","isPartOf":{"@id":"https:\/\/haz.hr\/2025\/04\/30\/hazff-najavljuje-konferenciju-knjizevnu-vecer\/"},"author":{"name":"Marko Mili\u0107","@id":"https:\/\/haz.hr\/#\/schema\/person\/aad9ee756613deb6052af0080ef06258"},"headline":"HAZff najavljuje konferenciju &#8220;Knji\u017eevnu ve\u010der&#8221;","datePublished":"2025-04-30T15:03:32+00:00","dateModified":"2025-04-30T15:03:33+00:00","mainEntityOfPage":{"@id":"https:\/\/haz.hr\/2025\/04\/30\/hazff-najavljuje-konferenciju-knjizevnu-vecer\/"},"wordCount":319,"commentCount":0,"publisher":{"@id":"https:\/\/haz.hr\/#organization"},"image":{"@id":"https:\/\/haz.hr\/2025\/04\/30\/hazff-najavljuje-konferenciju-knjizevnu-vecer\/#primaryimage"},"thumbnailUrl":"https:\/\/haz.hr\/wp-content\/uploads\/2025\/04\/1-1024x576.png","keywords":["knjizevnost","konferencija"],"articleSection":["HAZ novosti","HAZff novosti"],"inLanguage":"en-GB","potentialAction":[{"@type":"CommentAction","name":"Comment","target":["https:\/\/haz.hr\/2025\/04\/30\/hazff-najavljuje-konferenciju-knjizevnu-vecer\/#respond"]}]},{"@type":"WebPage","@id":"https:\/\/haz.hr\/2025\/04\/30\/hazff-najavljuje-konferenciju-knjizevnu-vecer\/","url":"https:\/\/haz.hr\/2025\/04\/30\/hazff-najavljuje-konferenciju-knjizevnu-vecer\/","name":"HAZff najavljuje konferenciju \"Knji\u017eevnu ve\u010der\" - HAZ","isPartOf":{"@id":"https:\/\/haz.hr\/#website"},"primaryImageOfPage":{"@id":"https:\/\/haz.hr\/2025\/04\/30\/hazff-najavljuje-konferenciju-knjizevnu-vecer\/#primaryimage"},"image":{"@id":"https:\/\/haz.hr\/2025\/04\/30\/hazff-najavljuje-konferenciju-knjizevnu-vecer\/#primaryimage"},"thumbnailUrl":"https:\/\/haz.hr\/wp-content\/uploads\/2025\/04\/1-1024x576.png","datePublished":"2025-04-30T15:03:32+00:00","dateModified":"2025-04-30T15:03:33+00:00","breadcrumb":{"@id":"https:\/\/haz.hr\/2025\/04\/30\/hazff-najavljuje-konferenciju-knjizevnu-vecer\/#breadcrumb"},"inLanguage":"en-GB","potentialAction":[{"@type":"ReadAction","target":["https:\/\/haz.hr\/2025\/04\/30\/hazff-najavljuje-konferenciju-knjizevnu-vecer\/"]}]},{"@type":"ImageObject","inLanguage":"en-GB","@id":"https:\/\/haz.hr\/2025\/04\/30\/hazff-najavljuje-konferenciju-knjizevnu-vecer\/#primaryimage","url":"https:\/\/haz.hr\/wp-content\/uploads\/2025\/04\/1-1024x576.png","contentUrl":"https:\/\/haz.hr\/wp-content\/uploads\/2025\/04\/1-1024x576.png"},{"@type":"BreadcrumbList","@id":"https:\/\/haz.hr\/2025\/04\/30\/hazff-najavljuje-konferenciju-knjizevnu-vecer\/#breadcrumb","itemListElement":[{"@type":"ListItem","position":1,"name":"Home","item":"https:\/\/haz.hr\/"},{"@type":"ListItem","position":2,"name":"HAZff najavljuje konferenciju &#8220;Knji\u017eevnu ve\u010der&#8221;"}]},{"@type":"WebSite","@id":"https:\/\/haz.hr\/#website","url":"https:\/\/haz.hr\/","name":"HAZ","description":"Croatian Academic Community","publisher":{"@id":"https:\/\/haz.hr\/#organization"},"potentialAction":[{"@type":"SearchAction","target":{"@type":"EntryPoint","urlTemplate":"https:\/\/haz.hr\/?s={search_term_string}"},"query-input":{"@type":"PropertyValueSpecification","valueRequired":true,"valueName":"search_term_string"}}],"inLanguage":"en-GB"},{"@type":"Organization","@id":"https:\/\/haz.hr\/#organization","name":"HAZ","url":"https:\/\/haz.hr\/","logo":{"@type":"ImageObject","inLanguage":"en-GB","@id":"https:\/\/haz.hr\/#\/schema\/logo\/image\/","url":"https:\/\/haz.hr\/wp-content\/uploads\/2022\/12\/cropped-HAZ_logo.png","contentUrl":"https:\/\/haz.hr\/wp-content\/uploads\/2022\/12\/cropped-HAZ_logo.png","width":125,"height":76,"caption":"HAZ"},"image":{"@id":"https:\/\/haz.hr\/#\/schema\/logo\/image\/"}},{"@type":"Person","@id":"https:\/\/haz.hr\/#\/schema\/person\/aad9ee756613deb6052af0080ef06258","name":"Marko Mili\u0107","image":{"@type":"ImageObject","inLanguage":"en-GB","@id":"https:\/\/haz.hr\/#\/schema\/person\/image\/","url":"https:\/\/secure.gravatar.com\/avatar\/ab8849391ff7d2fc1a42feba8c36b8de89ce8fd0048c6dfa27bb6bda192d2dcb?s=96&d=mm&r=g","contentUrl":"https:\/\/secure.gravatar.com\/avatar\/ab8849391ff7d2fc1a42feba8c36b8de89ce8fd0048c6dfa27bb6bda192d2dcb?s=96&d=mm&r=g","caption":"Marko Mili\u0107"},"sameAs":["http:\/\/haz.hr"],"url":"https:\/\/haz.hr\/en\/author\/mmilic\/"}]}},"_links":{"self":[{"href":"https:\/\/haz.hr\/en\/wp-json\/wp\/v2\/posts\/3458","targetHints":{"allow":["GET"]}}],"collection":[{"href":"https:\/\/haz.hr\/en\/wp-json\/wp\/v2\/posts"}],"about":[{"href":"https:\/\/haz.hr\/en\/wp-json\/wp\/v2\/types\/post"}],"author":[{"embeddable":true,"href":"https:\/\/haz.hr\/en\/wp-json\/wp\/v2\/users\/20"}],"replies":[{"embeddable":true,"href":"https:\/\/haz.hr\/en\/wp-json\/wp\/v2\/comments?post=3458"}],"version-history":[{"count":1,"href":"https:\/\/haz.hr\/en\/wp-json\/wp\/v2\/posts\/3458\/revisions"}],"predecessor-version":[{"id":3461,"href":"https:\/\/haz.hr\/en\/wp-json\/wp\/v2\/posts\/3458\/revisions\/3461"}],"wp:attachment":[{"href":"https:\/\/haz.hr\/en\/wp-json\/wp\/v2\/media?parent=3458"}],"wp:term":[{"taxonomy":"category","embeddable":true,"href":"https:\/\/haz.hr\/en\/wp-json\/wp\/v2\/categories?post=3458"},{"taxonomy":"post_tag","embeddable":true,"href":"https:\/\/haz.hr\/en\/wp-json\/wp\/v2\/tags?post=3458"}],"curies":[{"name":"wp","href":"https:\/\/api.w.org\/{rel}","templated":true}]}}