{"id":3472,"date":"2025-05-09T15:38:59","date_gmt":"2025-05-09T15:38:59","guid":{"rendered":"https:\/\/haz.hr\/?p=3472"},"modified":"2025-05-09T15:50:19","modified_gmt":"2025-05-09T15:50:19","slug":"izvjestaj-s-roditeljstvo-iza-resetaka","status":"publish","type":"post","link":"https:\/\/haz.hr\/en\/2025\/05\/09\/izvjestaj-s-roditeljstvo-iza-resetaka\/","title":{"rendered":"IZVJE\u0160TAJ S \u201eRODITELJSTVO IZA RE\u0160ETAKA\u201c"},"content":{"rendered":"<p class=\"wp-block-paragraph\">U subotu 22. o\u017eujka 2025. na Pravnom fakultetu Sveu\u010dili\u0161ta u Zagrebu, ogranak Hrvatske akademske zajednice na Pravnom fakultetu odr\u017eao je konferenciju: \u201eRoditeljstvo iza re\u0161etaka\u201d. \u00a0Cilj konferencije bio je osvijestiti studentsku, ali i drugu zainteresiranu populaciju o medijski slabo popra\u0107enom fenomenu, a to su prava djece zatvorenika i svi izazovi te problemi s kojima se suo\u010davaju. <\/p>\n\n\n\n<figure class=\"wp-block-image size-full\"><img fetchpriority=\"high\" decoding=\"async\" width=\"801\" height=\"348\" src=\"https:\/\/haz.hr\/wp-content\/uploads\/2025\/05\/Snimka-zaslona-2025-05-09-171948.png\" alt=\"\" class=\"wp-image-3474\" srcset=\"https:\/\/haz.hr\/wp-content\/uploads\/2025\/05\/Snimka-zaslona-2025-05-09-171948.png 801w, https:\/\/haz.hr\/wp-content\/uploads\/2025\/05\/Snimka-zaslona-2025-05-09-171948-300x130.png 300w, https:\/\/haz.hr\/wp-content\/uploads\/2025\/05\/Snimka-zaslona-2025-05-09-171948-768x334.png 768w\" sizes=\"(max-width: 801px) 100vw, 801px\" \/><\/figure>\n\n\n\n<p class=\"wp-block-paragraph\">Dvorana IV u Gunduli\u0107evoj 10 bila je ispunjena studentima, srednjo\u0161kolcima i drugim posjetiteljima koji su kroz dvije panel rasprave i intervju imali priliku poslu\u0161ati raspravu o izazovima i mogu\u0107nostima o\u010duvanja obiteljskih odnosa unutar kaznenopravnog sustava.<\/p>\n\n\n\n<p class=\"wp-block-paragraph\">Kroz interdisciplinarni pristup i suradnju stru\u010dnjaka razli\u010ditih podru\u010dja &#8211; pravnici, socijalni radnici, psiholozi, ovom se konferencijom potaknuo dijalog o polo\u017eaju djece zatvorenika u dru\u0161tvu te mogu\u0107nostima za unapre\u0111enje sustava podr\u0161ke, za\u0161tite te pro\u0161irenja prava i skrbi. Sudionici konferencije su se bolje upoznali sa zakonodavnim okvirom u Hrvatskoj, primjerima dobrih praksi, ali i pote\u0161ko\u0107a s kojima se suo\u010davaju. Konferenciju je u ime Hrvatske akademske zajednice na Pravnom fakultetu u Zagrebu otvorila voditeljica projekta Laura Lu\u010di\u0107 koja je sve nazo\u010dne upoznala sa radom udruge. Prodekanica za nastavu Pravnog fakulteta prof. dr. sc. Mirela Kre\u0161i\u0107 istaknula je cilj i va\u017enost projekta, time najavljuju\u0107i prvi panel \u201eIzme\u0111u kazne i obitelji\u201d kojeg su odr\u017eale dr. sc. Lana Peto Kujund\u017ei\u0107, prof. dr. sr. Elizabeta Ivi\u010devi\u0107 Karas, dipl. soc. radnica Sandra Kos i mr. sc. Tatjana Katki\u0107 Stani\u0107. <\/p>\n\n\n\n<figure class=\"wp-block-image size-full is-resized\"><img decoding=\"async\" width=\"492\" height=\"496\" src=\"https:\/\/haz.hr\/wp-content\/uploads\/2025\/05\/Snimka-zaslona-2025-05-09-172119.png\" alt=\"\" class=\"wp-image-3475\" style=\"width:452px;height:auto\" srcset=\"https:\/\/haz.hr\/wp-content\/uploads\/2025\/05\/Snimka-zaslona-2025-05-09-172119.png 492w, https:\/\/haz.hr\/wp-content\/uploads\/2025\/05\/Snimka-zaslona-2025-05-09-172119-298x300.png 298w, https:\/\/haz.hr\/wp-content\/uploads\/2025\/05\/Snimka-zaslona-2025-05-09-172119-150x150.png 150w\" sizes=\"(max-width: 492px) 100vw, 492px\" \/><\/figure>\n\n\n\n<p class=\"wp-block-paragraph\">Panelistice su istaknule da je klju\u010dno odr\u017eavati interdisciplinarnost kako bi sustav \u0161to bolje funkcionirao. Posebno su naglasile da bez suradnje pravnika, socijalnih radnika i psihologa sustav ne mo\u017ee adekvatno reagirati na izazove koje donosi situacija kada djetetu roditelj odnosno roditelji zavr\u0161e iza re\u0161etaka.<\/p>\n\n\n\n<p class=\"wp-block-paragraph\">Na drugom panelu pod nazivom \u201ePsihologija, rehabilitacija i podr\u0161ka\u201d \u00a0sudjelovali su mr. sc. prof. psihologije Maja Gabelica \u0160upljka, prof. emerita Marina Ajdukovi\u0107, mag. psych. Ivana Gara\u0161i\u0107 i mag. psych. Helena Ra\u0161i\u0107. <\/p>\n\n\n\n<figure class=\"wp-block-image size-full is-resized\"><img decoding=\"async\" width=\"421\" height=\"378\" src=\"https:\/\/haz.hr\/wp-content\/uploads\/2025\/05\/Snimka-zaslona-2025-05-09-172258.png\" alt=\"\" class=\"wp-image-3476\" style=\"width:454px;height:auto\" srcset=\"https:\/\/haz.hr\/wp-content\/uploads\/2025\/05\/Snimka-zaslona-2025-05-09-172258.png 421w, https:\/\/haz.hr\/wp-content\/uploads\/2025\/05\/Snimka-zaslona-2025-05-09-172258-300x269.png 300w\" sizes=\"(max-width: 421px) 100vw, 421px\" \/><\/figure>\n\n\n\n<p class=\"wp-block-paragraph\">Panelistice su konstatirale da je va\u017eno raditi na destigmatizaciji ranjivih skupina. Osim toga, napomenule su da je izuzetno bitno o\u010duvati najbolji interes djeteta, te da bi dijete uvijek trebalo biti u pedago\u0161kom fokusu. Uz to naglasile su da treba pru\u017eiti podr\u0161ku, edukaciju i pomo\u0107 osobama koje \u0107e skrbiti o djeci \u010diji su roditelji zavr\u0161ili u zatvoru.<\/p>\n\n\n\n<p class=\"wp-block-paragraph\">Tre\u0107i i posljednji panel, odnosno intervju, &nbsp;pod nazivom \u201eOd zatvora do diplome: Pri\u010da Angela Andonova\u201d imao je priliku osobno ugostiti Angela Andonova, diplomiranog pravnika i osniva\u010da udruge \u201eAngelus Custos\u201d, pravomo\u0107no osu\u0111enog na 21 godinu zatvora zbog krijum\u010darenja kokaina.<\/p>\n\n\n\n<p class=\"wp-block-paragraph\">Angel Andonov je \u010dovjek \u010dija \u017eivotna pri\u010da spaja pad i iskupljenje, kriminal i obrazovanje, zatvor i pravnu znanost. Andonov, nekada poznati zagreba\u010dki ugostitelj, 2003. godine uhi\u0107en je zbog poku\u0161aja krijum\u010darenja 336 kilograma kokaina iz Ju\u017ene Amerike u Hrvatsku. U ekspresnom sudskom postupku, Andonovu je izre\u010dena kazna od 21 godine.<\/p>\n\n\n\n<p class=\"wp-block-paragraph\">Tijekom izdr\u017eavanja kazne, Andonov je odlu\u010dio zavr\u0161iti studij prava koji je ranije prekinuo. Uz podr\u0161ku Ministarstva pravosu\u0111a i Pravnog fakulteta u Splitu, polo\u017eio je sve ispite s prosjekom ocjena 4,7, a diplomski rad napisao je na temu &#8220;Zakon o izvr\u0161avanju kazne zatvora&#8221;, uspore\u0111uju\u0107i hrvatsku praksu s europskom. Nakon 18 godina provedenih iza re\u0161etaka, Andonov je pu\u0161ten na uvjetnu slobodu. Danas se zala\u017ee za pomo\u0107 biv\u0161im zatvorenicima u reintegraciji u dru\u0161tvo, koriste\u0107i svoje iskustvo kako bi unaprijedio postpenalnu skrb. <\/p>\n\n\n\n<figure class=\"wp-block-image size-full is-resized\"><img loading=\"lazy\" decoding=\"async\" width=\"478\" height=\"461\" src=\"https:\/\/haz.hr\/wp-content\/uploads\/2025\/05\/Snimka-zaslona-2025-05-09-172451.png\" alt=\"\" class=\"wp-image-3477\" style=\"width:457px;height:auto\" srcset=\"https:\/\/haz.hr\/wp-content\/uploads\/2025\/05\/Snimka-zaslona-2025-05-09-172451.png 478w, https:\/\/haz.hr\/wp-content\/uploads\/2025\/05\/Snimka-zaslona-2025-05-09-172451-300x289.png 300w\" sizes=\"(max-width: 478px) 100vw, 478px\" \/><\/figure>\n\n\n\n<p class=\"wp-block-paragraph\">Tijekom 18 godina provedenih u zatvoru, Angel Andonov suo\u010davao se s osobito bolnim aspektom svoje kazne \u2013 udaljeno\u0161\u0107u od vlastitog djeteta. U trenutku njegova uhi\u0107enja, dijete je bilo maloljetno, a odnos oca i sina bio je gotovo potpuno prekinut tijekom prvih godina zatvora.<\/p>\n\n\n\n<p class=\"wp-block-paragraph\">Andonov je iskreno govorio o emocionalnoj te\u017eini tog razdoblja, priznaju\u0107i da je najte\u017ei teret kazne bila upravo spoznaja da propu\u0161ta djetetovo odrastanje \u2013 prve korake, \u0161kolske dane, tinejd\u017eerske dileme. Kontakt su odr\u017eavali isklju\u010divo pismima i povremenim posjetama, koje su bile rijetke zbog logisti\u010dkih i emocionalnih prepreka. Andonov je kroz godine, osobito kako je sazrijevao i kroz studij prava mijenjao vlastiti pogled na o\u010dinstvo, nastoje\u0107i popraviti \u0161to se popraviti mo\u017ee. Kasnije je priznao da je upravo \u017eelja da sinu postane pozitivan primjer bila jedan od glavnih motiva za njegovo akademsko i osobno preoblikovanje. Iako odnos nikada nije u potpunosti nadokna\u0111en, njihova povezanost se postupno obnavljala, &nbsp;osobito nakon Andonovljeva izlaska na slobodu. Sam je izjavio da danas te\u017ei biti prisutan otac, a ne samo figura iz pro\u0161losti koju je njegov sin znao samo kroz pri\u010de i posjete u zatvorskoj sobi. Na na\u0161oj konferenciji je istaknuo va\u017enost obrazovanja i osobne transformacije, &nbsp;nagla\u0161avaju\u0107i da je pohlepa bila motiv njegovih ranijih postupaka, ali da je kroz obrazovanje prona\u0161ao novi smisao i put prema dru\u0161tveno korisnom \u017eivotu. Njegova pri\u010da izazvala je razli\u010dite reakcije me\u0111u sudionicima konferencije, poti\u010du\u0107i raspravu o mogu\u0107nostima rehabilitacije i ulozi obrazovanja u zatvorskom sustavu.<\/p>\n\n\n\n<p class=\"wp-block-paragraph\"> <\/p>\n\n\n\n<figure class=\"wp-block-image size-full is-resized\"><img loading=\"lazy\" decoding=\"async\" width=\"428\" height=\"427\" src=\"https:\/\/haz.hr\/wp-content\/uploads\/2025\/05\/image.png\" alt=\"\" class=\"wp-image-3478\" style=\"width:419px;height:auto\" srcset=\"https:\/\/haz.hr\/wp-content\/uploads\/2025\/05\/image.png 428w, https:\/\/haz.hr\/wp-content\/uploads\/2025\/05\/image-300x300.png 300w, https:\/\/haz.hr\/wp-content\/uploads\/2025\/05\/image-150x150.png 150w\" sizes=\"(max-width: 428px) 100vw, 428px\" \/><\/figure>\n\n\n\n<p class=\"wp-block-paragraph\"> <\/p>\n\n\n\n<p class=\"wp-block-paragraph\"><strong>Zaklju\u010dak konferencije<\/strong><\/p>\n\n\n\n<figure class=\"wp-block-image size-full is-resized\"><img loading=\"lazy\" decoding=\"async\" width=\"641\" height=\"648\" src=\"https:\/\/haz.hr\/wp-content\/uploads\/2025\/05\/image-2.png\" alt=\"\" class=\"wp-image-3480\" style=\"width:424px;height:auto\" srcset=\"https:\/\/haz.hr\/wp-content\/uploads\/2025\/05\/image-2.png 641w, https:\/\/haz.hr\/wp-content\/uploads\/2025\/05\/image-2-297x300.png 297w\" sizes=\"(max-width: 641px) 100vw, 641px\" \/><\/figure>\n\n\n\n<p class=\"wp-block-paragraph\">Konferencija je kroz dva panela, pravno-socijalni i priholo\u0161ki, te intervju s Angelom Andonovom ponudila vi\u0161edimenzionalni uvid u kompleksnost zatvorskog sustava i njegov utjecaj na obitelji, osobito na djecu zatvorenika. Pravni stru\u010dnjaci su naglasili potrebu za boljim zakonodavnim okvirom za postpenalnu skrb i kontakt djece s roditeljima u zatvoru. Psiholozi su upozorili na emocionalne traume koje djeca pro\u017eivljavaju i va\u017enost kontinuirane emocionalne veze, dok su socijalni radnici istaknuli manjak institucionalne podr\u0161ke za te obitelji. Kada roditelj zavr\u0161i u zatvoru, najva\u017enije za dijete je \u2013 kontinuitet odnosa. Dijete mora znati da nije napu\u0161teno, da roditelj nije zaboravio na njega, i da postoji mogu\u0107nost veze, pa makar ona bila ograni\u010dena i kroz pismenu, telefonsku ili povremenu fizi\u010dku prisutnost. Odr\u017eavanje te emocionalne niti, bez obzira na okolnosti, klju\u010dno je za djetetov osje\u0107aj sigurnosti, identiteta i budu\u0107u stabilnost.<\/p>\n\n\n\n<figure class=\"wp-block-image size-full is-resized\"><img loading=\"lazy\" decoding=\"async\" width=\"641\" height=\"577\" src=\"https:\/\/haz.hr\/wp-content\/uploads\/2025\/05\/image-3.png\" alt=\"\" class=\"wp-image-3481\" style=\"width:408px;height:auto\" srcset=\"https:\/\/haz.hr\/wp-content\/uploads\/2025\/05\/image-3.png 641w, https:\/\/haz.hr\/wp-content\/uploads\/2025\/05\/image-3-300x270.png 300w\" sizes=\"(max-width: 641px) 100vw, 641px\" \/><\/figure>\n\n\n\n<figure class=\"wp-block-image size-full is-resized\"><img loading=\"lazy\" decoding=\"async\" width=\"649\" height=\"596\" src=\"https:\/\/haz.hr\/wp-content\/uploads\/2025\/05\/image-5.png\" alt=\"\" class=\"wp-image-3483\" style=\"width:408px;height:auto\" srcset=\"https:\/\/haz.hr\/wp-content\/uploads\/2025\/05\/image-5.png 649w, https:\/\/haz.hr\/wp-content\/uploads\/2025\/05\/image-5-300x276.png 300w\" sizes=\"(max-width: 649px) 100vw, 649px\" \/><\/figure>\n\n\n\n<p class=\"wp-block-paragraph\"><\/p>","protected":false},"excerpt":{"rendered":"<p>U subotu 22. o\u017eujka 2025. na Pravnom fakultetu Sveu\u010dili\u0161ta u Zagrebu, ogranak Hrvatske akademske zajednice na Pravnom fakultetu odr\u017eao je konferenciju: \u201eRoditeljstvo iza re\u0161etaka\u201d. \u00a0Cilj konferencije bio je osvijestiti studentsku, [&hellip;]<\/p>\n","protected":false},"author":19,"featured_media":3473,"comment_status":"open","ping_status":"open","sticky":false,"template":"","format":"standard","meta":{"footnotes":""},"categories":[14,10,48],"tags":[],"class_list":["post-3472","post","type-post","status-publish","format-standard","has-post-thumbnail","hentry","category-haz-novosti","category-haz-unizg","category-hazfpzg-novosti"],"yoast_head":"<!-- This site is optimized with the Yoast SEO plugin v23.7 - https:\/\/yoast.com\/wordpress\/plugins\/seo\/ -->\n<title>IZVJE\u0160TAJ S \u201eRODITELJSTVO IZA RE\u0160ETAKA\u201c - HAZ<\/title>\n<meta name=\"robots\" content=\"index, follow, max-snippet:-1, max-image-preview:large, max-video-preview:-1\" \/>\n<link rel=\"canonical\" href=\"https:\/\/haz.hr\/en\/2025\/05\/09\/izvjestaj-s-roditeljstvo-iza-resetaka\/\" \/>\n<meta property=\"og:locale\" content=\"en_GB\" \/>\n<meta property=\"og:type\" content=\"article\" \/>\n<meta property=\"og:title\" content=\"IZVJE\u0160TAJ S \u201eRODITELJSTVO IZA RE\u0160ETAKA\u201c - HAZ\" \/>\n<meta property=\"og:description\" content=\"U subotu 22. o\u017eujka 2025. na Pravnom fakultetu Sveu\u010dili\u0161ta u Zagrebu, ogranak Hrvatske akademske zajednice na Pravnom fakultetu odr\u017eao je konferenciju: \u201eRoditeljstvo iza re\u0161etaka\u201d. \u00a0Cilj konferencije bio je osvijestiti studentsku, [&hellip;]\" \/>\n<meta property=\"og:url\" content=\"https:\/\/haz.hr\/en\/2025\/05\/09\/izvjestaj-s-roditeljstvo-iza-resetaka\/\" \/>\n<meta property=\"og:site_name\" content=\"HAZ\" \/>\n<meta property=\"article:published_time\" content=\"2025-05-09T15:38:59+00:00\" \/>\n<meta property=\"article:modified_time\" content=\"2025-05-09T15:50:19+00:00\" \/>\n<meta property=\"og:image\" content=\"https:\/\/haz.hr\/wp-content\/uploads\/2025\/05\/Snimka-zaslona-2025-05-09-171648.png\" \/>\n\t<meta property=\"og:image:width\" content=\"883\" \/>\n\t<meta property=\"og:image:height\" content=\"412\" \/>\n\t<meta property=\"og:image:type\" content=\"image\/png\" \/>\n<meta name=\"author\" content=\"Sara Karoglan\" \/>\n<meta name=\"twitter:card\" content=\"summary_large_image\" \/>\n<meta name=\"twitter:label1\" content=\"Written by\" \/>\n\t<meta name=\"twitter:data1\" content=\"Sara Karoglan\" \/>\n\t<meta name=\"twitter:label2\" content=\"Est. reading time\" \/>\n\t<meta name=\"twitter:data2\" content=\"7 minutes\" \/>\n<script type=\"application\/ld+json\" class=\"yoast-schema-graph\">{\"@context\":\"https:\/\/schema.org\",\"@graph\":[{\"@type\":\"Article\",\"@id\":\"https:\/\/haz.hr\/2025\/05\/09\/izvjestaj-s-roditeljstvo-iza-resetaka\/#article\",\"isPartOf\":{\"@id\":\"https:\/\/haz.hr\/2025\/05\/09\/izvjestaj-s-roditeljstvo-iza-resetaka\/\"},\"author\":{\"name\":\"Sara Karoglan\",\"@id\":\"https:\/\/haz.hr\/#\/schema\/person\/e4af13935d8129e2ddeb8c531d90ec00\"},\"headline\":\"IZVJE\u0160TAJ S \u201eRODITELJSTVO IZA RE\u0160ETAKA\u201c\",\"datePublished\":\"2025-05-09T15:38:59+00:00\",\"dateModified\":\"2025-05-09T15:50:19+00:00\",\"mainEntityOfPage\":{\"@id\":\"https:\/\/haz.hr\/2025\/05\/09\/izvjestaj-s-roditeljstvo-iza-resetaka\/\"},\"wordCount\":1005,\"commentCount\":0,\"publisher\":{\"@id\":\"https:\/\/haz.hr\/#organization\"},\"image\":{\"@id\":\"https:\/\/haz.hr\/2025\/05\/09\/izvjestaj-s-roditeljstvo-iza-resetaka\/#primaryimage\"},\"thumbnailUrl\":\"https:\/\/haz.hr\/wp-content\/uploads\/2025\/05\/Snimka-zaslona-2025-05-09-171648.png\",\"articleSection\":[\"HAZ novosti\",\"HAZ UniZg novosti\",\"HAZfpzg novosti\"],\"inLanguage\":\"en-GB\",\"potentialAction\":[{\"@type\":\"CommentAction\",\"name\":\"Comment\",\"target\":[\"https:\/\/haz.hr\/2025\/05\/09\/izvjestaj-s-roditeljstvo-iza-resetaka\/#respond\"]}]},{\"@type\":\"WebPage\",\"@id\":\"https:\/\/haz.hr\/2025\/05\/09\/izvjestaj-s-roditeljstvo-iza-resetaka\/\",\"url\":\"https:\/\/haz.hr\/2025\/05\/09\/izvjestaj-s-roditeljstvo-iza-resetaka\/\",\"name\":\"IZVJE\u0160TAJ S \u201eRODITELJSTVO IZA RE\u0160ETAKA\u201c - HAZ\",\"isPartOf\":{\"@id\":\"https:\/\/haz.hr\/#website\"},\"primaryImageOfPage\":{\"@id\":\"https:\/\/haz.hr\/2025\/05\/09\/izvjestaj-s-roditeljstvo-iza-resetaka\/#primaryimage\"},\"image\":{\"@id\":\"https:\/\/haz.hr\/2025\/05\/09\/izvjestaj-s-roditeljstvo-iza-resetaka\/#primaryimage\"},\"thumbnailUrl\":\"https:\/\/haz.hr\/wp-content\/uploads\/2025\/05\/Snimka-zaslona-2025-05-09-171648.png\",\"datePublished\":\"2025-05-09T15:38:59+00:00\",\"dateModified\":\"2025-05-09T15:50:19+00:00\",\"breadcrumb\":{\"@id\":\"https:\/\/haz.hr\/2025\/05\/09\/izvjestaj-s-roditeljstvo-iza-resetaka\/#breadcrumb\"},\"inLanguage\":\"en-GB\",\"potentialAction\":[{\"@type\":\"ReadAction\",\"target\":[\"https:\/\/haz.hr\/2025\/05\/09\/izvjestaj-s-roditeljstvo-iza-resetaka\/\"]}]},{\"@type\":\"ImageObject\",\"inLanguage\":\"en-GB\",\"@id\":\"https:\/\/haz.hr\/2025\/05\/09\/izvjestaj-s-roditeljstvo-iza-resetaka\/#primaryimage\",\"url\":\"https:\/\/haz.hr\/wp-content\/uploads\/2025\/05\/Snimka-zaslona-2025-05-09-171648.png\",\"contentUrl\":\"https:\/\/haz.hr\/wp-content\/uploads\/2025\/05\/Snimka-zaslona-2025-05-09-171648.png\",\"width\":883,\"height\":412},{\"@type\":\"BreadcrumbList\",\"@id\":\"https:\/\/haz.hr\/2025\/05\/09\/izvjestaj-s-roditeljstvo-iza-resetaka\/#breadcrumb\",\"itemListElement\":[{\"@type\":\"ListItem\",\"position\":1,\"name\":\"Home\",\"item\":\"https:\/\/haz.hr\/\"},{\"@type\":\"ListItem\",\"position\":2,\"name\":\"IZVJE\u0160TAJ S \u201eRODITELJSTVO IZA RE\u0160ETAKA\u201c\"}]},{\"@type\":\"WebSite\",\"@id\":\"https:\/\/haz.hr\/#website\",\"url\":\"https:\/\/haz.hr\/\",\"name\":\"HAZ\",\"description\":\"Hrvatska akademska zajednica\",\"publisher\":{\"@id\":\"https:\/\/haz.hr\/#organization\"},\"potentialAction\":[{\"@type\":\"SearchAction\",\"target\":{\"@type\":\"EntryPoint\",\"urlTemplate\":\"https:\/\/haz.hr\/?s={search_term_string}\"},\"query-input\":{\"@type\":\"PropertyValueSpecification\",\"valueRequired\":true,\"valueName\":\"search_term_string\"}}],\"inLanguage\":\"en-GB\"},{\"@type\":\"Organization\",\"@id\":\"https:\/\/haz.hr\/#organization\",\"name\":\"HAZ\",\"url\":\"https:\/\/haz.hr\/\",\"logo\":{\"@type\":\"ImageObject\",\"inLanguage\":\"en-GB\",\"@id\":\"https:\/\/haz.hr\/#\/schema\/logo\/image\/\",\"url\":\"https:\/\/haz.hr\/wp-content\/uploads\/2022\/12\/cropped-HAZ_logo.png\",\"contentUrl\":\"https:\/\/haz.hr\/wp-content\/uploads\/2022\/12\/cropped-HAZ_logo.png\",\"width\":125,\"height\":76,\"caption\":\"HAZ\"},\"image\":{\"@id\":\"https:\/\/haz.hr\/#\/schema\/logo\/image\/\"}},{\"@type\":\"Person\",\"@id\":\"https:\/\/haz.hr\/#\/schema\/person\/e4af13935d8129e2ddeb8c531d90ec00\",\"name\":\"Sara Karoglan\",\"image\":{\"@type\":\"ImageObject\",\"inLanguage\":\"en-GB\",\"@id\":\"https:\/\/haz.hr\/#\/schema\/person\/image\/\",\"url\":\"https:\/\/secure.gravatar.com\/avatar\/dbd58fc85d967a33dcf84dca2f611ee267a6acc3285c0c745974a4f6ba0bba90?s=96&d=mm&r=g\",\"contentUrl\":\"https:\/\/secure.gravatar.com\/avatar\/dbd58fc85d967a33dcf84dca2f611ee267a6acc3285c0c745974a4f6ba0bba90?s=96&d=mm&r=g\",\"caption\":\"Sara Karoglan\"},\"sameAs\":[\"http:\/\/haz.hr\"],\"url\":\"https:\/\/haz.hr\/en\/author\/skarloglan\/\"}]}<\/script>\n<!-- \/ Yoast SEO plugin. -->","yoast_head_json":{"title":"IZVJE\u0160TAJ S \u201eRODITELJSTVO IZA RE\u0160ETAKA\u201c - HAZ","robots":{"index":"index","follow":"follow","max-snippet":"max-snippet:-1","max-image-preview":"max-image-preview:large","max-video-preview":"max-video-preview:-1"},"canonical":"https:\/\/haz.hr\/en\/2025\/05\/09\/izvjestaj-s-roditeljstvo-iza-resetaka\/","og_locale":"en_GB","og_type":"article","og_title":"IZVJE\u0160TAJ S \u201eRODITELJSTVO IZA RE\u0160ETAKA\u201c - HAZ","og_description":"U subotu 22. o\u017eujka 2025. na Pravnom fakultetu Sveu\u010dili\u0161ta u Zagrebu, ogranak Hrvatske akademske zajednice na Pravnom fakultetu odr\u017eao je konferenciju: \u201eRoditeljstvo iza re\u0161etaka\u201d. \u00a0Cilj konferencije bio je osvijestiti studentsku, [&hellip;]","og_url":"https:\/\/haz.hr\/en\/2025\/05\/09\/izvjestaj-s-roditeljstvo-iza-resetaka\/","og_site_name":"HAZ","article_published_time":"2025-05-09T15:38:59+00:00","article_modified_time":"2025-05-09T15:50:19+00:00","og_image":[{"width":883,"height":412,"url":"https:\/\/haz.hr\/wp-content\/uploads\/2025\/05\/Snimka-zaslona-2025-05-09-171648.png","type":"image\/png"}],"author":"Sara Karoglan","twitter_card":"summary_large_image","twitter_misc":{"Written by":"Sara Karoglan","Est. reading time":"7 minutes"},"schema":{"@context":"https:\/\/schema.org","@graph":[{"@type":"Article","@id":"https:\/\/haz.hr\/2025\/05\/09\/izvjestaj-s-roditeljstvo-iza-resetaka\/#article","isPartOf":{"@id":"https:\/\/haz.hr\/2025\/05\/09\/izvjestaj-s-roditeljstvo-iza-resetaka\/"},"author":{"name":"Sara Karoglan","@id":"https:\/\/haz.hr\/#\/schema\/person\/e4af13935d8129e2ddeb8c531d90ec00"},"headline":"IZVJE\u0160TAJ S \u201eRODITELJSTVO IZA RE\u0160ETAKA\u201c","datePublished":"2025-05-09T15:38:59+00:00","dateModified":"2025-05-09T15:50:19+00:00","mainEntityOfPage":{"@id":"https:\/\/haz.hr\/2025\/05\/09\/izvjestaj-s-roditeljstvo-iza-resetaka\/"},"wordCount":1005,"commentCount":0,"publisher":{"@id":"https:\/\/haz.hr\/#organization"},"image":{"@id":"https:\/\/haz.hr\/2025\/05\/09\/izvjestaj-s-roditeljstvo-iza-resetaka\/#primaryimage"},"thumbnailUrl":"https:\/\/haz.hr\/wp-content\/uploads\/2025\/05\/Snimka-zaslona-2025-05-09-171648.png","articleSection":["HAZ novosti","HAZ UniZg novosti","HAZfpzg novosti"],"inLanguage":"en-GB","potentialAction":[{"@type":"CommentAction","name":"Comment","target":["https:\/\/haz.hr\/2025\/05\/09\/izvjestaj-s-roditeljstvo-iza-resetaka\/#respond"]}]},{"@type":"WebPage","@id":"https:\/\/haz.hr\/2025\/05\/09\/izvjestaj-s-roditeljstvo-iza-resetaka\/","url":"https:\/\/haz.hr\/2025\/05\/09\/izvjestaj-s-roditeljstvo-iza-resetaka\/","name":"IZVJE\u0160TAJ S \u201eRODITELJSTVO IZA RE\u0160ETAKA\u201c - HAZ","isPartOf":{"@id":"https:\/\/haz.hr\/#website"},"primaryImageOfPage":{"@id":"https:\/\/haz.hr\/2025\/05\/09\/izvjestaj-s-roditeljstvo-iza-resetaka\/#primaryimage"},"image":{"@id":"https:\/\/haz.hr\/2025\/05\/09\/izvjestaj-s-roditeljstvo-iza-resetaka\/#primaryimage"},"thumbnailUrl":"https:\/\/haz.hr\/wp-content\/uploads\/2025\/05\/Snimka-zaslona-2025-05-09-171648.png","datePublished":"2025-05-09T15:38:59+00:00","dateModified":"2025-05-09T15:50:19+00:00","breadcrumb":{"@id":"https:\/\/haz.hr\/2025\/05\/09\/izvjestaj-s-roditeljstvo-iza-resetaka\/#breadcrumb"},"inLanguage":"en-GB","potentialAction":[{"@type":"ReadAction","target":["https:\/\/haz.hr\/2025\/05\/09\/izvjestaj-s-roditeljstvo-iza-resetaka\/"]}]},{"@type":"ImageObject","inLanguage":"en-GB","@id":"https:\/\/haz.hr\/2025\/05\/09\/izvjestaj-s-roditeljstvo-iza-resetaka\/#primaryimage","url":"https:\/\/haz.hr\/wp-content\/uploads\/2025\/05\/Snimka-zaslona-2025-05-09-171648.png","contentUrl":"https:\/\/haz.hr\/wp-content\/uploads\/2025\/05\/Snimka-zaslona-2025-05-09-171648.png","width":883,"height":412},{"@type":"BreadcrumbList","@id":"https:\/\/haz.hr\/2025\/05\/09\/izvjestaj-s-roditeljstvo-iza-resetaka\/#breadcrumb","itemListElement":[{"@type":"ListItem","position":1,"name":"Home","item":"https:\/\/haz.hr\/"},{"@type":"ListItem","position":2,"name":"IZVJE\u0160TAJ S \u201eRODITELJSTVO IZA RE\u0160ETAKA\u201c"}]},{"@type":"WebSite","@id":"https:\/\/haz.hr\/#website","url":"https:\/\/haz.hr\/","name":"HAZ","description":"Croatian Academic Community","publisher":{"@id":"https:\/\/haz.hr\/#organization"},"potentialAction":[{"@type":"SearchAction","target":{"@type":"EntryPoint","urlTemplate":"https:\/\/haz.hr\/?s={search_term_string}"},"query-input":{"@type":"PropertyValueSpecification","valueRequired":true,"valueName":"search_term_string"}}],"inLanguage":"en-GB"},{"@type":"Organization","@id":"https:\/\/haz.hr\/#organization","name":"HAZ","url":"https:\/\/haz.hr\/","logo":{"@type":"ImageObject","inLanguage":"en-GB","@id":"https:\/\/haz.hr\/#\/schema\/logo\/image\/","url":"https:\/\/haz.hr\/wp-content\/uploads\/2022\/12\/cropped-HAZ_logo.png","contentUrl":"https:\/\/haz.hr\/wp-content\/uploads\/2022\/12\/cropped-HAZ_logo.png","width":125,"height":76,"caption":"HAZ"},"image":{"@id":"https:\/\/haz.hr\/#\/schema\/logo\/image\/"}},{"@type":"Person","@id":"https:\/\/haz.hr\/#\/schema\/person\/e4af13935d8129e2ddeb8c531d90ec00","name":"Sara Karoglan","image":{"@type":"ImageObject","inLanguage":"en-GB","@id":"https:\/\/haz.hr\/#\/schema\/person\/image\/","url":"https:\/\/secure.gravatar.com\/avatar\/dbd58fc85d967a33dcf84dca2f611ee267a6acc3285c0c745974a4f6ba0bba90?s=96&d=mm&r=g","contentUrl":"https:\/\/secure.gravatar.com\/avatar\/dbd58fc85d967a33dcf84dca2f611ee267a6acc3285c0c745974a4f6ba0bba90?s=96&d=mm&r=g","caption":"Sara Karoglan"},"sameAs":["http:\/\/haz.hr"],"url":"https:\/\/haz.hr\/en\/author\/skarloglan\/"}]}},"_links":{"self":[{"href":"https:\/\/haz.hr\/en\/wp-json\/wp\/v2\/posts\/3472","targetHints":{"allow":["GET"]}}],"collection":[{"href":"https:\/\/haz.hr\/en\/wp-json\/wp\/v2\/posts"}],"about":[{"href":"https:\/\/haz.hr\/en\/wp-json\/wp\/v2\/types\/post"}],"author":[{"embeddable":true,"href":"https:\/\/haz.hr\/en\/wp-json\/wp\/v2\/users\/19"}],"replies":[{"embeddable":true,"href":"https:\/\/haz.hr\/en\/wp-json\/wp\/v2\/comments?post=3472"}],"version-history":[{"count":2,"href":"https:\/\/haz.hr\/en\/wp-json\/wp\/v2\/posts\/3472\/revisions"}],"predecessor-version":[{"id":3485,"href":"https:\/\/haz.hr\/en\/wp-json\/wp\/v2\/posts\/3472\/revisions\/3485"}],"wp:featuredmedia":[{"embeddable":true,"href":"https:\/\/haz.hr\/en\/wp-json\/wp\/v2\/media\/3473"}],"wp:attachment":[{"href":"https:\/\/haz.hr\/en\/wp-json\/wp\/v2\/media?parent=3472"}],"wp:term":[{"taxonomy":"category","embeddable":true,"href":"https:\/\/haz.hr\/en\/wp-json\/wp\/v2\/categories?post=3472"},{"taxonomy":"post_tag","embeddable":true,"href":"https:\/\/haz.hr\/en\/wp-json\/wp\/v2\/tags?post=3472"}],"curies":[{"name":"wp","href":"https:\/\/api.w.org\/{rel}","templated":true}]}}