{"id":3491,"date":"2025-05-11T14:45:00","date_gmt":"2025-05-11T14:45:00","guid":{"rendered":"https:\/\/haz.hr\/?p=3491"},"modified":"2025-05-11T14:45:02","modified_gmt":"2025-05-11T14:45:02","slug":"hazpf-najavljuje-konferenciju-hrvatsko-pravosude-ustroj-i-izazovi","status":"publish","type":"post","link":"https:\/\/haz.hr\/en\/2025\/05\/11\/hazpf-najavljuje-konferenciju-hrvatsko-pravosude-ustroj-i-izazovi\/","title":{"rendered":"HAZpf najavljuje konferenciju \u201cHrvatsko pravosu\u0111e: ustroj i izazovi\u201d"},"content":{"rendered":"<p class=\"wp-block-paragraph\">Hrvatska akademska zajednica Pravnog fakulteta u Zagrebu s ponosom predstavlja konferenciju <strong>\u201cHrvatsko pravosu\u0111e: ustroj i izazovi\u201d<\/strong> na kojoj \u0107e studenti i zainteresirani sudionici imati priliku dobiti jedinstven uvid u realne izazove i razvojne mogu\u0107nosti unutar sustava, kao i dublje razumijevanje o tome kako pravo funkcionira u praksi \u2013 od teorije do sudske dvorane.<\/p>\n\n\n\n<p class=\"wp-block-paragraph\">Konferencija \u0107e se odr\u017eati u subotu,\u00a0 <strong>24. svibnja 2025. s po\u010detkom u 10:00 sati<\/strong>, na <strong>Pravnom fakultetu Sveu\u010dili\u0161ta u Zagrebu,<\/strong> Trg Republike Hrvatske 3., <strong>dvorana III.<\/strong><\/p>\n\n\n\n<figure class=\"wp-block-image size-large\"><img fetchpriority=\"high\" decoding=\"async\" width=\"1024\" height=\"784\" src=\"https:\/\/haz.hr\/wp-content\/uploads\/2025\/05\/IMG-20250511-WA0007-1024x784.jpg\" alt=\"\" class=\"wp-image-3493\" srcset=\"https:\/\/haz.hr\/wp-content\/uploads\/2025\/05\/IMG-20250511-WA0007-1024x784.jpg 1024w, https:\/\/haz.hr\/wp-content\/uploads\/2025\/05\/IMG-20250511-WA0007-300x230.jpg 300w, https:\/\/haz.hr\/wp-content\/uploads\/2025\/05\/IMG-20250511-WA0007-768x588.jpg 768w, https:\/\/haz.hr\/wp-content\/uploads\/2025\/05\/IMG-20250511-WA0007.jpg 1522w\" sizes=\"(max-width: 1024px) 100vw, 1024px\" \/><\/figure>\n\n\n\n<p class=\"wp-block-paragraph\">Projekt je osmi\u0161ljen kao strukturirani edukativni doga\u0111aj namijenjen studentima prava, pravnicima, ali i \u0161iroj zainteresiranoj javnosti, s ciljem boljeg razumijevanja pravosudnog sustava Republike Hrvatske te polo\u017eaja i uloge razli\u010ditih pravosudnih tijela kroz op\u0107ekulturni i stru\u010dni prikaz.<\/p>\n\n\n\n<p class=\"wp-block-paragraph\">Projekt planiramo realizirati kroz jednodnevnu konferenciju koja \u0107e uklju\u010divati jedno uvodno predavanje i dvije panel rasprave. Uvodno predavanje \u0107e nas uvesti u klju\u010dne teme konferencije \u2013 s posebnim naglaskom na organizaciju pravosudnog sustava, distinkciju izme\u0111u kaznenog, upravnog i parni\u010dnog postupka te ulogu i va\u017enost vi\u0161ih instanci, uklju\u010duju\u0107i Vrhovni i Ustavni sud, kao i pristup me\u0111unarodnim sudovima poput Europskog s uda za ljudska prava. Prva panel rasprava \u201cIz prve ruke: iskustva sudaca\u201d&nbsp; bit \u0107e fokusirana na svakodnevni rad sudaca razli\u010ditih instanci \u2013 od op\u0107inskog do ustavnog suda. Druga panel rasprava \u201cSuda\u010dko napredovanje: od studenta do suca\u201d bavit \u0107e se razvojem pravne karijere \u2013 od studenta do suca \u2013 pri \u010demu \u0107e naglasak biti na sustavu \u0161kolovanja pravosudnih du\u017enosnika, natje\u010dajima za vje\u017ebenike, ulozi Pravosudne akademije, hospitacijama i stru\u010dnoj praksi.<\/p>\n\n\n\n<p class=\"wp-block-paragraph\">Predava\u010di i sudionici panela bit \u0107e ugledni stru\u010dnjaci i istaknuti predstavnici pravosudne zajednice. Uvodno predavanje odr\u017eat \u0107e prof. dr. sc. Alan Uzelac s katedre za gra\u0111ansko procesno pravo Pravnog fakulteta u Zagrebu. Prvi panel \u0107e ugostiti Mariju Oro\u0161i\u0107 Kranj\u010dec, predsjednicu parni\u010dnog odjela Op\u0107inskog gra\u0111anskog suda u Zagrebu; Jasnu Zoreti\u0107 Renduli\u0107, predsjednicu Op\u0107inskog kaznenog suda u Zagrebu; Maria Vukeli\u0107a, sudca i biv\u0161eg predsjednika Visokog trgova\u010dkog suda Republike Hrvatske. Drugi panel \u0107e ugostiti Kristinu Senjak Kruni\u0107, \u010dlanicu Dr\u017eavnog sudbenog vije\u0107a i sutkinju Visokog upravnog suda Republike Hrvatske; te Darka Milkovi\u0107a, predsjednika Dr\u017eavnog sudbenog vije\u0107a i sudca Vrhovnog suda Republike Hrvatske. <\/p>\n\n\n\n<figure class=\"wp-block-image size-large\"><img decoding=\"async\" width=\"1024\" height=\"767\" src=\"https:\/\/haz.hr\/wp-content\/uploads\/2025\/05\/IMG-20250511-WA0008-1024x767.jpg\" alt=\"\" class=\"wp-image-3494\" srcset=\"https:\/\/haz.hr\/wp-content\/uploads\/2025\/05\/IMG-20250511-WA0008-1024x767.jpg 1024w, https:\/\/haz.hr\/wp-content\/uploads\/2025\/05\/IMG-20250511-WA0008-300x225.jpg 300w, https:\/\/haz.hr\/wp-content\/uploads\/2025\/05\/IMG-20250511-WA0008-768x575.jpg 768w, https:\/\/haz.hr\/wp-content\/uploads\/2025\/05\/IMG-20250511-WA0008.jpg 1454w\" sizes=\"(max-width: 1024px) 100vw, 1024px\" \/><\/figure>\n\n\n\n<p class=\"wp-block-paragraph\">Cilj na\u0161eg projekta je pribli\u017eiti slo\u017eenost i funkcioniranje pravosudnog sustava kroz interdisciplinarni pristup i direktan kontakt s prakti\u010darima. Poseban naglasak stavlja se na promi\u0161ljanje o budu\u0107nosti pravosu\u0111a, va\u017enost suradnje, podjele stavova i otvorene komunikacije izme\u0111u sudbenih instanci, ali i na odmak izme\u0111u trenutne i \u017eeljene pozicije hrvatskog pravosu\u0111a unutar \u0161ireg europskog konteksta.<\/p>\n\n\n\n<p class=\"wp-block-paragraph\">Sudjelovanje je BESPLATNO,\u00a0 no broj mjesta je ograni\u010den, stoga se prijavite \u0161to prije putem <a href=\"https:\/\/docs.google.com\/forms\/d\/e\/1FAIpQLSeJ4TQkvRK_M51X1hRUVL0F60sUPgx-qVWztBf2y_q_H1jq1w\/viewform\">POVEZNICE<\/a>.<\/p>\n\n\n\n<p class=\"wp-block-paragraph\">Ne propustite priliku da postanete dio ovog jedinstvenog doga\u0111aja na kojem \u0107emo raspraviti o izazovima i ustroju pravosudnog sustava Republike Hrvatske. Pridru\u017eite nam se i produbite svoje razumijevanje ove zanimljive teme kroz stru\u010dna predavanja, panel-rasprave i razmjenu iskustava s pravnim ekspertima.<\/p>\n\n\n\n<p class=\"wp-block-paragraph\">Vidimo se na Trgu Republike Hrvatske 3, u dvorani III (prizemlje lijevo).<\/p>\n\n\n\n<p class=\"wp-block-paragraph\">Za dodatne informacije, pratite nas na Instagram profilu <a href=\"https:\/\/www.instagram.com\/haz_pfzg\/\">@hazpf<\/a> <\/p>\n\n\n\n<figure class=\"wp-block-image size-large\"><img decoding=\"async\" width=\"819\" height=\"1024\" src=\"https:\/\/haz.hr\/wp-content\/uploads\/2025\/05\/IMG-20250510-WA0037-819x1024.jpg\" alt=\"\" class=\"wp-image-3495\" srcset=\"https:\/\/haz.hr\/wp-content\/uploads\/2025\/05\/IMG-20250510-WA0037-819x1024.jpg 819w, https:\/\/haz.hr\/wp-content\/uploads\/2025\/05\/IMG-20250510-WA0037-240x300.jpg 240w, https:\/\/haz.hr\/wp-content\/uploads\/2025\/05\/IMG-20250510-WA0037-768x960.jpg 768w, https:\/\/haz.hr\/wp-content\/uploads\/2025\/05\/IMG-20250510-WA0037.jpg 1080w\" sizes=\"(max-width: 819px) 100vw, 819px\" \/><\/figure>","protected":false},"excerpt":{"rendered":"<p>Hrvatska akademska zajednica Pravnog fakulteta u Zagrebu s ponosom predstavlja konferenciju \u201cHrvatsko pravosu\u0111e: ustroj i izazovi\u201d na kojoj \u0107e studenti i zainteresirani sudionici imati priliku dobiti jedinstven uvid u realne [&hellip;]<\/p>\n","protected":false},"author":19,"featured_media":3492,"comment_status":"open","ping_status":"open","sticky":false,"template":"","format":"standard","meta":{"footnotes":""},"categories":[14,10,48],"tags":[],"class_list":["post-3491","post","type-post","status-publish","format-standard","has-post-thumbnail","hentry","category-haz-novosti","category-haz-unizg","category-hazfpzg-novosti"],"yoast_head":"<!-- This site is optimized with the Yoast SEO plugin v23.7 - https:\/\/yoast.com\/wordpress\/plugins\/seo\/ -->\n<title>HAZpf najavljuje konferenciju \u201cHrvatsko pravosu\u0111e: ustroj i izazovi\u201d - HAZ<\/title>\n<meta name=\"robots\" content=\"index, follow, max-snippet:-1, max-image-preview:large, max-video-preview:-1\" \/>\n<link rel=\"canonical\" href=\"https:\/\/haz.hr\/en\/2025\/05\/11\/hazpf-najavljuje-konferenciju-hrvatsko-pravosude-ustroj-i-izazovi\/\" \/>\n<meta property=\"og:locale\" content=\"en_GB\" \/>\n<meta property=\"og:type\" content=\"article\" \/>\n<meta property=\"og:title\" content=\"HAZpf najavljuje konferenciju \u201cHrvatsko pravosu\u0111e: ustroj i izazovi\u201d - HAZ\" \/>\n<meta property=\"og:description\" content=\"Hrvatska akademska zajednica Pravnog fakulteta u Zagrebu s ponosom predstavlja konferenciju \u201cHrvatsko pravosu\u0111e: ustroj i izazovi\u201d na kojoj \u0107e studenti i zainteresirani sudionici imati priliku dobiti jedinstven uvid u realne [&hellip;]\" \/>\n<meta property=\"og:url\" content=\"https:\/\/haz.hr\/en\/2025\/05\/11\/hazpf-najavljuje-konferenciju-hrvatsko-pravosude-ustroj-i-izazovi\/\" \/>\n<meta property=\"og:site_name\" content=\"HAZ\" \/>\n<meta property=\"article:published_time\" content=\"2025-05-11T14:45:00+00:00\" \/>\n<meta property=\"article:modified_time\" content=\"2025-05-11T14:45:02+00:00\" \/>\n<meta property=\"og:image\" content=\"https:\/\/haz.hr\/wp-content\/uploads\/2025\/05\/IMG-20250510-WA0009.jpg\" \/>\n\t<meta property=\"og:image:width\" content=\"1080\" \/>\n\t<meta property=\"og:image:height\" content=\"1350\" \/>\n\t<meta property=\"og:image:type\" content=\"image\/jpeg\" \/>\n<meta name=\"author\" content=\"Sara Karoglan\" \/>\n<meta name=\"twitter:card\" content=\"summary_large_image\" \/>\n<meta name=\"twitter:label1\" content=\"Written by\" \/>\n\t<meta name=\"twitter:data1\" content=\"Sara Karoglan\" \/>\n\t<meta name=\"twitter:label2\" content=\"Est. reading time\" \/>\n\t<meta name=\"twitter:data2\" content=\"4 minutes\" \/>\n<script type=\"application\/ld+json\" class=\"yoast-schema-graph\">{\"@context\":\"https:\/\/schema.org\",\"@graph\":[{\"@type\":\"Article\",\"@id\":\"https:\/\/haz.hr\/2025\/05\/11\/hazpf-najavljuje-konferenciju-hrvatsko-pravosude-ustroj-i-izazovi\/#article\",\"isPartOf\":{\"@id\":\"https:\/\/haz.hr\/2025\/05\/11\/hazpf-najavljuje-konferenciju-hrvatsko-pravosude-ustroj-i-izazovi\/\"},\"author\":{\"name\":\"Sara Karoglan\",\"@id\":\"https:\/\/haz.hr\/#\/schema\/person\/e4af13935d8129e2ddeb8c531d90ec00\"},\"headline\":\"HAZpf najavljuje konferenciju \u201cHrvatsko pravosu\u0111e: ustroj i izazovi\u201d\",\"datePublished\":\"2025-05-11T14:45:00+00:00\",\"dateModified\":\"2025-05-11T14:45:02+00:00\",\"mainEntityOfPage\":{\"@id\":\"https:\/\/haz.hr\/2025\/05\/11\/hazpf-najavljuje-konferenciju-hrvatsko-pravosude-ustroj-i-izazovi\/\"},\"wordCount\":530,\"commentCount\":0,\"publisher\":{\"@id\":\"https:\/\/haz.hr\/#organization\"},\"image\":{\"@id\":\"https:\/\/haz.hr\/2025\/05\/11\/hazpf-najavljuje-konferenciju-hrvatsko-pravosude-ustroj-i-izazovi\/#primaryimage\"},\"thumbnailUrl\":\"https:\/\/haz.hr\/wp-content\/uploads\/2025\/05\/IMG-20250510-WA0009.jpg\",\"articleSection\":[\"HAZ novosti\",\"HAZ UniZg novosti\",\"HAZfpzg novosti\"],\"inLanguage\":\"en-GB\",\"potentialAction\":[{\"@type\":\"CommentAction\",\"name\":\"Comment\",\"target\":[\"https:\/\/haz.hr\/2025\/05\/11\/hazpf-najavljuje-konferenciju-hrvatsko-pravosude-ustroj-i-izazovi\/#respond\"]}]},{\"@type\":\"WebPage\",\"@id\":\"https:\/\/haz.hr\/2025\/05\/11\/hazpf-najavljuje-konferenciju-hrvatsko-pravosude-ustroj-i-izazovi\/\",\"url\":\"https:\/\/haz.hr\/2025\/05\/11\/hazpf-najavljuje-konferenciju-hrvatsko-pravosude-ustroj-i-izazovi\/\",\"name\":\"HAZpf najavljuje konferenciju \u201cHrvatsko pravosu\u0111e: ustroj i izazovi\u201d - HAZ\",\"isPartOf\":{\"@id\":\"https:\/\/haz.hr\/#website\"},\"primaryImageOfPage\":{\"@id\":\"https:\/\/haz.hr\/2025\/05\/11\/hazpf-najavljuje-konferenciju-hrvatsko-pravosude-ustroj-i-izazovi\/#primaryimage\"},\"image\":{\"@id\":\"https:\/\/haz.hr\/2025\/05\/11\/hazpf-najavljuje-konferenciju-hrvatsko-pravosude-ustroj-i-izazovi\/#primaryimage\"},\"thumbnailUrl\":\"https:\/\/haz.hr\/wp-content\/uploads\/2025\/05\/IMG-20250510-WA0009.jpg\",\"datePublished\":\"2025-05-11T14:45:00+00:00\",\"dateModified\":\"2025-05-11T14:45:02+00:00\",\"breadcrumb\":{\"@id\":\"https:\/\/haz.hr\/2025\/05\/11\/hazpf-najavljuje-konferenciju-hrvatsko-pravosude-ustroj-i-izazovi\/#breadcrumb\"},\"inLanguage\":\"en-GB\",\"potentialAction\":[{\"@type\":\"ReadAction\",\"target\":[\"https:\/\/haz.hr\/2025\/05\/11\/hazpf-najavljuje-konferenciju-hrvatsko-pravosude-ustroj-i-izazovi\/\"]}]},{\"@type\":\"ImageObject\",\"inLanguage\":\"en-GB\",\"@id\":\"https:\/\/haz.hr\/2025\/05\/11\/hazpf-najavljuje-konferenciju-hrvatsko-pravosude-ustroj-i-izazovi\/#primaryimage\",\"url\":\"https:\/\/haz.hr\/wp-content\/uploads\/2025\/05\/IMG-20250510-WA0009.jpg\",\"contentUrl\":\"https:\/\/haz.hr\/wp-content\/uploads\/2025\/05\/IMG-20250510-WA0009.jpg\",\"width\":1080,\"height\":1350},{\"@type\":\"BreadcrumbList\",\"@id\":\"https:\/\/haz.hr\/2025\/05\/11\/hazpf-najavljuje-konferenciju-hrvatsko-pravosude-ustroj-i-izazovi\/#breadcrumb\",\"itemListElement\":[{\"@type\":\"ListItem\",\"position\":1,\"name\":\"Home\",\"item\":\"https:\/\/haz.hr\/\"},{\"@type\":\"ListItem\",\"position\":2,\"name\":\"HAZpf najavljuje konferenciju \u201cHrvatsko pravosu\u0111e: ustroj i izazovi\u201d\"}]},{\"@type\":\"WebSite\",\"@id\":\"https:\/\/haz.hr\/#website\",\"url\":\"https:\/\/haz.hr\/\",\"name\":\"HAZ\",\"description\":\"Hrvatska akademska zajednica\",\"publisher\":{\"@id\":\"https:\/\/haz.hr\/#organization\"},\"potentialAction\":[{\"@type\":\"SearchAction\",\"target\":{\"@type\":\"EntryPoint\",\"urlTemplate\":\"https:\/\/haz.hr\/?s={search_term_string}\"},\"query-input\":{\"@type\":\"PropertyValueSpecification\",\"valueRequired\":true,\"valueName\":\"search_term_string\"}}],\"inLanguage\":\"en-GB\"},{\"@type\":\"Organization\",\"@id\":\"https:\/\/haz.hr\/#organization\",\"name\":\"HAZ\",\"url\":\"https:\/\/haz.hr\/\",\"logo\":{\"@type\":\"ImageObject\",\"inLanguage\":\"en-GB\",\"@id\":\"https:\/\/haz.hr\/#\/schema\/logo\/image\/\",\"url\":\"https:\/\/haz.hr\/wp-content\/uploads\/2022\/12\/cropped-HAZ_logo.png\",\"contentUrl\":\"https:\/\/haz.hr\/wp-content\/uploads\/2022\/12\/cropped-HAZ_logo.png\",\"width\":125,\"height\":76,\"caption\":\"HAZ\"},\"image\":{\"@id\":\"https:\/\/haz.hr\/#\/schema\/logo\/image\/\"}},{\"@type\":\"Person\",\"@id\":\"https:\/\/haz.hr\/#\/schema\/person\/e4af13935d8129e2ddeb8c531d90ec00\",\"name\":\"Sara Karoglan\",\"image\":{\"@type\":\"ImageObject\",\"inLanguage\":\"en-GB\",\"@id\":\"https:\/\/haz.hr\/#\/schema\/person\/image\/\",\"url\":\"https:\/\/secure.gravatar.com\/avatar\/dbd58fc85d967a33dcf84dca2f611ee267a6acc3285c0c745974a4f6ba0bba90?s=96&d=mm&r=g\",\"contentUrl\":\"https:\/\/secure.gravatar.com\/avatar\/dbd58fc85d967a33dcf84dca2f611ee267a6acc3285c0c745974a4f6ba0bba90?s=96&d=mm&r=g\",\"caption\":\"Sara Karoglan\"},\"sameAs\":[\"http:\/\/haz.hr\"],\"url\":\"https:\/\/haz.hr\/en\/author\/skarloglan\/\"}]}<\/script>\n<!-- \/ Yoast SEO plugin. -->","yoast_head_json":{"title":"HAZpf najavljuje konferenciju \u201cHrvatsko pravosu\u0111e: ustroj i izazovi\u201d - HAZ","robots":{"index":"index","follow":"follow","max-snippet":"max-snippet:-1","max-image-preview":"max-image-preview:large","max-video-preview":"max-video-preview:-1"},"canonical":"https:\/\/haz.hr\/en\/2025\/05\/11\/hazpf-najavljuje-konferenciju-hrvatsko-pravosude-ustroj-i-izazovi\/","og_locale":"en_GB","og_type":"article","og_title":"HAZpf najavljuje konferenciju \u201cHrvatsko pravosu\u0111e: ustroj i izazovi\u201d - HAZ","og_description":"Hrvatska akademska zajednica Pravnog fakulteta u Zagrebu s ponosom predstavlja konferenciju \u201cHrvatsko pravosu\u0111e: ustroj i izazovi\u201d na kojoj \u0107e studenti i zainteresirani sudionici imati priliku dobiti jedinstven uvid u realne [&hellip;]","og_url":"https:\/\/haz.hr\/en\/2025\/05\/11\/hazpf-najavljuje-konferenciju-hrvatsko-pravosude-ustroj-i-izazovi\/","og_site_name":"HAZ","article_published_time":"2025-05-11T14:45:00+00:00","article_modified_time":"2025-05-11T14:45:02+00:00","og_image":[{"width":1080,"height":1350,"url":"https:\/\/haz.hr\/wp-content\/uploads\/2025\/05\/IMG-20250510-WA0009.jpg","type":"image\/jpeg"}],"author":"Sara Karoglan","twitter_card":"summary_large_image","twitter_misc":{"Written by":"Sara Karoglan","Est. reading time":"4 minutes"},"schema":{"@context":"https:\/\/schema.org","@graph":[{"@type":"Article","@id":"https:\/\/haz.hr\/2025\/05\/11\/hazpf-najavljuje-konferenciju-hrvatsko-pravosude-ustroj-i-izazovi\/#article","isPartOf":{"@id":"https:\/\/haz.hr\/2025\/05\/11\/hazpf-najavljuje-konferenciju-hrvatsko-pravosude-ustroj-i-izazovi\/"},"author":{"name":"Sara Karoglan","@id":"https:\/\/haz.hr\/#\/schema\/person\/e4af13935d8129e2ddeb8c531d90ec00"},"headline":"HAZpf najavljuje konferenciju \u201cHrvatsko pravosu\u0111e: ustroj i izazovi\u201d","datePublished":"2025-05-11T14:45:00+00:00","dateModified":"2025-05-11T14:45:02+00:00","mainEntityOfPage":{"@id":"https:\/\/haz.hr\/2025\/05\/11\/hazpf-najavljuje-konferenciju-hrvatsko-pravosude-ustroj-i-izazovi\/"},"wordCount":530,"commentCount":0,"publisher":{"@id":"https:\/\/haz.hr\/#organization"},"image":{"@id":"https:\/\/haz.hr\/2025\/05\/11\/hazpf-najavljuje-konferenciju-hrvatsko-pravosude-ustroj-i-izazovi\/#primaryimage"},"thumbnailUrl":"https:\/\/haz.hr\/wp-content\/uploads\/2025\/05\/IMG-20250510-WA0009.jpg","articleSection":["HAZ novosti","HAZ UniZg novosti","HAZfpzg novosti"],"inLanguage":"en-GB","potentialAction":[{"@type":"CommentAction","name":"Comment","target":["https:\/\/haz.hr\/2025\/05\/11\/hazpf-najavljuje-konferenciju-hrvatsko-pravosude-ustroj-i-izazovi\/#respond"]}]},{"@type":"WebPage","@id":"https:\/\/haz.hr\/2025\/05\/11\/hazpf-najavljuje-konferenciju-hrvatsko-pravosude-ustroj-i-izazovi\/","url":"https:\/\/haz.hr\/2025\/05\/11\/hazpf-najavljuje-konferenciju-hrvatsko-pravosude-ustroj-i-izazovi\/","name":"HAZpf najavljuje konferenciju \u201cHrvatsko pravosu\u0111e: ustroj i izazovi\u201d - HAZ","isPartOf":{"@id":"https:\/\/haz.hr\/#website"},"primaryImageOfPage":{"@id":"https:\/\/haz.hr\/2025\/05\/11\/hazpf-najavljuje-konferenciju-hrvatsko-pravosude-ustroj-i-izazovi\/#primaryimage"},"image":{"@id":"https:\/\/haz.hr\/2025\/05\/11\/hazpf-najavljuje-konferenciju-hrvatsko-pravosude-ustroj-i-izazovi\/#primaryimage"},"thumbnailUrl":"https:\/\/haz.hr\/wp-content\/uploads\/2025\/05\/IMG-20250510-WA0009.jpg","datePublished":"2025-05-11T14:45:00+00:00","dateModified":"2025-05-11T14:45:02+00:00","breadcrumb":{"@id":"https:\/\/haz.hr\/2025\/05\/11\/hazpf-najavljuje-konferenciju-hrvatsko-pravosude-ustroj-i-izazovi\/#breadcrumb"},"inLanguage":"en-GB","potentialAction":[{"@type":"ReadAction","target":["https:\/\/haz.hr\/2025\/05\/11\/hazpf-najavljuje-konferenciju-hrvatsko-pravosude-ustroj-i-izazovi\/"]}]},{"@type":"ImageObject","inLanguage":"en-GB","@id":"https:\/\/haz.hr\/2025\/05\/11\/hazpf-najavljuje-konferenciju-hrvatsko-pravosude-ustroj-i-izazovi\/#primaryimage","url":"https:\/\/haz.hr\/wp-content\/uploads\/2025\/05\/IMG-20250510-WA0009.jpg","contentUrl":"https:\/\/haz.hr\/wp-content\/uploads\/2025\/05\/IMG-20250510-WA0009.jpg","width":1080,"height":1350},{"@type":"BreadcrumbList","@id":"https:\/\/haz.hr\/2025\/05\/11\/hazpf-najavljuje-konferenciju-hrvatsko-pravosude-ustroj-i-izazovi\/#breadcrumb","itemListElement":[{"@type":"ListItem","position":1,"name":"Home","item":"https:\/\/haz.hr\/"},{"@type":"ListItem","position":2,"name":"HAZpf najavljuje konferenciju \u201cHrvatsko pravosu\u0111e: ustroj i izazovi\u201d"}]},{"@type":"WebSite","@id":"https:\/\/haz.hr\/#website","url":"https:\/\/haz.hr\/","name":"HAZ","description":"Croatian Academic Community","publisher":{"@id":"https:\/\/haz.hr\/#organization"},"potentialAction":[{"@type":"SearchAction","target":{"@type":"EntryPoint","urlTemplate":"https:\/\/haz.hr\/?s={search_term_string}"},"query-input":{"@type":"PropertyValueSpecification","valueRequired":true,"valueName":"search_term_string"}}],"inLanguage":"en-GB"},{"@type":"Organization","@id":"https:\/\/haz.hr\/#organization","name":"HAZ","url":"https:\/\/haz.hr\/","logo":{"@type":"ImageObject","inLanguage":"en-GB","@id":"https:\/\/haz.hr\/#\/schema\/logo\/image\/","url":"https:\/\/haz.hr\/wp-content\/uploads\/2022\/12\/cropped-HAZ_logo.png","contentUrl":"https:\/\/haz.hr\/wp-content\/uploads\/2022\/12\/cropped-HAZ_logo.png","width":125,"height":76,"caption":"HAZ"},"image":{"@id":"https:\/\/haz.hr\/#\/schema\/logo\/image\/"}},{"@type":"Person","@id":"https:\/\/haz.hr\/#\/schema\/person\/e4af13935d8129e2ddeb8c531d90ec00","name":"Sara Karoglan","image":{"@type":"ImageObject","inLanguage":"en-GB","@id":"https:\/\/haz.hr\/#\/schema\/person\/image\/","url":"https:\/\/secure.gravatar.com\/avatar\/dbd58fc85d967a33dcf84dca2f611ee267a6acc3285c0c745974a4f6ba0bba90?s=96&d=mm&r=g","contentUrl":"https:\/\/secure.gravatar.com\/avatar\/dbd58fc85d967a33dcf84dca2f611ee267a6acc3285c0c745974a4f6ba0bba90?s=96&d=mm&r=g","caption":"Sara Karoglan"},"sameAs":["http:\/\/haz.hr"],"url":"https:\/\/haz.hr\/en\/author\/skarloglan\/"}]}},"_links":{"self":[{"href":"https:\/\/haz.hr\/en\/wp-json\/wp\/v2\/posts\/3491","targetHints":{"allow":["GET"]}}],"collection":[{"href":"https:\/\/haz.hr\/en\/wp-json\/wp\/v2\/posts"}],"about":[{"href":"https:\/\/haz.hr\/en\/wp-json\/wp\/v2\/types\/post"}],"author":[{"embeddable":true,"href":"https:\/\/haz.hr\/en\/wp-json\/wp\/v2\/users\/19"}],"replies":[{"embeddable":true,"href":"https:\/\/haz.hr\/en\/wp-json\/wp\/v2\/comments?post=3491"}],"version-history":[{"count":1,"href":"https:\/\/haz.hr\/en\/wp-json\/wp\/v2\/posts\/3491\/revisions"}],"predecessor-version":[{"id":3496,"href":"https:\/\/haz.hr\/en\/wp-json\/wp\/v2\/posts\/3491\/revisions\/3496"}],"wp:featuredmedia":[{"embeddable":true,"href":"https:\/\/haz.hr\/en\/wp-json\/wp\/v2\/media\/3492"}],"wp:attachment":[{"href":"https:\/\/haz.hr\/en\/wp-json\/wp\/v2\/media?parent=3491"}],"wp:term":[{"taxonomy":"category","embeddable":true,"href":"https:\/\/haz.hr\/en\/wp-json\/wp\/v2\/categories?post=3491"},{"taxonomy":"post_tag","embeddable":true,"href":"https:\/\/haz.hr\/en\/wp-json\/wp\/v2\/tags?post=3491"}],"curies":[{"name":"wp","href":"https:\/\/api.w.org\/{rel}","templated":true}]}}