{"id":3497,"date":"2025-05-13T20:05:03","date_gmt":"2025-05-13T20:05:03","guid":{"rendered":"https:\/\/haz.hr\/?p=3497"},"modified":"2025-10-01T15:05:02","modified_gmt":"2025-10-01T15:05:02","slug":"hazef-najavljuje-konferenciju-poduzetnicka-akademija-kaos-pod-kontrolom","status":"publish","type":"post","link":"https:\/\/haz.hr\/en\/2025\/05\/13\/hazef-najavljuje-konferenciju-poduzetnicka-akademija-kaos-pod-kontrolom\/","title":{"rendered":"HAZef najavljuje konferenciju \u201ePoduzetni\u010dka akademija: Kaos pod kontrolom\u201c"},"content":{"rendered":"<p class=\"wp-block-paragraph\"><strong>Hrvatska akademska zajednica Ekonomskog fakulteta u Zagrebu <\/strong>(HAZef) s ponosom najavljuje&nbsp;\u0161esto izdanje <strong>Poduzetni\u010dke akademije<\/strong>. Tema ovogodi\u0161nje konferencije je krizni menad\u017ement i proces dono\u0161enja odluka pod nazivom: <em>\u201eKaos pod kontrolom\u201c.<\/em><\/p>\n\n\n\n<p class=\"wp-block-paragraph\">Konferencija je organizirana u suradnji s <strong>Ekonomskim fakultetom Sveu\u010dili\u0161ta u Zagrebu<\/strong> u sklopu <strong>Career Weeka<\/strong> i odr\u017eat \u0107e se <strong>14. svibnja 2025. godine<\/strong> u Kongresnoj dvorani Ekonomskog fakulteta Zagreb od 10:00 do 14:30 sati.<\/p>\n\n\n\n<p class=\"wp-block-paragraph\">Ovogodi\u0161nje je izdanje <strong>Poduzetni\u010dke akademije<\/strong> pod slu\u017ebenim pokroviteljstvom Hrvatskog zavoda za zapo\u0161ljavanje (HZZ) i Zagreba\u010dkog inovacijskog centra (ZICER).<\/p>\n\n\n\n<p class=\"wp-block-paragraph\">Sudionicima \u0107emo detaljno predstaviti <strong>proces dono\u0161enja odluka u kriznim situacijama<\/strong>, nagla\u0161avaju\u0107i va\u017enost <strong>brzog i u\u010dinkovitog reagiranja na promjene<\/strong> u okru\u017eenju. Kroz predavanja i interaktivne panel rasprave, na\u0161i stru\u010dni predava\u010di i panelisti potaknut \u0107e <strong>proaktivno razmi\u0161ljanje<\/strong>, koriste\u0107i <strong>konkretne primjere iz prakse<\/strong> i nude\u0107i korisne savjete o <strong>upravljanju rizicima i kriznim situacijama. <\/strong>Tijekom konferencije istaknut \u0107emo i <strong>krizne situacije ne samo kao prijetnje<\/strong>, ve\u0107 i kao prilike za organizacijski rast, inovaciju i stvaranje novih vrijednosti.<\/p>\n\n\n\n<p class=\"wp-block-paragraph\">Neki od predava\u010da i panelista koji \u0107e nam se pridru\u017eiti ove godine su <strong>Hrvoje Pili\u0107<\/strong> (vlasnik agencije Ahelon), <strong>Ru\u017eica Cerovac<\/strong> (vlasnica Muzeja \u010dokolade), <strong>Plamenko Bare\u0161i\u0107<\/strong> (predsjednik Uprave King ICT-a), <strong>Edo Mujki\u0107<\/strong> (Bite Me), <strong>Franjo Bu\u0161i\u0107 <\/strong>(direktor Croate) i mnogi drugi.<\/p>\n\n\n\n<p class=\"wp-block-paragraph\">Osim \u0161to \u0107e sudionici imati priliku \u010duti na koje na\u010dine su na\u0161i predava\u010di i panelisti prebrodili lo\u0161a vremena u <strong>vlastitom poduzetni\u0161tvom pothvatu<\/strong>, tako\u0111er \u0107e saznati kako kompanije poput <strong>King ICT-a<\/strong> i <strong>Croate<\/strong> reagiraju na krize.<\/p>\n\n\n\n<p class=\"wp-block-paragraph\">Prijave su potpuno BESPLATNE i provode se isklju\u010divo putem ovog obrasca: <a href=\"https:\/\/forms.gle\/PJTLgvgGcuTNp8Hn6\">https:\/\/forms.gle\/PJTLgvgGcuTNp8Hn6<\/a>.<\/p>\n\n\n\n<p class=\"wp-block-paragraph\">Pridru\u017eite nam se i vi &#8211; ali po\u017eurite jer mjesta su <strong>ograni\u010dena<\/strong>!<\/p>\n\n\n\n<figure class=\"wp-block-image size-full\"><img fetchpriority=\"high\" decoding=\"async\" width=\"673\" height=\"840\" src=\"https:\/\/haz.hr\/wp-content\/uploads\/2025\/05\/image-6.png\" alt=\"\" class=\"wp-image-3499\" srcset=\"https:\/\/haz.hr\/wp-content\/uploads\/2025\/05\/image-6.png 673w, https:\/\/haz.hr\/wp-content\/uploads\/2025\/05\/image-6-240x300.png 240w\" sizes=\"(max-width: 673px) 100vw, 673px\" \/><\/figure>\n\n\n\n<p class=\"wp-block-paragraph\"> <\/p>\n\n\n\n<figure class=\"wp-block-image size-full\"><img decoding=\"async\" width=\"672\" height=\"841\" src=\"https:\/\/haz.hr\/wp-content\/uploads\/2025\/05\/image-9.png\" alt=\"\" class=\"wp-image-3503\" srcset=\"https:\/\/haz.hr\/wp-content\/uploads\/2025\/05\/image-9.png 672w, https:\/\/haz.hr\/wp-content\/uploads\/2025\/05\/image-9-240x300.png 240w\" sizes=\"(max-width: 672px) 100vw, 672px\" \/><\/figure>\n\n\n\n<p class=\"wp-block-paragraph\">Anja Domjanovi\u0107<\/p>","protected":false},"excerpt":{"rendered":"<p>Hrvatska akademska zajednica Ekonomskog fakulteta u Zagrebu (HAZef) s ponosom najavljuje&nbsp;\u0161esto izdanje Poduzetni\u010dke akademije. Tema ovogodi\u0161nje konferencije je krizni menad\u017ement i proces dono\u0161enja odluka pod nazivom: \u201eKaos pod kontrolom\u201c. Konferencija [&hellip;]<\/p>\n","protected":false},"author":19,"featured_media":3498,"comment_status":"open","ping_status":"open","sticky":false,"template":"","format":"standard","meta":{"footnotes":""},"categories":[14,10,11],"tags":[],"class_list":["post-3497","post","type-post","status-publish","format-standard","has-post-thumbnail","hentry","category-haz-novosti","category-haz-unizg","category-hazef-novosti"],"yoast_head":"<!-- This site is optimized with the Yoast SEO plugin v23.7 - https:\/\/yoast.com\/wordpress\/plugins\/seo\/ -->\n<title>HAZef najavljuje konferenciju \u201ePoduzetni\u010dka akademija: Kaos pod kontrolom\u201c - HAZ<\/title>\n<meta name=\"robots\" content=\"index, follow, max-snippet:-1, max-image-preview:large, max-video-preview:-1\" \/>\n<link rel=\"canonical\" href=\"https:\/\/haz.hr\/en\/2025\/05\/13\/hazef-najavljuje-konferenciju-poduzetnicka-akademija-kaos-pod-kontrolom\/\" \/>\n<meta property=\"og:locale\" content=\"en_GB\" \/>\n<meta property=\"og:type\" content=\"article\" \/>\n<meta property=\"og:title\" content=\"HAZef najavljuje konferenciju \u201ePoduzetni\u010dka akademija: Kaos pod kontrolom\u201c - HAZ\" \/>\n<meta property=\"og:description\" content=\"Hrvatska akademska zajednica Ekonomskog fakulteta u Zagrebu (HAZef) s ponosom najavljuje&nbsp;\u0161esto izdanje Poduzetni\u010dke akademije. Tema ovogodi\u0161nje konferencije je krizni menad\u017ement i proces dono\u0161enja odluka pod nazivom: \u201eKaos pod kontrolom\u201c. Konferencija [&hellip;]\" \/>\n<meta property=\"og:url\" content=\"https:\/\/haz.hr\/en\/2025\/05\/13\/hazef-najavljuje-konferenciju-poduzetnicka-akademija-kaos-pod-kontrolom\/\" \/>\n<meta property=\"og:site_name\" content=\"HAZ\" \/>\n<meta property=\"article:published_time\" content=\"2025-05-13T20:05:03+00:00\" \/>\n<meta property=\"article:modified_time\" content=\"2025-10-01T15:05:02+00:00\" \/>\n<meta property=\"og:image\" content=\"https:\/\/haz.hr\/wp-content\/uploads\/2025\/05\/Naslovnica-dogadaja-Facebook-i-LinkedIn-Poduzetnicka-akademija-2025-scaled.png\" \/>\n\t<meta property=\"og:image:width\" content=\"2560\" \/>\n\t<meta property=\"og:image:height\" content=\"1440\" \/>\n\t<meta property=\"og:image:type\" content=\"image\/png\" \/>\n<meta name=\"author\" content=\"Sara Karoglan\" \/>\n<meta name=\"twitter:card\" content=\"summary_large_image\" \/>\n<meta name=\"twitter:label1\" content=\"Written by\" \/>\n\t<meta name=\"twitter:data1\" content=\"Sara Karoglan\" \/>\n\t<meta name=\"twitter:label2\" content=\"Est. reading time\" \/>\n\t<meta name=\"twitter:data2\" content=\"2 minutes\" \/>\n<script type=\"application\/ld+json\" class=\"yoast-schema-graph\">{\"@context\":\"https:\/\/schema.org\",\"@graph\":[{\"@type\":\"Article\",\"@id\":\"https:\/\/haz.hr\/2025\/05\/13\/hazef-najavljuje-konferenciju-poduzetnicka-akademija-kaos-pod-kontrolom\/#article\",\"isPartOf\":{\"@id\":\"https:\/\/haz.hr\/2025\/05\/13\/hazef-najavljuje-konferenciju-poduzetnicka-akademija-kaos-pod-kontrolom\/\"},\"author\":{\"name\":\"Sara Karoglan\",\"@id\":\"https:\/\/haz.hr\/#\/schema\/person\/e4af13935d8129e2ddeb8c531d90ec00\"},\"headline\":\"HAZef najavljuje konferenciju \u201ePoduzetni\u010dka akademija: Kaos pod kontrolom\u201c\",\"datePublished\":\"2025-05-13T20:05:03+00:00\",\"dateModified\":\"2025-10-01T15:05:02+00:00\",\"mainEntityOfPage\":{\"@id\":\"https:\/\/haz.hr\/2025\/05\/13\/hazef-najavljuje-konferenciju-poduzetnicka-akademija-kaos-pod-kontrolom\/\"},\"wordCount\":305,\"commentCount\":0,\"publisher\":{\"@id\":\"https:\/\/haz.hr\/#organization\"},\"image\":{\"@id\":\"https:\/\/haz.hr\/2025\/05\/13\/hazef-najavljuje-konferenciju-poduzetnicka-akademija-kaos-pod-kontrolom\/#primaryimage\"},\"thumbnailUrl\":\"https:\/\/haz.hr\/wp-content\/uploads\/2025\/05\/Naslovnica-dogadaja-Facebook-i-LinkedIn-Poduzetnicka-akademija-2025-scaled.png\",\"articleSection\":[\"HAZ novosti\",\"HAZ UniZg novosti\",\"HAZef novosti\"],\"inLanguage\":\"en-GB\",\"potentialAction\":[{\"@type\":\"CommentAction\",\"name\":\"Comment\",\"target\":[\"https:\/\/haz.hr\/2025\/05\/13\/hazef-najavljuje-konferenciju-poduzetnicka-akademija-kaos-pod-kontrolom\/#respond\"]}]},{\"@type\":\"WebPage\",\"@id\":\"https:\/\/haz.hr\/2025\/05\/13\/hazef-najavljuje-konferenciju-poduzetnicka-akademija-kaos-pod-kontrolom\/\",\"url\":\"https:\/\/haz.hr\/2025\/05\/13\/hazef-najavljuje-konferenciju-poduzetnicka-akademija-kaos-pod-kontrolom\/\",\"name\":\"HAZef najavljuje konferenciju \u201ePoduzetni\u010dka akademija: Kaos pod kontrolom\u201c - HAZ\",\"isPartOf\":{\"@id\":\"https:\/\/haz.hr\/#website\"},\"primaryImageOfPage\":{\"@id\":\"https:\/\/haz.hr\/2025\/05\/13\/hazef-najavljuje-konferenciju-poduzetnicka-akademija-kaos-pod-kontrolom\/#primaryimage\"},\"image\":{\"@id\":\"https:\/\/haz.hr\/2025\/05\/13\/hazef-najavljuje-konferenciju-poduzetnicka-akademija-kaos-pod-kontrolom\/#primaryimage\"},\"thumbnailUrl\":\"https:\/\/haz.hr\/wp-content\/uploads\/2025\/05\/Naslovnica-dogadaja-Facebook-i-LinkedIn-Poduzetnicka-akademija-2025-scaled.png\",\"datePublished\":\"2025-05-13T20:05:03+00:00\",\"dateModified\":\"2025-10-01T15:05:02+00:00\",\"breadcrumb\":{\"@id\":\"https:\/\/haz.hr\/2025\/05\/13\/hazef-najavljuje-konferenciju-poduzetnicka-akademija-kaos-pod-kontrolom\/#breadcrumb\"},\"inLanguage\":\"en-GB\",\"potentialAction\":[{\"@type\":\"ReadAction\",\"target\":[\"https:\/\/haz.hr\/2025\/05\/13\/hazef-najavljuje-konferenciju-poduzetnicka-akademija-kaos-pod-kontrolom\/\"]}]},{\"@type\":\"ImageObject\",\"inLanguage\":\"en-GB\",\"@id\":\"https:\/\/haz.hr\/2025\/05\/13\/hazef-najavljuje-konferenciju-poduzetnicka-akademija-kaos-pod-kontrolom\/#primaryimage\",\"url\":\"https:\/\/haz.hr\/wp-content\/uploads\/2025\/05\/Naslovnica-dogadaja-Facebook-i-LinkedIn-Poduzetnicka-akademija-2025-scaled.png\",\"contentUrl\":\"https:\/\/haz.hr\/wp-content\/uploads\/2025\/05\/Naslovnica-dogadaja-Facebook-i-LinkedIn-Poduzetnicka-akademija-2025-scaled.png\",\"width\":2560,\"height\":1440},{\"@type\":\"BreadcrumbList\",\"@id\":\"https:\/\/haz.hr\/2025\/05\/13\/hazef-najavljuje-konferenciju-poduzetnicka-akademija-kaos-pod-kontrolom\/#breadcrumb\",\"itemListElement\":[{\"@type\":\"ListItem\",\"position\":1,\"name\":\"Home\",\"item\":\"https:\/\/haz.hr\/\"},{\"@type\":\"ListItem\",\"position\":2,\"name\":\"HAZef najavljuje konferenciju \u201ePoduzetni\u010dka akademija: Kaos pod kontrolom\u201c\"}]},{\"@type\":\"WebSite\",\"@id\":\"https:\/\/haz.hr\/#website\",\"url\":\"https:\/\/haz.hr\/\",\"name\":\"HAZ\",\"description\":\"Hrvatska akademska zajednica\",\"publisher\":{\"@id\":\"https:\/\/haz.hr\/#organization\"},\"potentialAction\":[{\"@type\":\"SearchAction\",\"target\":{\"@type\":\"EntryPoint\",\"urlTemplate\":\"https:\/\/haz.hr\/?s={search_term_string}\"},\"query-input\":{\"@type\":\"PropertyValueSpecification\",\"valueRequired\":true,\"valueName\":\"search_term_string\"}}],\"inLanguage\":\"en-GB\"},{\"@type\":\"Organization\",\"@id\":\"https:\/\/haz.hr\/#organization\",\"name\":\"HAZ\",\"url\":\"https:\/\/haz.hr\/\",\"logo\":{\"@type\":\"ImageObject\",\"inLanguage\":\"en-GB\",\"@id\":\"https:\/\/haz.hr\/#\/schema\/logo\/image\/\",\"url\":\"https:\/\/haz.hr\/wp-content\/uploads\/2022\/12\/cropped-HAZ_logo.png\",\"contentUrl\":\"https:\/\/haz.hr\/wp-content\/uploads\/2022\/12\/cropped-HAZ_logo.png\",\"width\":125,\"height\":76,\"caption\":\"HAZ\"},\"image\":{\"@id\":\"https:\/\/haz.hr\/#\/schema\/logo\/image\/\"}},{\"@type\":\"Person\",\"@id\":\"https:\/\/haz.hr\/#\/schema\/person\/e4af13935d8129e2ddeb8c531d90ec00\",\"name\":\"Sara Karoglan\",\"image\":{\"@type\":\"ImageObject\",\"inLanguage\":\"en-GB\",\"@id\":\"https:\/\/haz.hr\/#\/schema\/person\/image\/\",\"url\":\"https:\/\/secure.gravatar.com\/avatar\/dbd58fc85d967a33dcf84dca2f611ee267a6acc3285c0c745974a4f6ba0bba90?s=96&d=mm&r=g\",\"contentUrl\":\"https:\/\/secure.gravatar.com\/avatar\/dbd58fc85d967a33dcf84dca2f611ee267a6acc3285c0c745974a4f6ba0bba90?s=96&d=mm&r=g\",\"caption\":\"Sara Karoglan\"},\"sameAs\":[\"http:\/\/haz.hr\"],\"url\":\"https:\/\/haz.hr\/en\/author\/skarloglan\/\"}]}<\/script>\n<!-- \/ Yoast SEO plugin. -->","yoast_head_json":{"title":"HAZef najavljuje konferenciju \u201ePoduzetni\u010dka akademija: Kaos pod kontrolom\u201c - HAZ","robots":{"index":"index","follow":"follow","max-snippet":"max-snippet:-1","max-image-preview":"max-image-preview:large","max-video-preview":"max-video-preview:-1"},"canonical":"https:\/\/haz.hr\/en\/2025\/05\/13\/hazef-najavljuje-konferenciju-poduzetnicka-akademija-kaos-pod-kontrolom\/","og_locale":"en_GB","og_type":"article","og_title":"HAZef najavljuje konferenciju \u201ePoduzetni\u010dka akademija: Kaos pod kontrolom\u201c - HAZ","og_description":"Hrvatska akademska zajednica Ekonomskog fakulteta u Zagrebu (HAZef) s ponosom najavljuje&nbsp;\u0161esto izdanje Poduzetni\u010dke akademije. Tema ovogodi\u0161nje konferencije je krizni menad\u017ement i proces dono\u0161enja odluka pod nazivom: \u201eKaos pod kontrolom\u201c. Konferencija [&hellip;]","og_url":"https:\/\/haz.hr\/en\/2025\/05\/13\/hazef-najavljuje-konferenciju-poduzetnicka-akademija-kaos-pod-kontrolom\/","og_site_name":"HAZ","article_published_time":"2025-05-13T20:05:03+00:00","article_modified_time":"2025-10-01T15:05:02+00:00","og_image":[{"width":2560,"height":1440,"url":"https:\/\/haz.hr\/wp-content\/uploads\/2025\/05\/Naslovnica-dogadaja-Facebook-i-LinkedIn-Poduzetnicka-akademija-2025-scaled.png","type":"image\/png"}],"author":"Sara Karoglan","twitter_card":"summary_large_image","twitter_misc":{"Written by":"Sara Karoglan","Est. reading time":"2 minutes"},"schema":{"@context":"https:\/\/schema.org","@graph":[{"@type":"Article","@id":"https:\/\/haz.hr\/2025\/05\/13\/hazef-najavljuje-konferenciju-poduzetnicka-akademija-kaos-pod-kontrolom\/#article","isPartOf":{"@id":"https:\/\/haz.hr\/2025\/05\/13\/hazef-najavljuje-konferenciju-poduzetnicka-akademija-kaos-pod-kontrolom\/"},"author":{"name":"Sara Karoglan","@id":"https:\/\/haz.hr\/#\/schema\/person\/e4af13935d8129e2ddeb8c531d90ec00"},"headline":"HAZef najavljuje konferenciju \u201ePoduzetni\u010dka akademija: Kaos pod kontrolom\u201c","datePublished":"2025-05-13T20:05:03+00:00","dateModified":"2025-10-01T15:05:02+00:00","mainEntityOfPage":{"@id":"https:\/\/haz.hr\/2025\/05\/13\/hazef-najavljuje-konferenciju-poduzetnicka-akademija-kaos-pod-kontrolom\/"},"wordCount":305,"commentCount":0,"publisher":{"@id":"https:\/\/haz.hr\/#organization"},"image":{"@id":"https:\/\/haz.hr\/2025\/05\/13\/hazef-najavljuje-konferenciju-poduzetnicka-akademija-kaos-pod-kontrolom\/#primaryimage"},"thumbnailUrl":"https:\/\/haz.hr\/wp-content\/uploads\/2025\/05\/Naslovnica-dogadaja-Facebook-i-LinkedIn-Poduzetnicka-akademija-2025-scaled.png","articleSection":["HAZ novosti","HAZ UniZg novosti","HAZef novosti"],"inLanguage":"en-GB","potentialAction":[{"@type":"CommentAction","name":"Comment","target":["https:\/\/haz.hr\/2025\/05\/13\/hazef-najavljuje-konferenciju-poduzetnicka-akademija-kaos-pod-kontrolom\/#respond"]}]},{"@type":"WebPage","@id":"https:\/\/haz.hr\/2025\/05\/13\/hazef-najavljuje-konferenciju-poduzetnicka-akademija-kaos-pod-kontrolom\/","url":"https:\/\/haz.hr\/2025\/05\/13\/hazef-najavljuje-konferenciju-poduzetnicka-akademija-kaos-pod-kontrolom\/","name":"HAZef najavljuje konferenciju \u201ePoduzetni\u010dka akademija: Kaos pod kontrolom\u201c - HAZ","isPartOf":{"@id":"https:\/\/haz.hr\/#website"},"primaryImageOfPage":{"@id":"https:\/\/haz.hr\/2025\/05\/13\/hazef-najavljuje-konferenciju-poduzetnicka-akademija-kaos-pod-kontrolom\/#primaryimage"},"image":{"@id":"https:\/\/haz.hr\/2025\/05\/13\/hazef-najavljuje-konferenciju-poduzetnicka-akademija-kaos-pod-kontrolom\/#primaryimage"},"thumbnailUrl":"https:\/\/haz.hr\/wp-content\/uploads\/2025\/05\/Naslovnica-dogadaja-Facebook-i-LinkedIn-Poduzetnicka-akademija-2025-scaled.png","datePublished":"2025-05-13T20:05:03+00:00","dateModified":"2025-10-01T15:05:02+00:00","breadcrumb":{"@id":"https:\/\/haz.hr\/2025\/05\/13\/hazef-najavljuje-konferenciju-poduzetnicka-akademija-kaos-pod-kontrolom\/#breadcrumb"},"inLanguage":"en-GB","potentialAction":[{"@type":"ReadAction","target":["https:\/\/haz.hr\/2025\/05\/13\/hazef-najavljuje-konferenciju-poduzetnicka-akademija-kaos-pod-kontrolom\/"]}]},{"@type":"ImageObject","inLanguage":"en-GB","@id":"https:\/\/haz.hr\/2025\/05\/13\/hazef-najavljuje-konferenciju-poduzetnicka-akademija-kaos-pod-kontrolom\/#primaryimage","url":"https:\/\/haz.hr\/wp-content\/uploads\/2025\/05\/Naslovnica-dogadaja-Facebook-i-LinkedIn-Poduzetnicka-akademija-2025-scaled.png","contentUrl":"https:\/\/haz.hr\/wp-content\/uploads\/2025\/05\/Naslovnica-dogadaja-Facebook-i-LinkedIn-Poduzetnicka-akademija-2025-scaled.png","width":2560,"height":1440},{"@type":"BreadcrumbList","@id":"https:\/\/haz.hr\/2025\/05\/13\/hazef-najavljuje-konferenciju-poduzetnicka-akademija-kaos-pod-kontrolom\/#breadcrumb","itemListElement":[{"@type":"ListItem","position":1,"name":"Home","item":"https:\/\/haz.hr\/"},{"@type":"ListItem","position":2,"name":"HAZef najavljuje konferenciju \u201ePoduzetni\u010dka akademija: Kaos pod kontrolom\u201c"}]},{"@type":"WebSite","@id":"https:\/\/haz.hr\/#website","url":"https:\/\/haz.hr\/","name":"HAZ","description":"Croatian Academic Community","publisher":{"@id":"https:\/\/haz.hr\/#organization"},"potentialAction":[{"@type":"SearchAction","target":{"@type":"EntryPoint","urlTemplate":"https:\/\/haz.hr\/?s={search_term_string}"},"query-input":{"@type":"PropertyValueSpecification","valueRequired":true,"valueName":"search_term_string"}}],"inLanguage":"en-GB"},{"@type":"Organization","@id":"https:\/\/haz.hr\/#organization","name":"HAZ","url":"https:\/\/haz.hr\/","logo":{"@type":"ImageObject","inLanguage":"en-GB","@id":"https:\/\/haz.hr\/#\/schema\/logo\/image\/","url":"https:\/\/haz.hr\/wp-content\/uploads\/2022\/12\/cropped-HAZ_logo.png","contentUrl":"https:\/\/haz.hr\/wp-content\/uploads\/2022\/12\/cropped-HAZ_logo.png","width":125,"height":76,"caption":"HAZ"},"image":{"@id":"https:\/\/haz.hr\/#\/schema\/logo\/image\/"}},{"@type":"Person","@id":"https:\/\/haz.hr\/#\/schema\/person\/e4af13935d8129e2ddeb8c531d90ec00","name":"Sara Karoglan","image":{"@type":"ImageObject","inLanguage":"en-GB","@id":"https:\/\/haz.hr\/#\/schema\/person\/image\/","url":"https:\/\/secure.gravatar.com\/avatar\/dbd58fc85d967a33dcf84dca2f611ee267a6acc3285c0c745974a4f6ba0bba90?s=96&d=mm&r=g","contentUrl":"https:\/\/secure.gravatar.com\/avatar\/dbd58fc85d967a33dcf84dca2f611ee267a6acc3285c0c745974a4f6ba0bba90?s=96&d=mm&r=g","caption":"Sara Karoglan"},"sameAs":["http:\/\/haz.hr"],"url":"https:\/\/haz.hr\/en\/author\/skarloglan\/"}]}},"_links":{"self":[{"href":"https:\/\/haz.hr\/en\/wp-json\/wp\/v2\/posts\/3497","targetHints":{"allow":["GET"]}}],"collection":[{"href":"https:\/\/haz.hr\/en\/wp-json\/wp\/v2\/posts"}],"about":[{"href":"https:\/\/haz.hr\/en\/wp-json\/wp\/v2\/types\/post"}],"author":[{"embeddable":true,"href":"https:\/\/haz.hr\/en\/wp-json\/wp\/v2\/users\/19"}],"replies":[{"embeddable":true,"href":"https:\/\/haz.hr\/en\/wp-json\/wp\/v2\/comments?post=3497"}],"version-history":[{"count":2,"href":"https:\/\/haz.hr\/en\/wp-json\/wp\/v2\/posts\/3497\/revisions"}],"predecessor-version":[{"id":3504,"href":"https:\/\/haz.hr\/en\/wp-json\/wp\/v2\/posts\/3497\/revisions\/3504"}],"wp:featuredmedia":[{"embeddable":true,"href":"https:\/\/haz.hr\/en\/wp-json\/wp\/v2\/media\/3498"}],"wp:attachment":[{"href":"https:\/\/haz.hr\/en\/wp-json\/wp\/v2\/media?parent=3497"}],"wp:term":[{"taxonomy":"category","embeddable":true,"href":"https:\/\/haz.hr\/en\/wp-json\/wp\/v2\/categories?post=3497"},{"taxonomy":"post_tag","embeddable":true,"href":"https:\/\/haz.hr\/en\/wp-json\/wp\/v2\/tags?post=3497"}],"curies":[{"name":"wp","href":"https:\/\/api.w.org\/{rel}","templated":true}]}}