{"id":3671,"date":"2025-12-04T09:47:57","date_gmt":"2025-12-04T09:47:57","guid":{"rendered":"https:\/\/haz.hr\/?p=3671"},"modified":"2025-12-04T10:11:30","modified_gmt":"2025-12-04T10:11:30","slug":"hrvatska-akademska-zajednica-obiljezila-35-godina-djelovanja-svecanom-proslavom-u-zagrebu","status":"publish","type":"post","link":"https:\/\/haz.hr\/en\/2025\/12\/04\/hrvatska-akademska-zajednica-obiljezila-35-godina-djelovanja-svecanom-proslavom-u-zagrebu\/","title":{"rendered":"Hrvatska akademska zajednica obilje\u017eila 35 godina djelovanja sve\u010danom proslavom u Zagrebu"},"content":{"rendered":"<p class=\"wp-block-paragraph\"><\/p>\n\n\n\n<p class=\"wp-block-paragraph\">Dana 21. studenoga 2025. godine, povodom 35. obljetnice Hrvatske akademske zajednice, odr\u017eana je sve\u010dana ve\u010dera u Kristalnoj dvorani hotela Westin.<\/p>\n\n\n\n<p class=\"wp-block-paragraph\"><\/p>\n\n\n\n<p class=\"has-text-align-left wp-block-paragraph\"><em><strong>Divim se svima vama mladima koji ste pokreta\u010di udruge. Vi ste generatori vrijednosti koju nosite u sebi i promovirate ju. Mi vjerujemo u Hrvatsku, ali Hrvatska to ste vi<\/strong><\/em>,.  <strong>Karlo Kolesar, nacionalni predsjednik Hrvatske akademske zajednice.<\/strong><\/p>\n\n\n\n<p class=\"has-text-align-left wp-block-paragraph\"><strong><br>Hrvatska akademska zajednica (HAZ), najstarija i najve\u0107a studentska te akademska<br>udruga u Hrvatskoj, sve\u010danom je proslavom, odr\u017eanom u petak 21. studenoga 2025., u<br>hotelu The Westin Zagreb obilje\u017eila 35 godina kontinuiranog djelovanja<\/strong>. Na doga\u0111anju, koje je okupilo vi\u0161e od <strong>200 uzvanika iz akademske zajednice, poslovnog sektora i javnog \u017eivota,<\/strong> HAZ je podsjetio na klju\u010dne trenutke svoje povijesti, ali i predstavio viziju budu\u0107eg rada.<\/p>\n\n\n\n<p class=\"has-text-align-left wp-block-paragraph\"><br>Sve\u010danost je zapo\u010dela prigodnim okupljanjem uzvanika, nakon \u010dega je Akademski zbor<br>U\u010diteljskog fakulteta izveo himnu Republike Hrvatske te skladbu Gaudeamus igitur. Program su vodile \u010dlanice nacionalnog predsjedni\u0161tva HAZ-a, Leonarda \u0160ari\u0107 i Katarina \u0160aban. U uvodnim obra\u0107anjima \u010dlanovi nacionalnog predsjedni\u0161tva Ante \u0160ari\u0107 i Marko Miranovi\u0107 te alumni udruge Ante Bari\u0161i\u0107 istaknuli su va\u017enost HAZ-a u razvoju studentskog aktivizma i akademske zajednice od 1990. do danas. Ususret obljetnici prezentiran <strong>je rad udruge kroz tri i pol desetlje\u0107a, od sudjelovanja u dono\u0161enju Zakona o studentskim zborovima do me\u0111unarodnih suradnji koje su obilje\u017eile ratne devedesete.<\/strong><\/p>\n\n\n\n<p class=\"has-text-align-left wp-block-paragraph\"><br>\u201e<em><strong>HAZ je ideja, HAZ su ljudi. Svi mi koji smo ovdje ve\u010deras \u010duvamo tu ideju. Borimo se<br>za nju<\/strong><\/em>\u201c, poru\u010dio je Ante Bari\u0161i\u0107.<\/p>\n\n\n\n<p class=\"has-text-align-left wp-block-paragraph\"><br>Sve\u010danost je uveli\u010dala i <strong>prof. art. Jasenka Ostoji\u0107<\/strong>, prorektorica Sveu\u010dili\u0161ta u Zagrebu, koja je tom prilikom kazala: \u201e<em><strong>Mislim da je s ovakvim mladim ljudima na\u0161a budu\u0107nost<br>osigurana. Vjerujem u vas i ono \u0161to \u010dinite. Nastavite tako!<\/strong><\/em>\u201c<\/p>\n\n\n\n<p class=\"has-text-align-left wp-block-paragraph\"><br><strong>Doc. dr. sc. Iva Ivankovi\u0107<\/strong>, izaslanica predsjednika Vlade RH prenijela je \u010destitke premijera Andreja Plenkovi\u0107a pa poru\u010dila: \u201e<em><strong>Vi ste zajednica mladih ljudi, koja nije rezultat samo ideje, ve\u0107 rezultat zajedni\u010dkog djelovanja. Na mladima svijet ostaje. Ulaganje u mlade se uvijek isplati te u to vjeruje i Vlada Republike Hrvatske.<\/strong><\/em>\u201c<\/p>\n\n\n\n<p class=\"has-text-align-left wp-block-paragraph\"><br>Dr\u017eavna tajnica Ministarstva znanosti, obrazovanja i mladih te <strong>izv. prof. dr. sc. Vesna<br>Bedekovi\u0107<\/strong>, izaslanica predsjednika Hrvatskog sabora istaknula je: \u201e<strong><em>HAZ nije obi\u010dna<br>studentska udruga. Ona je dom, ona je zajedni\u0161tvo. HAZ je specifi\u010dan jer je jedinstven<br>kao poveznica izme\u0111u gra\u0111ana, studenata i akademika,<\/em>\u201c pa zaklju\u010dila: \u201e<em>Hrvatska<br>akademska zajednica \u010ditavo ovo vrijeme otvara put za bolju budu\u0107nost svojoj domovini. Na tome vam svima od srca \u010destitam!<\/em><\/strong>\u201c<\/p>\n\n\n\n<p class=\"has-text-align-left wp-block-paragraph\"><br>Program je zaklju\u010den pozdravom Karla Kolesara, nacionalnog predsjednika HAZ-a, koji je<br>zahvalio \u010dlanovima, osniva\u010dima, partnerima i prijateljima udruge te naposljetku poru\u010dio:<br>\u201e<em><strong>Divim se svima vama mladima koji ste pokreta\u010di udruge. Vi ste generatori dodane<br>vrijednosti koju nosite u sebi i promovirate ju. Mi vjerujemo u Hrvatsku, ali Hrvatska<br>to ste vi.<\/strong><\/em>\u201c<\/p>\n\n\n\n<p class=\"has-text-align-left wp-block-paragraph\"><br>Uslijedila je sve\u010dana ve\u010dera posve\u0107ena me\u0111ugeneracijskom povezivanju sada\u0161njih i biv\u0161ih \u010dlanova.<\/p>\n\n\n\n<p class=\"has-text-align-left wp-block-paragraph\"><br><strong>Pod motom <em>Vjerujemo u Hrvatsku<\/em><\/strong>, Hrvatska akademska zajednica i dalje ostaje prostor u kojem se entuzijazam pretvara u ideju, a ideja u promjenu, potvr\u0111uju\u0107i svoje mjesto me\u0111u najva\u017enijim organizacijama mladih u zemlji.<\/p>\n\n\n\n<p class=\"wp-block-paragraph\"><\/p>\n\n\n\n<figure class=\"wp-block-gallery has-nested-images columns-default is-cropped wp-block-gallery-1 is-layout-flex wp-block-gallery-is-layout-flex\">\n<figure class=\"wp-block-image alignfull size-large\"><img fetchpriority=\"high\" decoding=\"async\" width=\"1024\" height=\"682\" data-id=\"3672\" src=\"https:\/\/haz.hr\/wp-content\/uploads\/2025\/12\/fotografija-1-1024x682.jpeg\" alt=\"\" class=\"wp-image-3672\" srcset=\"https:\/\/haz.hr\/wp-content\/uploads\/2025\/12\/fotografija-1-1024x682.jpeg 1024w, https:\/\/haz.hr\/wp-content\/uploads\/2025\/12\/fotografija-1-300x200.jpeg 300w, https:\/\/haz.hr\/wp-content\/uploads\/2025\/12\/fotografija-1-768x512.jpeg 768w, https:\/\/haz.hr\/wp-content\/uploads\/2025\/12\/fotografija-1-1536x1023.jpeg 1536w, https:\/\/haz.hr\/wp-content\/uploads\/2025\/12\/fotografija-1.jpeg 1600w\" sizes=\"(max-width: 1024px) 100vw, 1024px\" \/><\/figure>\n\n\n\n<figure class=\"wp-block-image size-large\"><img decoding=\"async\" width=\"682\" height=\"1024\" data-id=\"3677\" src=\"https:\/\/haz.hr\/wp-content\/uploads\/2025\/12\/fotografija-5-682x1024.jpeg\" alt=\"\" class=\"wp-image-3677\" srcset=\"https:\/\/haz.hr\/wp-content\/uploads\/2025\/12\/fotografija-5-682x1024.jpeg 682w, https:\/\/haz.hr\/wp-content\/uploads\/2025\/12\/fotografija-5-200x300.jpeg 200w, https:\/\/haz.hr\/wp-content\/uploads\/2025\/12\/fotografija-5-768x1153.jpeg 768w, https:\/\/haz.hr\/wp-content\/uploads\/2025\/12\/fotografija-5-1023x1536.jpeg 1023w, https:\/\/haz.hr\/wp-content\/uploads\/2025\/12\/fotografija-5.jpeg 1066w\" sizes=\"(max-width: 682px) 100vw, 682px\" \/><\/figure>\n\n\n\n<figure class=\"wp-block-image size-large\"><img decoding=\"async\" width=\"1024\" height=\"682\" data-id=\"3680\" src=\"https:\/\/haz.hr\/wp-content\/uploads\/2025\/12\/fotografija-2-\u2013-kopija-1024x682.jpeg\" alt=\"\" class=\"wp-image-3680\" srcset=\"https:\/\/haz.hr\/wp-content\/uploads\/2025\/12\/fotografija-2-\u2013-kopija-1024x682.jpeg 1024w, https:\/\/haz.hr\/wp-content\/uploads\/2025\/12\/fotografija-2-\u2013-kopija-300x200.jpeg 300w, https:\/\/haz.hr\/wp-content\/uploads\/2025\/12\/fotografija-2-\u2013-kopija-768x512.jpeg 768w, https:\/\/haz.hr\/wp-content\/uploads\/2025\/12\/fotografija-2-\u2013-kopija-1536x1023.jpeg 1536w, https:\/\/haz.hr\/wp-content\/uploads\/2025\/12\/fotografija-2-\u2013-kopija.jpeg 1600w\" sizes=\"(max-width: 1024px) 100vw, 1024px\" \/><\/figure>\n\n\n\n<figure class=\"wp-block-image size-large\"><img loading=\"lazy\" decoding=\"async\" width=\"682\" height=\"1024\" data-id=\"3678\" src=\"https:\/\/haz.hr\/wp-content\/uploads\/2025\/12\/fotografija-4-682x1024.jpeg\" alt=\"\" class=\"wp-image-3678\" srcset=\"https:\/\/haz.hr\/wp-content\/uploads\/2025\/12\/fotografija-4-682x1024.jpeg 682w, https:\/\/haz.hr\/wp-content\/uploads\/2025\/12\/fotografija-4-200x300.jpeg 200w, https:\/\/haz.hr\/wp-content\/uploads\/2025\/12\/fotografija-4-768x1153.jpeg 768w, https:\/\/haz.hr\/wp-content\/uploads\/2025\/12\/fotografija-4-1023x1536.jpeg 1023w, https:\/\/haz.hr\/wp-content\/uploads\/2025\/12\/fotografija-4.jpeg 1066w\" sizes=\"(max-width: 682px) 100vw, 682px\" \/><\/figure>\n\n\n\n<figure class=\"wp-block-image size-large\"><img loading=\"lazy\" decoding=\"async\" width=\"682\" height=\"1024\" data-id=\"3676\" src=\"https:\/\/haz.hr\/wp-content\/uploads\/2025\/12\/fotografija-6-682x1024.jpeg\" alt=\"\" class=\"wp-image-3676\" srcset=\"https:\/\/haz.hr\/wp-content\/uploads\/2025\/12\/fotografija-6-682x1024.jpeg 682w, https:\/\/haz.hr\/wp-content\/uploads\/2025\/12\/fotografija-6-200x300.jpeg 200w, https:\/\/haz.hr\/wp-content\/uploads\/2025\/12\/fotografija-6-768x1153.jpeg 768w, https:\/\/haz.hr\/wp-content\/uploads\/2025\/12\/fotografija-6-1023x1536.jpeg 1023w, https:\/\/haz.hr\/wp-content\/uploads\/2025\/12\/fotografija-6.jpeg 1066w\" sizes=\"(max-width: 682px) 100vw, 682px\" \/><\/figure>\n\n\n\n<figure class=\"wp-block-image size-large\"><img loading=\"lazy\" decoding=\"async\" width=\"682\" height=\"1024\" data-id=\"3679\" src=\"https:\/\/haz.hr\/wp-content\/uploads\/2025\/12\/fotografija-3-682x1024.jpeg\" alt=\"\" class=\"wp-image-3679\" srcset=\"https:\/\/haz.hr\/wp-content\/uploads\/2025\/12\/fotografija-3-682x1024.jpeg 682w, https:\/\/haz.hr\/wp-content\/uploads\/2025\/12\/fotografija-3-200x300.jpeg 200w, https:\/\/haz.hr\/wp-content\/uploads\/2025\/12\/fotografija-3-768x1153.jpeg 768w, https:\/\/haz.hr\/wp-content\/uploads\/2025\/12\/fotografija-3-1023x1536.jpeg 1023w, https:\/\/haz.hr\/wp-content\/uploads\/2025\/12\/fotografija-3.jpeg 1066w\" sizes=\"(max-width: 682px) 100vw, 682px\" \/><\/figure>\n\n\n\n<figure class=\"wp-block-image size-large\"><img loading=\"lazy\" decoding=\"async\" width=\"1024\" height=\"682\" data-id=\"3673\" src=\"https:\/\/haz.hr\/wp-content\/uploads\/2025\/12\/fotografija-9-1024x682.jpeg\" alt=\"\" class=\"wp-image-3673\" srcset=\"https:\/\/haz.hr\/wp-content\/uploads\/2025\/12\/fotografija-9-1024x682.jpeg 1024w, https:\/\/haz.hr\/wp-content\/uploads\/2025\/12\/fotografija-9-300x200.jpeg 300w, https:\/\/haz.hr\/wp-content\/uploads\/2025\/12\/fotografija-9-768x512.jpeg 768w, https:\/\/haz.hr\/wp-content\/uploads\/2025\/12\/fotografija-9-1536x1023.jpeg 1536w, https:\/\/haz.hr\/wp-content\/uploads\/2025\/12\/fotografija-9.jpeg 1600w\" sizes=\"(max-width: 1024px) 100vw, 1024px\" \/><\/figure>\n\n\n\n<figure class=\"wp-block-image size-large\"><img loading=\"lazy\" decoding=\"async\" width=\"1024\" height=\"683\" data-id=\"3674\" src=\"https:\/\/haz.hr\/wp-content\/uploads\/2025\/12\/fotografija-8-1024x683.jpeg\" alt=\"\" class=\"wp-image-3674\" srcset=\"https:\/\/haz.hr\/wp-content\/uploads\/2025\/12\/fotografija-8-1024x683.jpeg 1024w, https:\/\/haz.hr\/wp-content\/uploads\/2025\/12\/fotografija-8-300x200.jpeg 300w, https:\/\/haz.hr\/wp-content\/uploads\/2025\/12\/fotografija-8-768x512.jpeg 768w, https:\/\/haz.hr\/wp-content\/uploads\/2025\/12\/fotografija-8.jpeg 1525w\" sizes=\"(max-width: 1024px) 100vw, 1024px\" \/><\/figure>\n\n\n\n<figure class=\"wp-block-image size-large\"><img loading=\"lazy\" decoding=\"async\" width=\"1024\" height=\"682\" data-id=\"3675\" src=\"https:\/\/haz.hr\/wp-content\/uploads\/2025\/12\/fotografija-7-1024x682.jpeg\" alt=\"\" class=\"wp-image-3675\" srcset=\"https:\/\/haz.hr\/wp-content\/uploads\/2025\/12\/fotografija-7-1024x682.jpeg 1024w, https:\/\/haz.hr\/wp-content\/uploads\/2025\/12\/fotografija-7-300x200.jpeg 300w, https:\/\/haz.hr\/wp-content\/uploads\/2025\/12\/fotografija-7-768x512.jpeg 768w, https:\/\/haz.hr\/wp-content\/uploads\/2025\/12\/fotografija-7-1536x1023.jpeg 1536w, https:\/\/haz.hr\/wp-content\/uploads\/2025\/12\/fotografija-7.jpeg 1600w\" sizes=\"(max-width: 1024px) 100vw, 1024px\" \/><\/figure>\n<\/figure>","protected":false},"excerpt":{"rendered":"<p>Dana 21. studenoga 2025. godine, povodom 35. obljetnice Hrvatske akademske zajednice, odr\u017eana je sve\u010dana ve\u010dera u Kristalnoj dvorani hotela Westin. Divim se svima vama mladima koji ste pokreta\u010di udruge. Vi [&hellip;]<\/p>\n","protected":false},"author":23,"featured_media":3674,"comment_status":"open","ping_status":"open","sticky":false,"template":"","format":"standard","meta":{"footnotes":""},"categories":[14,10],"tags":[56,24,55],"class_list":["post-3671","post","type-post","status-publish","format-standard","has-post-thumbnail","hentry","category-haz-novosti","category-haz-unizg","tag-35-godina-haz-a","tag-haz","tag-hrvatska-akademska-zajednica"],"yoast_head":"<!-- This site is optimized with the Yoast SEO plugin v23.7 - https:\/\/yoast.com\/wordpress\/plugins\/seo\/ -->\n<title>Hrvatska akademska zajednica obilje\u017eila 35 godina djelovanja sve\u010danom proslavom u Zagrebu - HAZ<\/title>\n<meta name=\"robots\" content=\"index, follow, max-snippet:-1, max-image-preview:large, max-video-preview:-1\" \/>\n<link rel=\"canonical\" href=\"https:\/\/haz.hr\/en\/2025\/12\/04\/hrvatska-akademska-zajednica-obiljezila-35-godina-djelovanja-svecanom-proslavom-u-zagrebu\/\" \/>\n<meta property=\"og:locale\" content=\"en_GB\" \/>\n<meta property=\"og:type\" content=\"article\" \/>\n<meta property=\"og:title\" content=\"Hrvatska akademska zajednica obilje\u017eila 35 godina djelovanja sve\u010danom proslavom u Zagrebu - HAZ\" \/>\n<meta property=\"og:description\" content=\"Dana 21. studenoga 2025. godine, povodom 35. obljetnice Hrvatske akademske zajednice, odr\u017eana je sve\u010dana ve\u010dera u Kristalnoj dvorani hotela Westin. Divim se svima vama mladima koji ste pokreta\u010di udruge. Vi [&hellip;]\" \/>\n<meta property=\"og:url\" content=\"https:\/\/haz.hr\/en\/2025\/12\/04\/hrvatska-akademska-zajednica-obiljezila-35-godina-djelovanja-svecanom-proslavom-u-zagrebu\/\" \/>\n<meta property=\"og:site_name\" content=\"HAZ\" \/>\n<meta property=\"article:published_time\" content=\"2025-12-04T09:47:57+00:00\" \/>\n<meta property=\"article:modified_time\" content=\"2025-12-04T10:11:30+00:00\" \/>\n<meta property=\"og:image\" content=\"https:\/\/haz.hr\/wp-content\/uploads\/2025\/12\/fotografija-8.jpeg\" \/>\n\t<meta property=\"og:image:width\" content=\"1525\" \/>\n\t<meta property=\"og:image:height\" content=\"1017\" \/>\n\t<meta property=\"og:image:type\" content=\"image\/jpeg\" \/>\n<meta name=\"author\" content=\"Katja Be\u0161li\u0107\" \/>\n<meta name=\"twitter:card\" content=\"summary_large_image\" \/>\n<meta name=\"twitter:label1\" content=\"Written by\" \/>\n\t<meta name=\"twitter:data1\" content=\"Katja Be\u0161li\u0107\" \/>\n\t<meta name=\"twitter:label2\" content=\"Est. reading time\" \/>\n\t<meta name=\"twitter:data2\" content=\"5 minutes\" \/>\n<script type=\"application\/ld+json\" class=\"yoast-schema-graph\">{\"@context\":\"https:\/\/schema.org\",\"@graph\":[{\"@type\":\"Article\",\"@id\":\"https:\/\/haz.hr\/2025\/12\/04\/hrvatska-akademska-zajednica-obiljezila-35-godina-djelovanja-svecanom-proslavom-u-zagrebu\/#article\",\"isPartOf\":{\"@id\":\"https:\/\/haz.hr\/2025\/12\/04\/hrvatska-akademska-zajednica-obiljezila-35-godina-djelovanja-svecanom-proslavom-u-zagrebu\/\"},\"author\":{\"name\":\"Katja Be\u0161li\u0107\",\"@id\":\"https:\/\/haz.hr\/#\/schema\/person\/ca43c8e600048184e5d6fb7a03a19ace\"},\"headline\":\"Hrvatska akademska zajednica obilje\u017eila 35 godina djelovanja sve\u010danom proslavom u Zagrebu\",\"datePublished\":\"2025-12-04T09:47:57+00:00\",\"dateModified\":\"2025-12-04T10:11:30+00:00\",\"mainEntityOfPage\":{\"@id\":\"https:\/\/haz.hr\/2025\/12\/04\/hrvatska-akademska-zajednica-obiljezila-35-godina-djelovanja-svecanom-proslavom-u-zagrebu\/\"},\"wordCount\":528,\"commentCount\":0,\"publisher\":{\"@id\":\"https:\/\/haz.hr\/#organization\"},\"image\":{\"@id\":\"https:\/\/haz.hr\/2025\/12\/04\/hrvatska-akademska-zajednica-obiljezila-35-godina-djelovanja-svecanom-proslavom-u-zagrebu\/#primaryimage\"},\"thumbnailUrl\":\"https:\/\/haz.hr\/wp-content\/uploads\/2025\/12\/fotografija-8.jpeg\",\"keywords\":[\"35 godina HAZ-a\",\"HAZ\",\"hrvatska akademska zajednica\"],\"articleSection\":[\"HAZ novosti\",\"HAZ UniZg novosti\"],\"inLanguage\":\"en-GB\",\"potentialAction\":[{\"@type\":\"CommentAction\",\"name\":\"Comment\",\"target\":[\"https:\/\/haz.hr\/2025\/12\/04\/hrvatska-akademska-zajednica-obiljezila-35-godina-djelovanja-svecanom-proslavom-u-zagrebu\/#respond\"]}]},{\"@type\":\"WebPage\",\"@id\":\"https:\/\/haz.hr\/2025\/12\/04\/hrvatska-akademska-zajednica-obiljezila-35-godina-djelovanja-svecanom-proslavom-u-zagrebu\/\",\"url\":\"https:\/\/haz.hr\/2025\/12\/04\/hrvatska-akademska-zajednica-obiljezila-35-godina-djelovanja-svecanom-proslavom-u-zagrebu\/\",\"name\":\"Hrvatska akademska zajednica obilje\u017eila 35 godina djelovanja sve\u010danom proslavom u Zagrebu - HAZ\",\"isPartOf\":{\"@id\":\"https:\/\/haz.hr\/#website\"},\"primaryImageOfPage\":{\"@id\":\"https:\/\/haz.hr\/2025\/12\/04\/hrvatska-akademska-zajednica-obiljezila-35-godina-djelovanja-svecanom-proslavom-u-zagrebu\/#primaryimage\"},\"image\":{\"@id\":\"https:\/\/haz.hr\/2025\/12\/04\/hrvatska-akademska-zajednica-obiljezila-35-godina-djelovanja-svecanom-proslavom-u-zagrebu\/#primaryimage\"},\"thumbnailUrl\":\"https:\/\/haz.hr\/wp-content\/uploads\/2025\/12\/fotografija-8.jpeg\",\"datePublished\":\"2025-12-04T09:47:57+00:00\",\"dateModified\":\"2025-12-04T10:11:30+00:00\",\"breadcrumb\":{\"@id\":\"https:\/\/haz.hr\/2025\/12\/04\/hrvatska-akademska-zajednica-obiljezila-35-godina-djelovanja-svecanom-proslavom-u-zagrebu\/#breadcrumb\"},\"inLanguage\":\"en-GB\",\"potentialAction\":[{\"@type\":\"ReadAction\",\"target\":[\"https:\/\/haz.hr\/2025\/12\/04\/hrvatska-akademska-zajednica-obiljezila-35-godina-djelovanja-svecanom-proslavom-u-zagrebu\/\"]}]},{\"@type\":\"ImageObject\",\"inLanguage\":\"en-GB\",\"@id\":\"https:\/\/haz.hr\/2025\/12\/04\/hrvatska-akademska-zajednica-obiljezila-35-godina-djelovanja-svecanom-proslavom-u-zagrebu\/#primaryimage\",\"url\":\"https:\/\/haz.hr\/wp-content\/uploads\/2025\/12\/fotografija-8.jpeg\",\"contentUrl\":\"https:\/\/haz.hr\/wp-content\/uploads\/2025\/12\/fotografija-8.jpeg\",\"width\":1525,\"height\":1017},{\"@type\":\"BreadcrumbList\",\"@id\":\"https:\/\/haz.hr\/2025\/12\/04\/hrvatska-akademska-zajednica-obiljezila-35-godina-djelovanja-svecanom-proslavom-u-zagrebu\/#breadcrumb\",\"itemListElement\":[{\"@type\":\"ListItem\",\"position\":1,\"name\":\"Home\",\"item\":\"https:\/\/haz.hr\/\"},{\"@type\":\"ListItem\",\"position\":2,\"name\":\"Hrvatska akademska zajednica obilje\u017eila 35 godina djelovanja sve\u010danom proslavom u Zagrebu\"}]},{\"@type\":\"WebSite\",\"@id\":\"https:\/\/haz.hr\/#website\",\"url\":\"https:\/\/haz.hr\/\",\"name\":\"HAZ\",\"description\":\"Hrvatska akademska zajednica\",\"publisher\":{\"@id\":\"https:\/\/haz.hr\/#organization\"},\"potentialAction\":[{\"@type\":\"SearchAction\",\"target\":{\"@type\":\"EntryPoint\",\"urlTemplate\":\"https:\/\/haz.hr\/?s={search_term_string}\"},\"query-input\":{\"@type\":\"PropertyValueSpecification\",\"valueRequired\":true,\"valueName\":\"search_term_string\"}}],\"inLanguage\":\"en-GB\"},{\"@type\":\"Organization\",\"@id\":\"https:\/\/haz.hr\/#organization\",\"name\":\"HAZ\",\"url\":\"https:\/\/haz.hr\/\",\"logo\":{\"@type\":\"ImageObject\",\"inLanguage\":\"en-GB\",\"@id\":\"https:\/\/haz.hr\/#\/schema\/logo\/image\/\",\"url\":\"https:\/\/haz.hr\/wp-content\/uploads\/2022\/12\/cropped-HAZ_logo.png\",\"contentUrl\":\"https:\/\/haz.hr\/wp-content\/uploads\/2022\/12\/cropped-HAZ_logo.png\",\"width\":125,\"height\":76,\"caption\":\"HAZ\"},\"image\":{\"@id\":\"https:\/\/haz.hr\/#\/schema\/logo\/image\/\"}},{\"@type\":\"Person\",\"@id\":\"https:\/\/haz.hr\/#\/schema\/person\/ca43c8e600048184e5d6fb7a03a19ace\",\"name\":\"Katja Be\u0161li\u0107\",\"image\":{\"@type\":\"ImageObject\",\"inLanguage\":\"en-GB\",\"@id\":\"https:\/\/haz.hr\/#\/schema\/person\/image\/\",\"url\":\"https:\/\/secure.gravatar.com\/avatar\/1932f8bd81728da548743019d7a7aaf4c17118744d3fbc3218e23bc393b711b5?s=96&d=mm&r=g\",\"contentUrl\":\"https:\/\/secure.gravatar.com\/avatar\/1932f8bd81728da548743019d7a7aaf4c17118744d3fbc3218e23bc393b711b5?s=96&d=mm&r=g\",\"caption\":\"Katja Be\u0161li\u0107\"},\"sameAs\":[\"http:\/\/haz.hr\"],\"url\":\"https:\/\/haz.hr\/en\/author\/katja\/\"}]}<\/script>\n<!-- \/ Yoast SEO plugin. -->","yoast_head_json":{"title":"Hrvatska akademska zajednica obilje\u017eila 35 godina djelovanja sve\u010danom proslavom u Zagrebu - HAZ","robots":{"index":"index","follow":"follow","max-snippet":"max-snippet:-1","max-image-preview":"max-image-preview:large","max-video-preview":"max-video-preview:-1"},"canonical":"https:\/\/haz.hr\/en\/2025\/12\/04\/hrvatska-akademska-zajednica-obiljezila-35-godina-djelovanja-svecanom-proslavom-u-zagrebu\/","og_locale":"en_GB","og_type":"article","og_title":"Hrvatska akademska zajednica obilje\u017eila 35 godina djelovanja sve\u010danom proslavom u Zagrebu - HAZ","og_description":"Dana 21. studenoga 2025. godine, povodom 35. obljetnice Hrvatske akademske zajednice, odr\u017eana je sve\u010dana ve\u010dera u Kristalnoj dvorani hotela Westin. Divim se svima vama mladima koji ste pokreta\u010di udruge. Vi [&hellip;]","og_url":"https:\/\/haz.hr\/en\/2025\/12\/04\/hrvatska-akademska-zajednica-obiljezila-35-godina-djelovanja-svecanom-proslavom-u-zagrebu\/","og_site_name":"HAZ","article_published_time":"2025-12-04T09:47:57+00:00","article_modified_time":"2025-12-04T10:11:30+00:00","og_image":[{"width":1525,"height":1017,"url":"https:\/\/haz.hr\/wp-content\/uploads\/2025\/12\/fotografija-8.jpeg","type":"image\/jpeg"}],"author":"Katja Be\u0161li\u0107","twitter_card":"summary_large_image","twitter_misc":{"Written by":"Katja Be\u0161li\u0107","Est. reading time":"5 minutes"},"schema":{"@context":"https:\/\/schema.org","@graph":[{"@type":"Article","@id":"https:\/\/haz.hr\/2025\/12\/04\/hrvatska-akademska-zajednica-obiljezila-35-godina-djelovanja-svecanom-proslavom-u-zagrebu\/#article","isPartOf":{"@id":"https:\/\/haz.hr\/2025\/12\/04\/hrvatska-akademska-zajednica-obiljezila-35-godina-djelovanja-svecanom-proslavom-u-zagrebu\/"},"author":{"name":"Katja Be\u0161li\u0107","@id":"https:\/\/haz.hr\/#\/schema\/person\/ca43c8e600048184e5d6fb7a03a19ace"},"headline":"Hrvatska akademska zajednica obilje\u017eila 35 godina djelovanja sve\u010danom proslavom u Zagrebu","datePublished":"2025-12-04T09:47:57+00:00","dateModified":"2025-12-04T10:11:30+00:00","mainEntityOfPage":{"@id":"https:\/\/haz.hr\/2025\/12\/04\/hrvatska-akademska-zajednica-obiljezila-35-godina-djelovanja-svecanom-proslavom-u-zagrebu\/"},"wordCount":528,"commentCount":0,"publisher":{"@id":"https:\/\/haz.hr\/#organization"},"image":{"@id":"https:\/\/haz.hr\/2025\/12\/04\/hrvatska-akademska-zajednica-obiljezila-35-godina-djelovanja-svecanom-proslavom-u-zagrebu\/#primaryimage"},"thumbnailUrl":"https:\/\/haz.hr\/wp-content\/uploads\/2025\/12\/fotografija-8.jpeg","keywords":["35 godina HAZ-a","HAZ","hrvatska akademska zajednica"],"articleSection":["HAZ novosti","HAZ UniZg novosti"],"inLanguage":"en-GB","potentialAction":[{"@type":"CommentAction","name":"Comment","target":["https:\/\/haz.hr\/2025\/12\/04\/hrvatska-akademska-zajednica-obiljezila-35-godina-djelovanja-svecanom-proslavom-u-zagrebu\/#respond"]}]},{"@type":"WebPage","@id":"https:\/\/haz.hr\/2025\/12\/04\/hrvatska-akademska-zajednica-obiljezila-35-godina-djelovanja-svecanom-proslavom-u-zagrebu\/","url":"https:\/\/haz.hr\/2025\/12\/04\/hrvatska-akademska-zajednica-obiljezila-35-godina-djelovanja-svecanom-proslavom-u-zagrebu\/","name":"Hrvatska akademska zajednica obilje\u017eila 35 godina djelovanja sve\u010danom proslavom u Zagrebu - HAZ","isPartOf":{"@id":"https:\/\/haz.hr\/#website"},"primaryImageOfPage":{"@id":"https:\/\/haz.hr\/2025\/12\/04\/hrvatska-akademska-zajednica-obiljezila-35-godina-djelovanja-svecanom-proslavom-u-zagrebu\/#primaryimage"},"image":{"@id":"https:\/\/haz.hr\/2025\/12\/04\/hrvatska-akademska-zajednica-obiljezila-35-godina-djelovanja-svecanom-proslavom-u-zagrebu\/#primaryimage"},"thumbnailUrl":"https:\/\/haz.hr\/wp-content\/uploads\/2025\/12\/fotografija-8.jpeg","datePublished":"2025-12-04T09:47:57+00:00","dateModified":"2025-12-04T10:11:30+00:00","breadcrumb":{"@id":"https:\/\/haz.hr\/2025\/12\/04\/hrvatska-akademska-zajednica-obiljezila-35-godina-djelovanja-svecanom-proslavom-u-zagrebu\/#breadcrumb"},"inLanguage":"en-GB","potentialAction":[{"@type":"ReadAction","target":["https:\/\/haz.hr\/2025\/12\/04\/hrvatska-akademska-zajednica-obiljezila-35-godina-djelovanja-svecanom-proslavom-u-zagrebu\/"]}]},{"@type":"ImageObject","inLanguage":"en-GB","@id":"https:\/\/haz.hr\/2025\/12\/04\/hrvatska-akademska-zajednica-obiljezila-35-godina-djelovanja-svecanom-proslavom-u-zagrebu\/#primaryimage","url":"https:\/\/haz.hr\/wp-content\/uploads\/2025\/12\/fotografija-8.jpeg","contentUrl":"https:\/\/haz.hr\/wp-content\/uploads\/2025\/12\/fotografija-8.jpeg","width":1525,"height":1017},{"@type":"BreadcrumbList","@id":"https:\/\/haz.hr\/2025\/12\/04\/hrvatska-akademska-zajednica-obiljezila-35-godina-djelovanja-svecanom-proslavom-u-zagrebu\/#breadcrumb","itemListElement":[{"@type":"ListItem","position":1,"name":"Home","item":"https:\/\/haz.hr\/"},{"@type":"ListItem","position":2,"name":"Hrvatska akademska zajednica obilje\u017eila 35 godina djelovanja sve\u010danom proslavom u Zagrebu"}]},{"@type":"WebSite","@id":"https:\/\/haz.hr\/#website","url":"https:\/\/haz.hr\/","name":"HAZ","description":"Croatian Academic Community","publisher":{"@id":"https:\/\/haz.hr\/#organization"},"potentialAction":[{"@type":"SearchAction","target":{"@type":"EntryPoint","urlTemplate":"https:\/\/haz.hr\/?s={search_term_string}"},"query-input":{"@type":"PropertyValueSpecification","valueRequired":true,"valueName":"search_term_string"}}],"inLanguage":"en-GB"},{"@type":"Organization","@id":"https:\/\/haz.hr\/#organization","name":"HAZ","url":"https:\/\/haz.hr\/","logo":{"@type":"ImageObject","inLanguage":"en-GB","@id":"https:\/\/haz.hr\/#\/schema\/logo\/image\/","url":"https:\/\/haz.hr\/wp-content\/uploads\/2022\/12\/cropped-HAZ_logo.png","contentUrl":"https:\/\/haz.hr\/wp-content\/uploads\/2022\/12\/cropped-HAZ_logo.png","width":125,"height":76,"caption":"HAZ"},"image":{"@id":"https:\/\/haz.hr\/#\/schema\/logo\/image\/"}},{"@type":"Person","@id":"https:\/\/haz.hr\/#\/schema\/person\/ca43c8e600048184e5d6fb7a03a19ace","name":"Katja Be\u0161li\u0107","image":{"@type":"ImageObject","inLanguage":"en-GB","@id":"https:\/\/haz.hr\/#\/schema\/person\/image\/","url":"https:\/\/secure.gravatar.com\/avatar\/1932f8bd81728da548743019d7a7aaf4c17118744d3fbc3218e23bc393b711b5?s=96&d=mm&r=g","contentUrl":"https:\/\/secure.gravatar.com\/avatar\/1932f8bd81728da548743019d7a7aaf4c17118744d3fbc3218e23bc393b711b5?s=96&d=mm&r=g","caption":"Katja Be\u0161li\u0107"},"sameAs":["http:\/\/haz.hr"],"url":"https:\/\/haz.hr\/en\/author\/katja\/"}]}},"_links":{"self":[{"href":"https:\/\/haz.hr\/en\/wp-json\/wp\/v2\/posts\/3671","targetHints":{"allow":["GET"]}}],"collection":[{"href":"https:\/\/haz.hr\/en\/wp-json\/wp\/v2\/posts"}],"about":[{"href":"https:\/\/haz.hr\/en\/wp-json\/wp\/v2\/types\/post"}],"author":[{"embeddable":true,"href":"https:\/\/haz.hr\/en\/wp-json\/wp\/v2\/users\/23"}],"replies":[{"embeddable":true,"href":"https:\/\/haz.hr\/en\/wp-json\/wp\/v2\/comments?post=3671"}],"version-history":[{"count":15,"href":"https:\/\/haz.hr\/en\/wp-json\/wp\/v2\/posts\/3671\/revisions"}],"predecessor-version":[{"id":3716,"href":"https:\/\/haz.hr\/en\/wp-json\/wp\/v2\/posts\/3671\/revisions\/3716"}],"wp:featuredmedia":[{"embeddable":true,"href":"https:\/\/haz.hr\/en\/wp-json\/wp\/v2\/media\/3674"}],"wp:attachment":[{"href":"https:\/\/haz.hr\/en\/wp-json\/wp\/v2\/media?parent=3671"}],"wp:term":[{"taxonomy":"category","embeddable":true,"href":"https:\/\/haz.hr\/en\/wp-json\/wp\/v2\/categories?post=3671"},{"taxonomy":"post_tag","embeddable":true,"href":"https:\/\/haz.hr\/en\/wp-json\/wp\/v2\/tags?post=3671"}],"curies":[{"name":"wp","href":"https:\/\/api.w.org\/{rel}","templated":true}]}}