{"id":3700,"date":"2025-12-11T10:12:08","date_gmt":"2025-12-11T10:12:08","guid":{"rendered":"https:\/\/haz.hr\/?p=3700"},"modified":"2025-12-11T10:16:54","modified_gmt":"2025-12-11T10:16:54","slug":"izvjestaj-s-financijske-akademije-2025","status":"publish","type":"post","link":"https:\/\/haz.hr\/en\/2025\/12\/11\/izvjestaj-s-financijske-akademije-2025\/","title":{"rendered":"Izvje\u0161taj s Financijske akademije 2025."},"content":{"rendered":"<p class=\"wp-block-paragraph\"><\/p>\n\n\n\n<p class=\"wp-block-paragraph\">U petak, <strong>5. prosinca 2025., na Ekonomskom fakultetu u Zagrebu<\/strong> odr\u017eano <strong>je peto izdanje Financijske akademije<\/strong> u organizaciji <strong>Hrvatske akademske zajednice na Ekonomskom fakultetu.<\/strong> Cilj ovog inovativnog projekta bio je pove\u0107ati financijsku pismenost mladih te ih educirati o suvremenim trendovima i preprekama s kojima se suo\u010dava financijski sektor.<\/p>\n\n\n\n<p class=\"wp-block-paragraph\"><\/p>\n\n\n\n<p class=\"wp-block-paragraph\">U kongresnoj dvorani Ekonomskog fakulteta program je zapo\u010deo slu\u017ebenim otvaranjem konferencije, a okupljene su tom prilikom pozdravili <strong>Fran Toma\u0161i\u0107 i Lara \u010cur\u010dija<\/strong>, voditelji ovogodi\u0161njeg izdanja projekta.<\/p>\n\n\n\n<p class=\"wp-block-paragraph\"><\/p>\n\n\n\n<p class=\"wp-block-paragraph\"><\/p>\n\n\n\n<p class=\"wp-block-paragraph\"><\/p>\n\n\n\n<p class=\"wp-block-paragraph\">Prvo predavanje <strong>\u201cMakroekonomska kretanja i inflacija u okru\u017eenju geopoliti\u010dkih napetosti\u201d<\/strong> odr\u017eala je zamjenica guvernera Hrvatske narodne banke dr. sc. <strong>Sandra \u0160valjek<\/strong>. Sudionici su slu\u0161ali o aktualnim makroekonomskim kretanjima s posebnim naglaskom na teme inflacije i gospodarskog rasta u Hrvatskoj i Europi. Uz to, predavanje je analiziralo i globalne \u010dimbenike te utjecaj investicija i potro\u0161nje na BDP i inflaciju.<\/p>\n\n\n\n<p class=\"wp-block-paragraph\"><\/p>\n\n\n\n<p class=\"wp-block-paragraph\"><\/p>\n\n\n\n<p class=\"wp-block-paragraph\">Na red je do\u0161ao prvi panel pod nazivom<strong> \u201cSigurne financije u neizvjesnom gospodarstvu\u201d<\/strong>, koji je okupio stru\u010dnjake iz financijskog sektora; <strong>Sanju Gr\u017eeti\u0107<\/strong> (voditeljica Korporativnih komunikacija i marketinga u GRAWE Hrvatska d.d.), <strong>Frana Nagli\u0107a <\/strong>(menad\u017eer u PwC-u Hrvatska) i <strong>Luku Ro\u017emana<\/strong> (direktor za spajanja i akvizicije te financijsko savjetovanje u Forvis Mazarsu). Panel je moderirala prof. dr. sc. <strong>Ana Andabaka <\/strong>koja je inicirala diskusiju o naj\u010de\u0161\u0107im gre\u0161kama poduze\u0107a pri upravljanju rizicima, potencijalnim utjecajima na stabilnost i investicijske odluke u poduze\u0107ima te kako oslanjanje na umjetnu inteligenciju mo\u017ee uzrokovati pogre\u0161ke u poslovanju.<\/p>\n\n\n\n<p class=\"wp-block-paragraph\"><\/p>\n\n\n\n<p class=\"wp-block-paragraph\"><\/p>\n\n\n\n<p class=\"wp-block-paragraph\">Nakon kratke pauze uslijedio je drugi panel pod nazivom <strong>\u201cPametna financijska budu\u0107nost\u201d<\/strong> koji je obuhvatio teme izazova s kojima se \u017eene susre\u0107u u \u2018networkingu\u2019 &#8211; va\u017enom elementu uspjeha u poslovnom svijetu, kao i utjecaj samopouzdanja, truda i socijalnih vje\u0161tina na profesionalni napredak. Nadalje, potaknuta je rasprava o ulozi investiranja i \u0161tednje u izgradnji osobne financijske stabilnosti. U ovom panelu, \u010diji je moderator bila prof. dr. sc.<strong> Anita Pavkovi\u0107<\/strong> sudjelovali su <strong>Kristina Ercegovi\u0107<\/strong> (serijska poduzetnica, osniva\u010dica portala \u201cMoj novac\u201d, poslovna savjetnica i autorica \u0161est knjiga), <strong>Krunoslav Ani\u0107 <\/strong>(glavni direktor i voditelj \u201cOdjela za velike korporacije\u201d u Zagreba\u010dkoj banci) te <strong>Marko Bogdan<\/strong> (investicijski stru\u010dnjak u InterCapital-u).<\/p>\n\n\n\n<p class=\"wp-block-paragraph\"><\/p>\n\n\n\n<p class=\"wp-block-paragraph\"><\/p>\n\n\n\n<p class=\"wp-block-paragraph\">Konferencija je privedena kraju predavanjem<strong> Ivana Mi\u0161eti\u0107a<\/strong>, generalnog tajnika Atlantic Grupe, pod nazivom<strong> \u201cStrate\u0161ko upravljanje u doba globalnih promjena\u201d<\/strong>. Fokus ovog motiviraju\u0107eg predavanja bio je na va\u017enosti ve\u0107 spomenutog \u2018networkinga\u2019, informiranosti o lokalnom i globalnom okru\u017eenju, ali i poduzetni\u0161tvu &#8211; <em>\u201cIako je te\u0161ko, poduzetni\u0161tvo nagra\u0111uje puno vi\u0161e\u201d<\/em>.<\/p>\n\n\n\n<p class=\"wp-block-paragraph\"><\/p>\n\n\n\n<p class=\"wp-block-paragraph\"><\/p>\n\n\n\n<p class=\"wp-block-paragraph\">Odli\u010dna organizacija konferencije rezultat je predanog rada tima pod vodstvom<strong> Frana Toma\u0161i\u0107a i Lare \u010cur\u010dije<\/strong>, koji su osigurali visoku kvalitetu doga\u0111anja. Zahvaljujemo svim predava\u010dima, panelistima, organizatorima i sponzorima na trudu i podr\u0161ci u organizaciji te realizaciji ovog uspje\u0161nog projekta. S nestrpljenjem i\u0161\u010dekujemo idu\u0107e izdanje!<\/p>\n\n\n\n<p class=\"wp-block-paragraph\"><\/p>\n\n\n\n<p class=\"wp-block-paragraph\"><\/p>\n\n\n\n<p class=\"wp-block-paragraph\">I ne zaboravite, budite svoja najbolja investicija!<\/p>\n\n\n\n<p class=\"wp-block-paragraph\"><\/p>\n\n\n\n<p class=\"wp-block-paragraph\"><\/p>\n\n\n\n<p class=\"wp-block-paragraph\">Ma\u0161a \u017duro<\/p>\n\n\n\n<p class=\"wp-block-paragraph\"><\/p>\n\n\n\n<p class=\"wp-block-paragraph\"><\/p>\n\n\n\n<figure class=\"wp-block-gallery has-nested-images columns-default is-cropped wp-block-gallery-1 is-layout-flex wp-block-gallery-is-layout-flex\">\n<figure class=\"wp-block-image size-large\"><img fetchpriority=\"high\" decoding=\"async\" width=\"1024\" height=\"682\" data-id=\"3702\" src=\"https:\/\/haz.hr\/wp-content\/uploads\/2025\/12\/WhatsApp-Image-2025-12-11-at-10.46.04-1-1024x682.jpeg\" alt=\"\" class=\"wp-image-3702\" srcset=\"https:\/\/haz.hr\/wp-content\/uploads\/2025\/12\/WhatsApp-Image-2025-12-11-at-10.46.04-1-1024x682.jpeg 1024w, https:\/\/haz.hr\/wp-content\/uploads\/2025\/12\/WhatsApp-Image-2025-12-11-at-10.46.04-1-300x200.jpeg 300w, https:\/\/haz.hr\/wp-content\/uploads\/2025\/12\/WhatsApp-Image-2025-12-11-at-10.46.04-1-768x512.jpeg 768w, https:\/\/haz.hr\/wp-content\/uploads\/2025\/12\/WhatsApp-Image-2025-12-11-at-10.46.04-1.jpeg 1529w\" sizes=\"(max-width: 1024px) 100vw, 1024px\" \/><\/figure>\n\n\n\n<figure class=\"wp-block-image size-large\"><img decoding=\"async\" width=\"1024\" height=\"683\" data-id=\"3706\" src=\"https:\/\/haz.hr\/wp-content\/uploads\/2025\/12\/WhatsApp-Image-2025-12-11-at-10.46.04-2-1024x683.jpeg\" alt=\"\" class=\"wp-image-3706\" srcset=\"https:\/\/haz.hr\/wp-content\/uploads\/2025\/12\/WhatsApp-Image-2025-12-11-at-10.46.04-2-1024x683.jpeg 1024w, https:\/\/haz.hr\/wp-content\/uploads\/2025\/12\/WhatsApp-Image-2025-12-11-at-10.46.04-2-300x200.jpeg 300w, https:\/\/haz.hr\/wp-content\/uploads\/2025\/12\/WhatsApp-Image-2025-12-11-at-10.46.04-2-768x512.jpeg 768w, https:\/\/haz.hr\/wp-content\/uploads\/2025\/12\/WhatsApp-Image-2025-12-11-at-10.46.04-2-1536x1024.jpeg 1536w, https:\/\/haz.hr\/wp-content\/uploads\/2025\/12\/WhatsApp-Image-2025-12-11-at-10.46.04-2.jpeg 1620w\" sizes=\"(max-width: 1024px) 100vw, 1024px\" \/><\/figure>\n\n\n\n<figure class=\"wp-block-image size-large\"><img decoding=\"async\" width=\"1024\" height=\"684\" data-id=\"3710\" src=\"https:\/\/haz.hr\/wp-content\/uploads\/2025\/12\/WhatsApp-Image-2025-12-11-at-10.46.03-1024x684.jpeg\" alt=\"\" class=\"wp-image-3710\" srcset=\"https:\/\/haz.hr\/wp-content\/uploads\/2025\/12\/WhatsApp-Image-2025-12-11-at-10.46.03-1024x684.jpeg 1024w, https:\/\/haz.hr\/wp-content\/uploads\/2025\/12\/WhatsApp-Image-2025-12-11-at-10.46.03-300x200.jpeg 300w, https:\/\/haz.hr\/wp-content\/uploads\/2025\/12\/WhatsApp-Image-2025-12-11-at-10.46.03-768x513.jpeg 768w, https:\/\/haz.hr\/wp-content\/uploads\/2025\/12\/WhatsApp-Image-2025-12-11-at-10.46.03-1536x1025.jpeg 1536w, https:\/\/haz.hr\/wp-content\/uploads\/2025\/12\/WhatsApp-Image-2025-12-11-at-10.46.03.jpeg 1600w\" sizes=\"(max-width: 1024px) 100vw, 1024px\" \/><\/figure>\n\n\n\n<figure class=\"wp-block-image size-large\"><img loading=\"lazy\" decoding=\"async\" width=\"1024\" height=\"683\" data-id=\"3708\" src=\"https:\/\/haz.hr\/wp-content\/uploads\/2025\/12\/WhatsApp-Image-2025-12-11-at-10.46.03-2-1024x683.jpeg\" alt=\"\" class=\"wp-image-3708\" srcset=\"https:\/\/haz.hr\/wp-content\/uploads\/2025\/12\/WhatsApp-Image-2025-12-11-at-10.46.03-2-1024x683.jpeg 1024w, https:\/\/haz.hr\/wp-content\/uploads\/2025\/12\/WhatsApp-Image-2025-12-11-at-10.46.03-2-300x200.jpeg 300w, https:\/\/haz.hr\/wp-content\/uploads\/2025\/12\/WhatsApp-Image-2025-12-11-at-10.46.03-2-768x512.jpeg 768w, https:\/\/haz.hr\/wp-content\/uploads\/2025\/12\/WhatsApp-Image-2025-12-11-at-10.46.03-2-1536x1024.jpeg 1536w, https:\/\/haz.hr\/wp-content\/uploads\/2025\/12\/WhatsApp-Image-2025-12-11-at-10.46.03-2.jpeg 1585w\" sizes=\"(max-width: 1024px) 100vw, 1024px\" \/><\/figure>\n\n\n\n<figure class=\"wp-block-image size-large\"><img loading=\"lazy\" decoding=\"async\" width=\"1024\" height=\"682\" data-id=\"3709\" src=\"https:\/\/haz.hr\/wp-content\/uploads\/2025\/12\/WhatsApp-Image-2025-12-11-at-10.46.03-1-1024x682.jpeg\" alt=\"\" class=\"wp-image-3709\" srcset=\"https:\/\/haz.hr\/wp-content\/uploads\/2025\/12\/WhatsApp-Image-2025-12-11-at-10.46.03-1-1024x682.jpeg 1024w, https:\/\/haz.hr\/wp-content\/uploads\/2025\/12\/WhatsApp-Image-2025-12-11-at-10.46.03-1-300x200.jpeg 300w, https:\/\/haz.hr\/wp-content\/uploads\/2025\/12\/WhatsApp-Image-2025-12-11-at-10.46.03-1-768x512.jpeg 768w, https:\/\/haz.hr\/wp-content\/uploads\/2025\/12\/WhatsApp-Image-2025-12-11-at-10.46.03-1.jpeg 1454w\" sizes=\"(max-width: 1024px) 100vw, 1024px\" \/><\/figure>\n\n\n\n<figure class=\"wp-block-image size-large\"><img loading=\"lazy\" decoding=\"async\" width=\"1024\" height=\"683\" data-id=\"3704\" src=\"https:\/\/haz.hr\/wp-content\/uploads\/2025\/12\/WhatsApp-Image-2025-12-11-at-10.46.05-1-1024x683.jpeg\" alt=\"\" class=\"wp-image-3704\" srcset=\"https:\/\/haz.hr\/wp-content\/uploads\/2025\/12\/WhatsApp-Image-2025-12-11-at-10.46.05-1-1024x683.jpeg 1024w, https:\/\/haz.hr\/wp-content\/uploads\/2025\/12\/WhatsApp-Image-2025-12-11-at-10.46.05-1-300x200.jpeg 300w, https:\/\/haz.hr\/wp-content\/uploads\/2025\/12\/WhatsApp-Image-2025-12-11-at-10.46.05-1-768x512.jpeg 768w, https:\/\/haz.hr\/wp-content\/uploads\/2025\/12\/WhatsApp-Image-2025-12-11-at-10.46.05-1-1536x1024.jpeg 1536w, https:\/\/haz.hr\/wp-content\/uploads\/2025\/12\/WhatsApp-Image-2025-12-11-at-10.46.05-1.jpeg 1593w\" sizes=\"(max-width: 1024px) 100vw, 1024px\" \/><\/figure>\n\n\n\n<figure class=\"wp-block-image size-large\"><img loading=\"lazy\" decoding=\"async\" width=\"1024\" height=\"683\" data-id=\"3707\" src=\"https:\/\/haz.hr\/wp-content\/uploads\/2025\/12\/WhatsApp-Image-2025-12-11-at-10.46.04-1024x683.jpeg\" alt=\"\" class=\"wp-image-3707\" srcset=\"https:\/\/haz.hr\/wp-content\/uploads\/2025\/12\/WhatsApp-Image-2025-12-11-at-10.46.04-1024x683.jpeg 1024w, https:\/\/haz.hr\/wp-content\/uploads\/2025\/12\/WhatsApp-Image-2025-12-11-at-10.46.04-300x200.jpeg 300w, https:\/\/haz.hr\/wp-content\/uploads\/2025\/12\/WhatsApp-Image-2025-12-11-at-10.46.04-768x512.jpeg 768w, https:\/\/haz.hr\/wp-content\/uploads\/2025\/12\/WhatsApp-Image-2025-12-11-at-10.46.04.jpeg 1441w\" sizes=\"(max-width: 1024px) 100vw, 1024px\" \/><\/figure>\n\n\n\n<figure class=\"wp-block-image size-large\"><img loading=\"lazy\" decoding=\"async\" width=\"1024\" height=\"683\" data-id=\"3703\" src=\"https:\/\/haz.hr\/wp-content\/uploads\/2025\/12\/WhatsApp-Image-2025-12-11-at-10.46.05-1024x683.jpeg\" alt=\"\" class=\"wp-image-3703\" srcset=\"https:\/\/haz.hr\/wp-content\/uploads\/2025\/12\/WhatsApp-Image-2025-12-11-at-10.46.05-1024x683.jpeg 1024w, https:\/\/haz.hr\/wp-content\/uploads\/2025\/12\/WhatsApp-Image-2025-12-11-at-10.46.05-300x200.jpeg 300w, https:\/\/haz.hr\/wp-content\/uploads\/2025\/12\/WhatsApp-Image-2025-12-11-at-10.46.05-768x512.jpeg 768w, https:\/\/haz.hr\/wp-content\/uploads\/2025\/12\/WhatsApp-Image-2025-12-11-at-10.46.05.jpeg 1443w\" sizes=\"(max-width: 1024px) 100vw, 1024px\" \/><\/figure>\n\n\n\n<figure class=\"wp-block-image size-large\"><img loading=\"lazy\" decoding=\"async\" width=\"1024\" height=\"683\" data-id=\"3705\" src=\"https:\/\/haz.hr\/wp-content\/uploads\/2025\/12\/WhatsApp-Image-2025-12-11-at-10.46.04-3-1024x683.jpeg\" alt=\"\" class=\"wp-image-3705\" srcset=\"https:\/\/haz.hr\/wp-content\/uploads\/2025\/12\/WhatsApp-Image-2025-12-11-at-10.46.04-3-1024x683.jpeg 1024w, https:\/\/haz.hr\/wp-content\/uploads\/2025\/12\/WhatsApp-Image-2025-12-11-at-10.46.04-3-300x200.jpeg 300w, https:\/\/haz.hr\/wp-content\/uploads\/2025\/12\/WhatsApp-Image-2025-12-11-at-10.46.04-3-768x512.jpeg 768w, https:\/\/haz.hr\/wp-content\/uploads\/2025\/12\/WhatsApp-Image-2025-12-11-at-10.46.04-3-1536x1024.jpeg 1536w, https:\/\/haz.hr\/wp-content\/uploads\/2025\/12\/WhatsApp-Image-2025-12-11-at-10.46.04-3.jpeg 1555w\" sizes=\"(max-width: 1024px) 100vw, 1024px\" \/><\/figure>\n\n\n\n<figure class=\"wp-block-image size-large\"><img loading=\"lazy\" decoding=\"async\" width=\"1024\" height=\"682\" data-id=\"3701\" src=\"https:\/\/haz.hr\/wp-content\/uploads\/2025\/12\/WhatsApp-Image-2025-12-11-at-10.46.05-2-1024x682.jpeg\" alt=\"\" class=\"wp-image-3701\" srcset=\"https:\/\/haz.hr\/wp-content\/uploads\/2025\/12\/WhatsApp-Image-2025-12-11-at-10.46.05-2-1024x682.jpeg 1024w, https:\/\/haz.hr\/wp-content\/uploads\/2025\/12\/WhatsApp-Image-2025-12-11-at-10.46.05-2-300x200.jpeg 300w, https:\/\/haz.hr\/wp-content\/uploads\/2025\/12\/WhatsApp-Image-2025-12-11-at-10.46.05-2-768x512.jpeg 768w, https:\/\/haz.hr\/wp-content\/uploads\/2025\/12\/WhatsApp-Image-2025-12-11-at-10.46.05-2-1536x1024.jpeg 1536w, https:\/\/haz.hr\/wp-content\/uploads\/2025\/12\/WhatsApp-Image-2025-12-11-at-10.46.05-2.jpeg 1616w\" sizes=\"(max-width: 1024px) 100vw, 1024px\" \/><\/figure>\n<\/figure>\n\n\n\n<p class=\"wp-block-paragraph\"><\/p>","protected":false},"excerpt":{"rendered":"<p>U petak, 5. prosinca 2025., na Ekonomskom fakultetu u Zagrebu odr\u017eano je peto izdanje Financijske akademije u organizaciji Hrvatske akademske zajednice na Ekonomskom fakultetu. Cilj ovog inovativnog projekta bio je [&hellip;]<\/p>\n","protected":false},"author":23,"featured_media":3710,"comment_status":"open","ping_status":"open","sticky":false,"template":"","format":"standard","meta":{"footnotes":""},"categories":[14,10,11],"tags":[57,59,24,55,58],"class_list":["post-3700","post","type-post","status-publish","format-standard","has-post-thumbnail","hentry","category-haz-novosti","category-haz-unizg","category-hazef-novosti","tag-ekonomski-fakultet","tag-financijska-akademija","tag-haz","tag-hrvatska-akademska-zajednica","tag-sveuciliste-u-zagrebu"],"yoast_head":"<!-- This site is optimized with the Yoast SEO plugin v23.7 - https:\/\/yoast.com\/wordpress\/plugins\/seo\/ -->\n<title>Izvje\u0161taj s Financijske akademije 2025. - HAZ<\/title>\n<meta name=\"robots\" content=\"index, follow, max-snippet:-1, max-image-preview:large, max-video-preview:-1\" \/>\n<link rel=\"canonical\" href=\"https:\/\/haz.hr\/en\/2025\/12\/11\/izvjestaj-s-financijske-akademije-2025\/\" \/>\n<meta property=\"og:locale\" content=\"en_GB\" \/>\n<meta property=\"og:type\" content=\"article\" \/>\n<meta property=\"og:title\" content=\"Izvje\u0161taj s Financijske akademije 2025. - HAZ\" \/>\n<meta property=\"og:description\" content=\"U petak, 5. prosinca 2025., na Ekonomskom fakultetu u Zagrebu odr\u017eano je peto izdanje Financijske akademije u organizaciji Hrvatske akademske zajednice na Ekonomskom fakultetu. Cilj ovog inovativnog projekta bio je [&hellip;]\" \/>\n<meta property=\"og:url\" content=\"https:\/\/haz.hr\/en\/2025\/12\/11\/izvjestaj-s-financijske-akademije-2025\/\" \/>\n<meta property=\"og:site_name\" content=\"HAZ\" \/>\n<meta property=\"article:published_time\" content=\"2025-12-11T10:12:08+00:00\" \/>\n<meta property=\"article:modified_time\" content=\"2025-12-11T10:16:54+00:00\" \/>\n<meta property=\"og:image\" content=\"https:\/\/haz.hr\/wp-content\/uploads\/2025\/12\/WhatsApp-Image-2025-12-11-at-10.46.03.jpeg\" \/>\n\t<meta property=\"og:image:width\" content=\"1600\" \/>\n\t<meta property=\"og:image:height\" content=\"1068\" \/>\n\t<meta property=\"og:image:type\" content=\"image\/jpeg\" \/>\n<meta name=\"author\" content=\"Katja Be\u0161li\u0107\" \/>\n<meta name=\"twitter:card\" content=\"summary_large_image\" \/>\n<meta name=\"twitter:label1\" content=\"Written by\" \/>\n\t<meta name=\"twitter:data1\" content=\"Katja Be\u0161li\u0107\" \/>\n\t<meta name=\"twitter:label2\" content=\"Est. reading time\" \/>\n\t<meta name=\"twitter:data2\" content=\"5 minutes\" \/>\n<script type=\"application\/ld+json\" class=\"yoast-schema-graph\">{\"@context\":\"https:\/\/schema.org\",\"@graph\":[{\"@type\":\"Article\",\"@id\":\"https:\/\/haz.hr\/2025\/12\/11\/izvjestaj-s-financijske-akademije-2025\/#article\",\"isPartOf\":{\"@id\":\"https:\/\/haz.hr\/2025\/12\/11\/izvjestaj-s-financijske-akademije-2025\/\"},\"author\":{\"name\":\"Katja Be\u0161li\u0107\",\"@id\":\"https:\/\/haz.hr\/#\/schema\/person\/ca43c8e600048184e5d6fb7a03a19ace\"},\"headline\":\"Izvje\u0161taj s Financijske akademije 2025.\",\"datePublished\":\"2025-12-11T10:12:08+00:00\",\"dateModified\":\"2025-12-11T10:16:54+00:00\",\"mainEntityOfPage\":{\"@id\":\"https:\/\/haz.hr\/2025\/12\/11\/izvjestaj-s-financijske-akademije-2025\/\"},\"wordCount\":485,\"commentCount\":0,\"publisher\":{\"@id\":\"https:\/\/haz.hr\/#organization\"},\"image\":{\"@id\":\"https:\/\/haz.hr\/2025\/12\/11\/izvjestaj-s-financijske-akademije-2025\/#primaryimage\"},\"thumbnailUrl\":\"https:\/\/haz.hr\/wp-content\/uploads\/2025\/12\/WhatsApp-Image-2025-12-11-at-10.46.03.jpeg\",\"keywords\":[\"Ekonomski fakultet\",\"financijska akademija\",\"HAZ\",\"hrvatska akademska zajednica\",\"Sveu\u010dili\u0161te u Zagrebu\"],\"articleSection\":[\"HAZ novosti\",\"HAZ UniZg novosti\",\"HAZef novosti\"],\"inLanguage\":\"en-GB\",\"potentialAction\":[{\"@type\":\"CommentAction\",\"name\":\"Comment\",\"target\":[\"https:\/\/haz.hr\/2025\/12\/11\/izvjestaj-s-financijske-akademije-2025\/#respond\"]}]},{\"@type\":\"WebPage\",\"@id\":\"https:\/\/haz.hr\/2025\/12\/11\/izvjestaj-s-financijske-akademije-2025\/\",\"url\":\"https:\/\/haz.hr\/2025\/12\/11\/izvjestaj-s-financijske-akademije-2025\/\",\"name\":\"Izvje\u0161taj s Financijske akademije 2025. - HAZ\",\"isPartOf\":{\"@id\":\"https:\/\/haz.hr\/#website\"},\"primaryImageOfPage\":{\"@id\":\"https:\/\/haz.hr\/2025\/12\/11\/izvjestaj-s-financijske-akademije-2025\/#primaryimage\"},\"image\":{\"@id\":\"https:\/\/haz.hr\/2025\/12\/11\/izvjestaj-s-financijske-akademije-2025\/#primaryimage\"},\"thumbnailUrl\":\"https:\/\/haz.hr\/wp-content\/uploads\/2025\/12\/WhatsApp-Image-2025-12-11-at-10.46.03.jpeg\",\"datePublished\":\"2025-12-11T10:12:08+00:00\",\"dateModified\":\"2025-12-11T10:16:54+00:00\",\"breadcrumb\":{\"@id\":\"https:\/\/haz.hr\/2025\/12\/11\/izvjestaj-s-financijske-akademije-2025\/#breadcrumb\"},\"inLanguage\":\"en-GB\",\"potentialAction\":[{\"@type\":\"ReadAction\",\"target\":[\"https:\/\/haz.hr\/2025\/12\/11\/izvjestaj-s-financijske-akademije-2025\/\"]}]},{\"@type\":\"ImageObject\",\"inLanguage\":\"en-GB\",\"@id\":\"https:\/\/haz.hr\/2025\/12\/11\/izvjestaj-s-financijske-akademije-2025\/#primaryimage\",\"url\":\"https:\/\/haz.hr\/wp-content\/uploads\/2025\/12\/WhatsApp-Image-2025-12-11-at-10.46.03.jpeg\",\"contentUrl\":\"https:\/\/haz.hr\/wp-content\/uploads\/2025\/12\/WhatsApp-Image-2025-12-11-at-10.46.03.jpeg\",\"width\":1600,\"height\":1068},{\"@type\":\"BreadcrumbList\",\"@id\":\"https:\/\/haz.hr\/2025\/12\/11\/izvjestaj-s-financijske-akademije-2025\/#breadcrumb\",\"itemListElement\":[{\"@type\":\"ListItem\",\"position\":1,\"name\":\"Home\",\"item\":\"https:\/\/haz.hr\/\"},{\"@type\":\"ListItem\",\"position\":2,\"name\":\"Izvje\u0161taj s Financijske akademije 2025.\"}]},{\"@type\":\"WebSite\",\"@id\":\"https:\/\/haz.hr\/#website\",\"url\":\"https:\/\/haz.hr\/\",\"name\":\"HAZ\",\"description\":\"Hrvatska akademska zajednica\",\"publisher\":{\"@id\":\"https:\/\/haz.hr\/#organization\"},\"potentialAction\":[{\"@type\":\"SearchAction\",\"target\":{\"@type\":\"EntryPoint\",\"urlTemplate\":\"https:\/\/haz.hr\/?s={search_term_string}\"},\"query-input\":{\"@type\":\"PropertyValueSpecification\",\"valueRequired\":true,\"valueName\":\"search_term_string\"}}],\"inLanguage\":\"en-GB\"},{\"@type\":\"Organization\",\"@id\":\"https:\/\/haz.hr\/#organization\",\"name\":\"HAZ\",\"url\":\"https:\/\/haz.hr\/\",\"logo\":{\"@type\":\"ImageObject\",\"inLanguage\":\"en-GB\",\"@id\":\"https:\/\/haz.hr\/#\/schema\/logo\/image\/\",\"url\":\"https:\/\/haz.hr\/wp-content\/uploads\/2022\/12\/cropped-HAZ_logo.png\",\"contentUrl\":\"https:\/\/haz.hr\/wp-content\/uploads\/2022\/12\/cropped-HAZ_logo.png\",\"width\":125,\"height\":76,\"caption\":\"HAZ\"},\"image\":{\"@id\":\"https:\/\/haz.hr\/#\/schema\/logo\/image\/\"}},{\"@type\":\"Person\",\"@id\":\"https:\/\/haz.hr\/#\/schema\/person\/ca43c8e600048184e5d6fb7a03a19ace\",\"name\":\"Katja Be\u0161li\u0107\",\"image\":{\"@type\":\"ImageObject\",\"inLanguage\":\"en-GB\",\"@id\":\"https:\/\/haz.hr\/#\/schema\/person\/image\/\",\"url\":\"https:\/\/secure.gravatar.com\/avatar\/1932f8bd81728da548743019d7a7aaf4c17118744d3fbc3218e23bc393b711b5?s=96&d=mm&r=g\",\"contentUrl\":\"https:\/\/secure.gravatar.com\/avatar\/1932f8bd81728da548743019d7a7aaf4c17118744d3fbc3218e23bc393b711b5?s=96&d=mm&r=g\",\"caption\":\"Katja Be\u0161li\u0107\"},\"sameAs\":[\"http:\/\/haz.hr\"],\"url\":\"https:\/\/haz.hr\/en\/author\/katja\/\"}]}<\/script>\n<!-- \/ Yoast SEO plugin. -->","yoast_head_json":{"title":"Izvje\u0161taj s Financijske akademije 2025. - HAZ","robots":{"index":"index","follow":"follow","max-snippet":"max-snippet:-1","max-image-preview":"max-image-preview:large","max-video-preview":"max-video-preview:-1"},"canonical":"https:\/\/haz.hr\/en\/2025\/12\/11\/izvjestaj-s-financijske-akademije-2025\/","og_locale":"en_GB","og_type":"article","og_title":"Izvje\u0161taj s Financijske akademije 2025. - HAZ","og_description":"U petak, 5. prosinca 2025., na Ekonomskom fakultetu u Zagrebu odr\u017eano je peto izdanje Financijske akademije u organizaciji Hrvatske akademske zajednice na Ekonomskom fakultetu. Cilj ovog inovativnog projekta bio je [&hellip;]","og_url":"https:\/\/haz.hr\/en\/2025\/12\/11\/izvjestaj-s-financijske-akademije-2025\/","og_site_name":"HAZ","article_published_time":"2025-12-11T10:12:08+00:00","article_modified_time":"2025-12-11T10:16:54+00:00","og_image":[{"width":1600,"height":1068,"url":"https:\/\/haz.hr\/wp-content\/uploads\/2025\/12\/WhatsApp-Image-2025-12-11-at-10.46.03.jpeg","type":"image\/jpeg"}],"author":"Katja Be\u0161li\u0107","twitter_card":"summary_large_image","twitter_misc":{"Written by":"Katja Be\u0161li\u0107","Est. reading time":"5 minutes"},"schema":{"@context":"https:\/\/schema.org","@graph":[{"@type":"Article","@id":"https:\/\/haz.hr\/2025\/12\/11\/izvjestaj-s-financijske-akademije-2025\/#article","isPartOf":{"@id":"https:\/\/haz.hr\/2025\/12\/11\/izvjestaj-s-financijske-akademije-2025\/"},"author":{"name":"Katja Be\u0161li\u0107","@id":"https:\/\/haz.hr\/#\/schema\/person\/ca43c8e600048184e5d6fb7a03a19ace"},"headline":"Izvje\u0161taj s Financijske akademije 2025.","datePublished":"2025-12-11T10:12:08+00:00","dateModified":"2025-12-11T10:16:54+00:00","mainEntityOfPage":{"@id":"https:\/\/haz.hr\/2025\/12\/11\/izvjestaj-s-financijske-akademije-2025\/"},"wordCount":485,"commentCount":0,"publisher":{"@id":"https:\/\/haz.hr\/#organization"},"image":{"@id":"https:\/\/haz.hr\/2025\/12\/11\/izvjestaj-s-financijske-akademije-2025\/#primaryimage"},"thumbnailUrl":"https:\/\/haz.hr\/wp-content\/uploads\/2025\/12\/WhatsApp-Image-2025-12-11-at-10.46.03.jpeg","keywords":["Ekonomski fakultet","financijska akademija","HAZ","hrvatska akademska zajednica","Sveu\u010dili\u0161te u Zagrebu"],"articleSection":["HAZ novosti","HAZ UniZg novosti","HAZef novosti"],"inLanguage":"en-GB","potentialAction":[{"@type":"CommentAction","name":"Comment","target":["https:\/\/haz.hr\/2025\/12\/11\/izvjestaj-s-financijske-akademije-2025\/#respond"]}]},{"@type":"WebPage","@id":"https:\/\/haz.hr\/2025\/12\/11\/izvjestaj-s-financijske-akademije-2025\/","url":"https:\/\/haz.hr\/2025\/12\/11\/izvjestaj-s-financijske-akademije-2025\/","name":"Izvje\u0161taj s Financijske akademije 2025. - HAZ","isPartOf":{"@id":"https:\/\/haz.hr\/#website"},"primaryImageOfPage":{"@id":"https:\/\/haz.hr\/2025\/12\/11\/izvjestaj-s-financijske-akademije-2025\/#primaryimage"},"image":{"@id":"https:\/\/haz.hr\/2025\/12\/11\/izvjestaj-s-financijske-akademije-2025\/#primaryimage"},"thumbnailUrl":"https:\/\/haz.hr\/wp-content\/uploads\/2025\/12\/WhatsApp-Image-2025-12-11-at-10.46.03.jpeg","datePublished":"2025-12-11T10:12:08+00:00","dateModified":"2025-12-11T10:16:54+00:00","breadcrumb":{"@id":"https:\/\/haz.hr\/2025\/12\/11\/izvjestaj-s-financijske-akademije-2025\/#breadcrumb"},"inLanguage":"en-GB","potentialAction":[{"@type":"ReadAction","target":["https:\/\/haz.hr\/2025\/12\/11\/izvjestaj-s-financijske-akademije-2025\/"]}]},{"@type":"ImageObject","inLanguage":"en-GB","@id":"https:\/\/haz.hr\/2025\/12\/11\/izvjestaj-s-financijske-akademije-2025\/#primaryimage","url":"https:\/\/haz.hr\/wp-content\/uploads\/2025\/12\/WhatsApp-Image-2025-12-11-at-10.46.03.jpeg","contentUrl":"https:\/\/haz.hr\/wp-content\/uploads\/2025\/12\/WhatsApp-Image-2025-12-11-at-10.46.03.jpeg","width":1600,"height":1068},{"@type":"BreadcrumbList","@id":"https:\/\/haz.hr\/2025\/12\/11\/izvjestaj-s-financijske-akademije-2025\/#breadcrumb","itemListElement":[{"@type":"ListItem","position":1,"name":"Home","item":"https:\/\/haz.hr\/"},{"@type":"ListItem","position":2,"name":"Izvje\u0161taj s Financijske akademije 2025."}]},{"@type":"WebSite","@id":"https:\/\/haz.hr\/#website","url":"https:\/\/haz.hr\/","name":"HAZ","description":"Croatian Academic Community","publisher":{"@id":"https:\/\/haz.hr\/#organization"},"potentialAction":[{"@type":"SearchAction","target":{"@type":"EntryPoint","urlTemplate":"https:\/\/haz.hr\/?s={search_term_string}"},"query-input":{"@type":"PropertyValueSpecification","valueRequired":true,"valueName":"search_term_string"}}],"inLanguage":"en-GB"},{"@type":"Organization","@id":"https:\/\/haz.hr\/#organization","name":"HAZ","url":"https:\/\/haz.hr\/","logo":{"@type":"ImageObject","inLanguage":"en-GB","@id":"https:\/\/haz.hr\/#\/schema\/logo\/image\/","url":"https:\/\/haz.hr\/wp-content\/uploads\/2022\/12\/cropped-HAZ_logo.png","contentUrl":"https:\/\/haz.hr\/wp-content\/uploads\/2022\/12\/cropped-HAZ_logo.png","width":125,"height":76,"caption":"HAZ"},"image":{"@id":"https:\/\/haz.hr\/#\/schema\/logo\/image\/"}},{"@type":"Person","@id":"https:\/\/haz.hr\/#\/schema\/person\/ca43c8e600048184e5d6fb7a03a19ace","name":"Katja Be\u0161li\u0107","image":{"@type":"ImageObject","inLanguage":"en-GB","@id":"https:\/\/haz.hr\/#\/schema\/person\/image\/","url":"https:\/\/secure.gravatar.com\/avatar\/1932f8bd81728da548743019d7a7aaf4c17118744d3fbc3218e23bc393b711b5?s=96&d=mm&r=g","contentUrl":"https:\/\/secure.gravatar.com\/avatar\/1932f8bd81728da548743019d7a7aaf4c17118744d3fbc3218e23bc393b711b5?s=96&d=mm&r=g","caption":"Katja Be\u0161li\u0107"},"sameAs":["http:\/\/haz.hr"],"url":"https:\/\/haz.hr\/en\/author\/katja\/"}]}},"_links":{"self":[{"href":"https:\/\/haz.hr\/en\/wp-json\/wp\/v2\/posts\/3700","targetHints":{"allow":["GET"]}}],"collection":[{"href":"https:\/\/haz.hr\/en\/wp-json\/wp\/v2\/posts"}],"about":[{"href":"https:\/\/haz.hr\/en\/wp-json\/wp\/v2\/types\/post"}],"author":[{"embeddable":true,"href":"https:\/\/haz.hr\/en\/wp-json\/wp\/v2\/users\/23"}],"replies":[{"embeddable":true,"href":"https:\/\/haz.hr\/en\/wp-json\/wp\/v2\/comments?post=3700"}],"version-history":[{"count":5,"href":"https:\/\/haz.hr\/en\/wp-json\/wp\/v2\/posts\/3700\/revisions"}],"predecessor-version":[{"id":3715,"href":"https:\/\/haz.hr\/en\/wp-json\/wp\/v2\/posts\/3700\/revisions\/3715"}],"wp:featuredmedia":[{"embeddable":true,"href":"https:\/\/haz.hr\/en\/wp-json\/wp\/v2\/media\/3710"}],"wp:attachment":[{"href":"https:\/\/haz.hr\/en\/wp-json\/wp\/v2\/media?parent=3700"}],"wp:term":[{"taxonomy":"category","embeddable":true,"href":"https:\/\/haz.hr\/en\/wp-json\/wp\/v2\/categories?post=3700"},{"taxonomy":"post_tag","embeddable":true,"href":"https:\/\/haz.hr\/en\/wp-json\/wp\/v2\/tags?post=3700"}],"curies":[{"name":"wp","href":"https:\/\/api.w.org\/{rel}","templated":true}]}}