{"id":3773,"date":"2026-02-21T13:26:58","date_gmt":"2026-02-21T13:26:58","guid":{"rendered":"https:\/\/haz.hr\/?p=3773"},"modified":"2026-02-21T13:38:44","modified_gmt":"2026-02-21T13:38:44","slug":"sigurnosna-arhitektura-hrvatske-u-fokusu-novog-projekta-na-fpzg-u","status":"publish","type":"post","link":"https:\/\/haz.hr\/en\/2026\/02\/21\/sigurnosna-arhitektura-hrvatske-u-fokusu-novog-projekta-na-fpzg-u\/","title":{"rendered":"Sigurnosna arhitektura Hrvatske u fokusu novog projekta na FPZG-u"},"content":{"rendered":"<p class=\"wp-block-paragraph\">Suo\u010dena s geopoliti\u010dkim napetostima i promjenjivim sigurnosnim okru\u017eenjem, Hrvatska tra\u017ei odgovore na klju\u010dne obrambene izazove. Upravo je prelamanje izme\u0111u stabilnosti i novih kriza sredi\u0161te konferencije \u201eNULTA TO\u010cKA: Nacionalna sigurnost u vremenu preokreta\u201c, koja \u0107e se odr\u017eati 05. o\u017eujka 2026. na Fakultetu politi\u010dkih znanosti u Zagrebu s po\u010detkom u 11:00 sati.<\/p>\n\n\n\n<p class=\"wp-block-paragraph\">Ogranak Hrvatske akademske zajednice na FPZG-u ovim projektom otvara prostor za dijalog izme\u0111u akademske zajednice i klju\u010dnih aktera nacionalne sigurnosti. Program otvara dr. sc. Vlatko Cvrtila, jedan od najistaknutijih znanstvenika u ovom podru\u010dju i biv\u0161i savjetnik za obranu i nacionalnu sigurnost dr\u017eavnog vrha. Kroz uvodno predavanje \u201e\u0160to je nacionalna sigurnost i za\u0161to je va\u017ena?\u201c, Cvrtila \u0107e analizirati polo\u017eaj Hrvatske u suvremenim savezima te nu\u017enost modernizacije sustava u kontekstu globalnih trendova.<\/p>\n\n\n\n<p class=\"wp-block-paragraph\">Sredi\u0161nji dio doga\u0111anja \u010dini panel rasprava \u201eSigurnosna arhitektura RH\u201c koja okuplja govornike s dugogodi\u0161njim iskustvom u operativnom i znanstvenom sektoru. Uz dr. sc. Moniku Begovi\u0107, stru\u010dnjakinju za me\u0111unarodnu sigurnost i potpredsjednicu Atlantskog vije\u0107a Hrvatske te Josipa \u0106eli\u0107a, na\u010delnika Policijske akademije \u201ePrvi hrvatski redarstvenik\u201c i nekada\u0161njeg zapovjednika ATJ Lu\u010dko, u raspravi sudjeluje i dr. sc. Gordan Akrap, prorektor za me\u0111unarodnu suradnju SOIS-a \u201eDr. Franjo Tu\u0111man\u201c. Namjera je potaknuti racionalno razumijevanje prijetnji, stavljaju\u0107i znanje i provjerene analize ispred naga\u0111anja koja \u010desto dominiraju javnim prostorom.<\/p>\n\n\n\n<p class=\"wp-block-paragraph\">Realizaciju projekta podr\u017eala je doma\u0107a tvrtka Kroko Tactical, \u010dija je oprema postala standard u opremanju Hrvatske vojske i policije, dok je logisti\u010dki partner doga\u0111anja Atlantic Grupa. Ovakav spoj doma\u0107e industrije i akademske inicijative osigurava sve preduvjete za uspje\u0161nu provedbu rasprave o klju\u010dnim pitanjima nacionalne sigurnosti.<\/p>\n\n\n\n<figure class=\"wp-block-gallery has-nested-images columns-default is-cropped wp-block-gallery-1 is-layout-flex wp-block-gallery-is-layout-flex\">\n<figure class=\"wp-block-image size-full\"><img decoding=\"async\" data-id=\"3776\" src=\"https:\/\/haz.hr\/wp-content\/uploads\/2026\/02\/Slika1.jpg\" alt=\"\" class=\"wp-image-3776\"\/><\/figure>\n<\/figure>","protected":false},"excerpt":{"rendered":"<p>Suo\u010dena s geopoliti\u010dkim napetostima i promjenjivim sigurnosnim okru\u017eenjem, Hrvatska tra\u017ei odgovore na klju\u010dne obrambene izazove. Upravo je prelamanje izme\u0111u stabilnosti i novih kriza sredi\u0161te konferencije \u201eNULTA TO\u010cKA: Nacionalna sigurnost u [&hellip;]<\/p>\n","protected":false},"author":23,"featured_media":3778,"comment_status":"open","ping_status":"open","sticky":false,"template":"","format":"standard","meta":{"footnotes":""},"categories":[14,10,48],"tags":[24,60,28,63],"class_list":["post-3773","post","type-post","status-publish","format-standard","has-post-thumbnail","hentry","category-haz-novosti","category-haz-unizg","category-hazfpzg-novosti","tag-haz","tag-hazfpzg","tag-konferencija","tag-sigurnosna-arhitektura"],"yoast_head":"<!-- This site is optimized with the Yoast SEO plugin v23.7 - https:\/\/yoast.com\/wordpress\/plugins\/seo\/ -->\n<title>Sigurnosna arhitektura Hrvatske u fokusu novog projekta na FPZG-u - HAZ<\/title>\n<meta name=\"robots\" content=\"index, follow, max-snippet:-1, max-image-preview:large, max-video-preview:-1\" \/>\n<link rel=\"canonical\" href=\"https:\/\/haz.hr\/en\/2026\/02\/21\/sigurnosna-arhitektura-hrvatske-u-fokusu-novog-projekta-na-fpzg-u\/\" \/>\n<meta property=\"og:locale\" content=\"en_GB\" \/>\n<meta property=\"og:type\" content=\"article\" \/>\n<meta property=\"og:title\" content=\"Sigurnosna arhitektura Hrvatske u fokusu novog projekta na FPZG-u - HAZ\" \/>\n<meta property=\"og:description\" content=\"Suo\u010dena s geopoliti\u010dkim napetostima i promjenjivim sigurnosnim okru\u017eenjem, Hrvatska tra\u017ei odgovore na klju\u010dne obrambene izazove. Upravo je prelamanje izme\u0111u stabilnosti i novih kriza sredi\u0161te konferencije \u201eNULTA TO\u010cKA: Nacionalna sigurnost u [&hellip;]\" \/>\n<meta property=\"og:url\" content=\"https:\/\/haz.hr\/en\/2026\/02\/21\/sigurnosna-arhitektura-hrvatske-u-fokusu-novog-projekta-na-fpzg-u\/\" \/>\n<meta property=\"og:site_name\" content=\"HAZ\" \/>\n<meta property=\"article:published_time\" content=\"2026-02-21T13:26:58+00:00\" \/>\n<meta property=\"article:modified_time\" content=\"2026-02-21T13:38:44+00:00\" \/>\n<meta property=\"og:image\" content=\"https:\/\/haz.hr\/wp-content\/uploads\/2026\/02\/WhatsApp-Image-2026-02-21-at-14.33.26.jpeg\" \/>\n\t<meta property=\"og:image:width\" content=\"850\" \/>\n\t<meta property=\"og:image:height\" content=\"315\" \/>\n\t<meta property=\"og:image:type\" content=\"image\/jpeg\" \/>\n<meta name=\"author\" content=\"Katja Be\u0161li\u0107\" \/>\n<meta name=\"twitter:card\" content=\"summary_large_image\" \/>\n<meta name=\"twitter:label1\" content=\"Written by\" \/>\n\t<meta name=\"twitter:data1\" content=\"Katja Be\u0161li\u0107\" \/>\n\t<meta name=\"twitter:label2\" content=\"Est. reading time\" \/>\n\t<meta name=\"twitter:data2\" content=\"2 minutes\" \/>\n<script type=\"application\/ld+json\" class=\"yoast-schema-graph\">{\"@context\":\"https:\/\/schema.org\",\"@graph\":[{\"@type\":\"Article\",\"@id\":\"https:\/\/haz.hr\/2026\/02\/21\/sigurnosna-arhitektura-hrvatske-u-fokusu-novog-projekta-na-fpzg-u\/#article\",\"isPartOf\":{\"@id\":\"https:\/\/haz.hr\/2026\/02\/21\/sigurnosna-arhitektura-hrvatske-u-fokusu-novog-projekta-na-fpzg-u\/\"},\"author\":{\"name\":\"Katja Be\u0161li\u0107\",\"@id\":\"https:\/\/haz.hr\/#\/schema\/person\/ca43c8e600048184e5d6fb7a03a19ace\"},\"headline\":\"Sigurnosna arhitektura Hrvatske u fokusu novog projekta na FPZG-u\",\"datePublished\":\"2026-02-21T13:26:58+00:00\",\"dateModified\":\"2026-02-21T13:38:44+00:00\",\"mainEntityOfPage\":{\"@id\":\"https:\/\/haz.hr\/2026\/02\/21\/sigurnosna-arhitektura-hrvatske-u-fokusu-novog-projekta-na-fpzg-u\/\"},\"wordCount\":295,\"commentCount\":0,\"publisher\":{\"@id\":\"https:\/\/haz.hr\/#organization\"},\"image\":{\"@id\":\"https:\/\/haz.hr\/2026\/02\/21\/sigurnosna-arhitektura-hrvatske-u-fokusu-novog-projekta-na-fpzg-u\/#primaryimage\"},\"thumbnailUrl\":\"https:\/\/haz.hr\/wp-content\/uploads\/2026\/02\/WhatsApp-Image-2026-02-21-at-14.33.26.jpeg\",\"keywords\":[\"HAZ\",\"HAZfpzg\",\"konferencija\",\"Sigurnosna arhitektura\"],\"articleSection\":[\"HAZ novosti\",\"HAZ UniZg novosti\",\"HAZfpzg novosti\"],\"inLanguage\":\"en-GB\",\"potentialAction\":[{\"@type\":\"CommentAction\",\"name\":\"Comment\",\"target\":[\"https:\/\/haz.hr\/2026\/02\/21\/sigurnosna-arhitektura-hrvatske-u-fokusu-novog-projekta-na-fpzg-u\/#respond\"]}]},{\"@type\":\"WebPage\",\"@id\":\"https:\/\/haz.hr\/2026\/02\/21\/sigurnosna-arhitektura-hrvatske-u-fokusu-novog-projekta-na-fpzg-u\/\",\"url\":\"https:\/\/haz.hr\/2026\/02\/21\/sigurnosna-arhitektura-hrvatske-u-fokusu-novog-projekta-na-fpzg-u\/\",\"name\":\"Sigurnosna arhitektura Hrvatske u fokusu novog projekta na FPZG-u - HAZ\",\"isPartOf\":{\"@id\":\"https:\/\/haz.hr\/#website\"},\"primaryImageOfPage\":{\"@id\":\"https:\/\/haz.hr\/2026\/02\/21\/sigurnosna-arhitektura-hrvatske-u-fokusu-novog-projekta-na-fpzg-u\/#primaryimage\"},\"image\":{\"@id\":\"https:\/\/haz.hr\/2026\/02\/21\/sigurnosna-arhitektura-hrvatske-u-fokusu-novog-projekta-na-fpzg-u\/#primaryimage\"},\"thumbnailUrl\":\"https:\/\/haz.hr\/wp-content\/uploads\/2026\/02\/WhatsApp-Image-2026-02-21-at-14.33.26.jpeg\",\"datePublished\":\"2026-02-21T13:26:58+00:00\",\"dateModified\":\"2026-02-21T13:38:44+00:00\",\"breadcrumb\":{\"@id\":\"https:\/\/haz.hr\/2026\/02\/21\/sigurnosna-arhitektura-hrvatske-u-fokusu-novog-projekta-na-fpzg-u\/#breadcrumb\"},\"inLanguage\":\"en-GB\",\"potentialAction\":[{\"@type\":\"ReadAction\",\"target\":[\"https:\/\/haz.hr\/2026\/02\/21\/sigurnosna-arhitektura-hrvatske-u-fokusu-novog-projekta-na-fpzg-u\/\"]}]},{\"@type\":\"ImageObject\",\"inLanguage\":\"en-GB\",\"@id\":\"https:\/\/haz.hr\/2026\/02\/21\/sigurnosna-arhitektura-hrvatske-u-fokusu-novog-projekta-na-fpzg-u\/#primaryimage\",\"url\":\"https:\/\/haz.hr\/wp-content\/uploads\/2026\/02\/WhatsApp-Image-2026-02-21-at-14.33.26.jpeg\",\"contentUrl\":\"https:\/\/haz.hr\/wp-content\/uploads\/2026\/02\/WhatsApp-Image-2026-02-21-at-14.33.26.jpeg\",\"width\":850,\"height\":315},{\"@type\":\"BreadcrumbList\",\"@id\":\"https:\/\/haz.hr\/2026\/02\/21\/sigurnosna-arhitektura-hrvatske-u-fokusu-novog-projekta-na-fpzg-u\/#breadcrumb\",\"itemListElement\":[{\"@type\":\"ListItem\",\"position\":1,\"name\":\"Home\",\"item\":\"https:\/\/haz.hr\/\"},{\"@type\":\"ListItem\",\"position\":2,\"name\":\"Sigurnosna arhitektura Hrvatske u fokusu novog projekta na FPZG-u\"}]},{\"@type\":\"WebSite\",\"@id\":\"https:\/\/haz.hr\/#website\",\"url\":\"https:\/\/haz.hr\/\",\"name\":\"HAZ\",\"description\":\"Hrvatska akademska zajednica\",\"publisher\":{\"@id\":\"https:\/\/haz.hr\/#organization\"},\"potentialAction\":[{\"@type\":\"SearchAction\",\"target\":{\"@type\":\"EntryPoint\",\"urlTemplate\":\"https:\/\/haz.hr\/?s={search_term_string}\"},\"query-input\":{\"@type\":\"PropertyValueSpecification\",\"valueRequired\":true,\"valueName\":\"search_term_string\"}}],\"inLanguage\":\"en-GB\"},{\"@type\":\"Organization\",\"@id\":\"https:\/\/haz.hr\/#organization\",\"name\":\"HAZ\",\"url\":\"https:\/\/haz.hr\/\",\"logo\":{\"@type\":\"ImageObject\",\"inLanguage\":\"en-GB\",\"@id\":\"https:\/\/haz.hr\/#\/schema\/logo\/image\/\",\"url\":\"https:\/\/haz.hr\/wp-content\/uploads\/2022\/12\/cropped-HAZ_logo.png\",\"contentUrl\":\"https:\/\/haz.hr\/wp-content\/uploads\/2022\/12\/cropped-HAZ_logo.png\",\"width\":125,\"height\":76,\"caption\":\"HAZ\"},\"image\":{\"@id\":\"https:\/\/haz.hr\/#\/schema\/logo\/image\/\"}},{\"@type\":\"Person\",\"@id\":\"https:\/\/haz.hr\/#\/schema\/person\/ca43c8e600048184e5d6fb7a03a19ace\",\"name\":\"Katja Be\u0161li\u0107\",\"image\":{\"@type\":\"ImageObject\",\"inLanguage\":\"en-GB\",\"@id\":\"https:\/\/haz.hr\/#\/schema\/person\/image\/\",\"url\":\"https:\/\/secure.gravatar.com\/avatar\/1932f8bd81728da548743019d7a7aaf4c17118744d3fbc3218e23bc393b711b5?s=96&d=mm&r=g\",\"contentUrl\":\"https:\/\/secure.gravatar.com\/avatar\/1932f8bd81728da548743019d7a7aaf4c17118744d3fbc3218e23bc393b711b5?s=96&d=mm&r=g\",\"caption\":\"Katja Be\u0161li\u0107\"},\"sameAs\":[\"http:\/\/haz.hr\"],\"url\":\"https:\/\/haz.hr\/en\/author\/katja\/\"}]}<\/script>\n<!-- \/ Yoast SEO plugin. -->","yoast_head_json":{"title":"Sigurnosna arhitektura Hrvatske u fokusu novog projekta na FPZG-u - HAZ","robots":{"index":"index","follow":"follow","max-snippet":"max-snippet:-1","max-image-preview":"max-image-preview:large","max-video-preview":"max-video-preview:-1"},"canonical":"https:\/\/haz.hr\/en\/2026\/02\/21\/sigurnosna-arhitektura-hrvatske-u-fokusu-novog-projekta-na-fpzg-u\/","og_locale":"en_GB","og_type":"article","og_title":"Sigurnosna arhitektura Hrvatske u fokusu novog projekta na FPZG-u - HAZ","og_description":"Suo\u010dena s geopoliti\u010dkim napetostima i promjenjivim sigurnosnim okru\u017eenjem, Hrvatska tra\u017ei odgovore na klju\u010dne obrambene izazove. Upravo je prelamanje izme\u0111u stabilnosti i novih kriza sredi\u0161te konferencije \u201eNULTA TO\u010cKA: Nacionalna sigurnost u [&hellip;]","og_url":"https:\/\/haz.hr\/en\/2026\/02\/21\/sigurnosna-arhitektura-hrvatske-u-fokusu-novog-projekta-na-fpzg-u\/","og_site_name":"HAZ","article_published_time":"2026-02-21T13:26:58+00:00","article_modified_time":"2026-02-21T13:38:44+00:00","og_image":[{"width":850,"height":315,"url":"https:\/\/haz.hr\/wp-content\/uploads\/2026\/02\/WhatsApp-Image-2026-02-21-at-14.33.26.jpeg","type":"image\/jpeg"}],"author":"Katja Be\u0161li\u0107","twitter_card":"summary_large_image","twitter_misc":{"Written by":"Katja Be\u0161li\u0107","Est. reading time":"2 minutes"},"schema":{"@context":"https:\/\/schema.org","@graph":[{"@type":"Article","@id":"https:\/\/haz.hr\/2026\/02\/21\/sigurnosna-arhitektura-hrvatske-u-fokusu-novog-projekta-na-fpzg-u\/#article","isPartOf":{"@id":"https:\/\/haz.hr\/2026\/02\/21\/sigurnosna-arhitektura-hrvatske-u-fokusu-novog-projekta-na-fpzg-u\/"},"author":{"name":"Katja Be\u0161li\u0107","@id":"https:\/\/haz.hr\/#\/schema\/person\/ca43c8e600048184e5d6fb7a03a19ace"},"headline":"Sigurnosna arhitektura Hrvatske u fokusu novog projekta na FPZG-u","datePublished":"2026-02-21T13:26:58+00:00","dateModified":"2026-02-21T13:38:44+00:00","mainEntityOfPage":{"@id":"https:\/\/haz.hr\/2026\/02\/21\/sigurnosna-arhitektura-hrvatske-u-fokusu-novog-projekta-na-fpzg-u\/"},"wordCount":295,"commentCount":0,"publisher":{"@id":"https:\/\/haz.hr\/#organization"},"image":{"@id":"https:\/\/haz.hr\/2026\/02\/21\/sigurnosna-arhitektura-hrvatske-u-fokusu-novog-projekta-na-fpzg-u\/#primaryimage"},"thumbnailUrl":"https:\/\/haz.hr\/wp-content\/uploads\/2026\/02\/WhatsApp-Image-2026-02-21-at-14.33.26.jpeg","keywords":["HAZ","HAZfpzg","konferencija","Sigurnosna arhitektura"],"articleSection":["HAZ novosti","HAZ UniZg novosti","HAZfpzg novosti"],"inLanguage":"en-GB","potentialAction":[{"@type":"CommentAction","name":"Comment","target":["https:\/\/haz.hr\/2026\/02\/21\/sigurnosna-arhitektura-hrvatske-u-fokusu-novog-projekta-na-fpzg-u\/#respond"]}]},{"@type":"WebPage","@id":"https:\/\/haz.hr\/2026\/02\/21\/sigurnosna-arhitektura-hrvatske-u-fokusu-novog-projekta-na-fpzg-u\/","url":"https:\/\/haz.hr\/2026\/02\/21\/sigurnosna-arhitektura-hrvatske-u-fokusu-novog-projekta-na-fpzg-u\/","name":"Sigurnosna arhitektura Hrvatske u fokusu novog projekta na FPZG-u - HAZ","isPartOf":{"@id":"https:\/\/haz.hr\/#website"},"primaryImageOfPage":{"@id":"https:\/\/haz.hr\/2026\/02\/21\/sigurnosna-arhitektura-hrvatske-u-fokusu-novog-projekta-na-fpzg-u\/#primaryimage"},"image":{"@id":"https:\/\/haz.hr\/2026\/02\/21\/sigurnosna-arhitektura-hrvatske-u-fokusu-novog-projekta-na-fpzg-u\/#primaryimage"},"thumbnailUrl":"https:\/\/haz.hr\/wp-content\/uploads\/2026\/02\/WhatsApp-Image-2026-02-21-at-14.33.26.jpeg","datePublished":"2026-02-21T13:26:58+00:00","dateModified":"2026-02-21T13:38:44+00:00","breadcrumb":{"@id":"https:\/\/haz.hr\/2026\/02\/21\/sigurnosna-arhitektura-hrvatske-u-fokusu-novog-projekta-na-fpzg-u\/#breadcrumb"},"inLanguage":"en-GB","potentialAction":[{"@type":"ReadAction","target":["https:\/\/haz.hr\/2026\/02\/21\/sigurnosna-arhitektura-hrvatske-u-fokusu-novog-projekta-na-fpzg-u\/"]}]},{"@type":"ImageObject","inLanguage":"en-GB","@id":"https:\/\/haz.hr\/2026\/02\/21\/sigurnosna-arhitektura-hrvatske-u-fokusu-novog-projekta-na-fpzg-u\/#primaryimage","url":"https:\/\/haz.hr\/wp-content\/uploads\/2026\/02\/WhatsApp-Image-2026-02-21-at-14.33.26.jpeg","contentUrl":"https:\/\/haz.hr\/wp-content\/uploads\/2026\/02\/WhatsApp-Image-2026-02-21-at-14.33.26.jpeg","width":850,"height":315},{"@type":"BreadcrumbList","@id":"https:\/\/haz.hr\/2026\/02\/21\/sigurnosna-arhitektura-hrvatske-u-fokusu-novog-projekta-na-fpzg-u\/#breadcrumb","itemListElement":[{"@type":"ListItem","position":1,"name":"Home","item":"https:\/\/haz.hr\/"},{"@type":"ListItem","position":2,"name":"Sigurnosna arhitektura Hrvatske u fokusu novog projekta na FPZG-u"}]},{"@type":"WebSite","@id":"https:\/\/haz.hr\/#website","url":"https:\/\/haz.hr\/","name":"HAZ","description":"Croatian Academic Community","publisher":{"@id":"https:\/\/haz.hr\/#organization"},"potentialAction":[{"@type":"SearchAction","target":{"@type":"EntryPoint","urlTemplate":"https:\/\/haz.hr\/?s={search_term_string}"},"query-input":{"@type":"PropertyValueSpecification","valueRequired":true,"valueName":"search_term_string"}}],"inLanguage":"en-GB"},{"@type":"Organization","@id":"https:\/\/haz.hr\/#organization","name":"HAZ","url":"https:\/\/haz.hr\/","logo":{"@type":"ImageObject","inLanguage":"en-GB","@id":"https:\/\/haz.hr\/#\/schema\/logo\/image\/","url":"https:\/\/haz.hr\/wp-content\/uploads\/2022\/12\/cropped-HAZ_logo.png","contentUrl":"https:\/\/haz.hr\/wp-content\/uploads\/2022\/12\/cropped-HAZ_logo.png","width":125,"height":76,"caption":"HAZ"},"image":{"@id":"https:\/\/haz.hr\/#\/schema\/logo\/image\/"}},{"@type":"Person","@id":"https:\/\/haz.hr\/#\/schema\/person\/ca43c8e600048184e5d6fb7a03a19ace","name":"Katja Be\u0161li\u0107","image":{"@type":"ImageObject","inLanguage":"en-GB","@id":"https:\/\/haz.hr\/#\/schema\/person\/image\/","url":"https:\/\/secure.gravatar.com\/avatar\/1932f8bd81728da548743019d7a7aaf4c17118744d3fbc3218e23bc393b711b5?s=96&d=mm&r=g","contentUrl":"https:\/\/secure.gravatar.com\/avatar\/1932f8bd81728da548743019d7a7aaf4c17118744d3fbc3218e23bc393b711b5?s=96&d=mm&r=g","caption":"Katja Be\u0161li\u0107"},"sameAs":["http:\/\/haz.hr"],"url":"https:\/\/haz.hr\/en\/author\/katja\/"}]}},"_links":{"self":[{"href":"https:\/\/haz.hr\/en\/wp-json\/wp\/v2\/posts\/3773","targetHints":{"allow":["GET"]}}],"collection":[{"href":"https:\/\/haz.hr\/en\/wp-json\/wp\/v2\/posts"}],"about":[{"href":"https:\/\/haz.hr\/en\/wp-json\/wp\/v2\/types\/post"}],"author":[{"embeddable":true,"href":"https:\/\/haz.hr\/en\/wp-json\/wp\/v2\/users\/23"}],"replies":[{"embeddable":true,"href":"https:\/\/haz.hr\/en\/wp-json\/wp\/v2\/comments?post=3773"}],"version-history":[{"count":2,"href":"https:\/\/haz.hr\/en\/wp-json\/wp\/v2\/posts\/3773\/revisions"}],"predecessor-version":[{"id":3777,"href":"https:\/\/haz.hr\/en\/wp-json\/wp\/v2\/posts\/3773\/revisions\/3777"}],"wp:featuredmedia":[{"embeddable":true,"href":"https:\/\/haz.hr\/en\/wp-json\/wp\/v2\/media\/3778"}],"wp:attachment":[{"href":"https:\/\/haz.hr\/en\/wp-json\/wp\/v2\/media?parent=3773"}],"wp:term":[{"taxonomy":"category","embeddable":true,"href":"https:\/\/haz.hr\/en\/wp-json\/wp\/v2\/categories?post=3773"},{"taxonomy":"post_tag","embeddable":true,"href":"https:\/\/haz.hr\/en\/wp-json\/wp\/v2\/tags?post=3773"}],"curies":[{"name":"wp","href":"https:\/\/api.w.org\/{rel}","templated":true}]}}