{"id":3805,"date":"2026-03-26T10:46:32","date_gmt":"2026-03-26T10:46:32","guid":{"rendered":"https:\/\/haz.hr\/?p=3805"},"modified":"2026-03-26T10:52:29","modified_gmt":"2026-03-26T10:52:29","slug":"izvjestaj-s-drugog-izdanja-new-wave-akademije","status":"publish","type":"post","link":"https:\/\/haz.hr\/en\/2026\/03\/26\/izvjestaj-s-drugog-izdanja-new-wave-akademije\/","title":{"rendered":"Izvje\u0161taj s drugog izdanja New Wave akademije"},"content":{"rendered":"<p class=\"has-text-align-left wp-block-paragraph\">U petak, 20. o\u017eujka 2026. godine na Fakultetu prometnih znanosti u Zagrebu<br>odr\u017eano je drugo izdanje New Wave akademije u organizaciji Hrvatske akademske<br>zajednice na Ekonomskom fakultetu. Glavni cilj ovog inspirativnog projekta bio je<br>educirati mlade o tr\u017ei\u0161tu rada te stjecanju vje\u0161tina za ulazak na isto.<br>Ovogodi\u0161nje izdanje stavilo je naglasak na ono \u0161to slijedi nakon prvog dana \u2013<br>izgradnju karijere, prilagodbu i razvoj unutar organizacije.<\/p>\n\n\n\n<p class=\"has-text-align-left wp-block-paragraph\"><br>Konferenciju je sve\u010dano otvorio dekan Fakulteta prometnih znanosti, izv. prof. dr. sc.<br>Marko \u0160o\u0161tari\u0107 zahvaliv\u0161i se svim sudionicima za njihovu inicijativu i odlu\u010dnost da<br>aktivno oblikuju svoju profesionalnu budu\u0107nost. Nakon njega, rije\u010di zahvale uputio je<br>Ante \u0160ari\u0107 u ime Hrvatske akademske zajednice. Slu\u017ebeni po\u010detak konferencije<br>obilje\u017eilo je obra\u0107anje voditeljica projekta, Carmen Bojani\u0107 i Dore Junakovi\u0107.<\/p>\n\n\n\n<p class=\"has-text-align-left wp-block-paragraph\"><br>Prvi panel pod nazivom \u201cKako se integrirati u kulturu rada?\u201d, okupio je stru\u010dnjake iz<br>podru\u010dja ljudskih resursa, poput Tihane Maru\u0161i\u0107 (voditeljica upravljanja talentima u<br>Atlantic Grupi), Ive Brklja\u010di\u0107 (regionalni HR Business Partner za \u010detiri europske<br>zemlje u NielsenIQ-u) te Brede Ivanovi\u0107 (Human Capital lider u PwC-u). Panel je<br>moderirala profesorica Milka Rimac Bilu\u0161i\u0107, koja je potaknula raspravu o izgledu<br>&#8216;onboarding&#8217; procesa, na\u010dinu na koji se organizacijska kultura o\u010dituje u praksi te<br>o\u010dekivanjima poslodavaca od novih zaposlenika \u2013 motivacija, strast i ambicioznost.<\/p>\n\n\n\n<p class=\"has-text-align-left wp-block-paragraph\"><br>Nakon toga uslijedio je otvoreni Q&amp;A pod nazivom \u201cGenZ pita, HR odgovara: Kako,<br>kada i \u0161to bih trebao re\u0107i?\u201d, koji je moderirala studentica Ana Belobrajdi\u0107. Sudionici<br>su imali priliku aktivno sudjelovati i postavljati pitanja, a na brojne nedoumice vezane<br>uz kulturu rada odgovarale su Tanja Bulbuk Jergovi\u0107 (VP of Human Resources u<br>Infinumu), Jasmina Petrovi\u0107 Mayer (Associate Director HR u Plivi) te Marija Posavec<br>(direktorica ljudskih resursa i korporativne kulture u Zagreba\u010dkoj banci).<\/p>\n\n\n\n<p class=\"has-text-align-left wp-block-paragraph\"><br>Nakon pauze, uslijedila je interaktivna radionica \u201cKako prona\u0107i i razviti svoje<br>talente?\u201d, koju je vodila Ivona Zgrablji\u0107, sistemska konzultantica, executive i team<br>coach s vi\u0161e od 20 godina iskustva u razvoju lidera i organizacija. Kroz razgovor i<br>prakti\u010dne vje\u017ebe okupljeni su imali prilike prepoznati vlastite vrijednosti, interese i<br>talente \u2013 od nekih talenata \u017eivimo, za neke \u017eivimo, a neki nas \u010dine \u017eivima.<\/p>\n\n\n\n<p class=\"has-text-align-left wp-block-paragraph\"><br>Konferencija je privedena kraju predavanjem Marije Zovko Kordi\u0107 (mag. spec.<br>organizacijske psihologije te kognitivno bihevioralna psihoterapeutkinja u superviziji)<br>na temu \u201cKako prepoznati burnout i razviti otpornost?\u201d Ovo poticajno predavanje<br>osvijestilo je va\u017enost kvalitetnog sna, brige o vlastitim emocija te me\u0111uljudskim<br>odnosima kao klju\u010dnih elemenata o\u010duvanja mentalnog zdravlja u dana\u0161njem<br>ubrzanom svijetu.<\/p>\n\n\n\n<p class=\"has-text-align-left wp-block-paragraph\"><br>New Wave akademija jo\u0161 jednom pokazala se kao iznimno vrijedno iskustvo koje je<br>pru\u017eilo mladima realan uvid u poslovni svijet te ih potaknulo na promi\u0161ljanje o vlastitoj<br>ulozi, motivaciji i profesionalnom rastu. Iza uspje\u0161ne organizacije konferencije stoji predan organizacijski tim predvo\u0111en Carmen Bojani\u0107 i Dorom Junakovi\u0107, koje su<br>osigurale visoku razinu kvalitete doga\u0111anja. Veliko hvala svim predava\u010dima,<br>panelistima, organizatorima i sponzorima na ulo\u017eenom trudu i podr\u0161ci. Veselimo se<br>idu\u0107em izdanju!<\/p>\n\n\n\n<p class=\"has-text-align-left wp-block-paragraph\"><br>Ma\u0161a \u017duro<\/p>\n\n\n\n<figure class=\"wp-block-gallery has-nested-images columns-default is-cropped wp-block-gallery-1 is-layout-flex wp-block-gallery-is-layout-flex\">\n<figure class=\"wp-block-image size-large\"><img fetchpriority=\"high\" decoding=\"async\" width=\"1024\" height=\"683\" data-id=\"3807\" src=\"https:\/\/haz.hr\/wp-content\/uploads\/2026\/03\/IMG-20260326-WA0009-1024x683.jpg\" alt=\"\" class=\"wp-image-3807\" srcset=\"https:\/\/haz.hr\/wp-content\/uploads\/2026\/03\/IMG-20260326-WA0009-1024x683.jpg 1024w, https:\/\/haz.hr\/wp-content\/uploads\/2026\/03\/IMG-20260326-WA0009-300x200.jpg 300w, https:\/\/haz.hr\/wp-content\/uploads\/2026\/03\/IMG-20260326-WA0009-768x512.jpg 768w, https:\/\/haz.hr\/wp-content\/uploads\/2026\/03\/IMG-20260326-WA0009.jpg 1500w\" sizes=\"(max-width: 1024px) 100vw, 1024px\" \/><\/figure>\n\n\n\n<figure class=\"wp-block-image size-large\"><img decoding=\"async\" width=\"683\" height=\"1024\" data-id=\"3809\" src=\"https:\/\/haz.hr\/wp-content\/uploads\/2026\/03\/IMG-20260326-WA0008-683x1024.jpg\" alt=\"\" class=\"wp-image-3809\"\/><\/figure>\n\n\n\n<figure class=\"wp-block-image size-large\"><img decoding=\"async\" width=\"1024\" height=\"682\" data-id=\"3810\" src=\"https:\/\/haz.hr\/wp-content\/uploads\/2026\/03\/IMG-20260326-WA0007-1024x682.jpg\" alt=\"\" class=\"wp-image-3810\" srcset=\"https:\/\/haz.hr\/wp-content\/uploads\/2026\/03\/IMG-20260326-WA0007-1024x682.jpg 1024w, https:\/\/haz.hr\/wp-content\/uploads\/2026\/03\/IMG-20260326-WA0007-300x200.jpg 300w, https:\/\/haz.hr\/wp-content\/uploads\/2026\/03\/IMG-20260326-WA0007-768x512.jpg 768w, https:\/\/haz.hr\/wp-content\/uploads\/2026\/03\/IMG-20260326-WA0007-1536x1024.jpg 1536w, https:\/\/haz.hr\/wp-content\/uploads\/2026\/03\/IMG-20260326-WA0007.jpg 1580w\" sizes=\"(max-width: 1024px) 100vw, 1024px\" \/><\/figure>\n\n\n\n<figure class=\"wp-block-image size-large\"><img loading=\"lazy\" decoding=\"async\" width=\"1024\" height=\"683\" data-id=\"3808\" src=\"https:\/\/haz.hr\/wp-content\/uploads\/2026\/03\/IMG-20260326-WA0006-1024x683.jpg\" alt=\"\" class=\"wp-image-3808\" srcset=\"https:\/\/haz.hr\/wp-content\/uploads\/2026\/03\/IMG-20260326-WA0006-1024x683.jpg 1024w, https:\/\/haz.hr\/wp-content\/uploads\/2026\/03\/IMG-20260326-WA0006-300x200.jpg 300w, https:\/\/haz.hr\/wp-content\/uploads\/2026\/03\/IMG-20260326-WA0006-768x512.jpg 768w, https:\/\/haz.hr\/wp-content\/uploads\/2026\/03\/IMG-20260326-WA0006.jpg 1413w\" sizes=\"(max-width: 1024px) 100vw, 1024px\" \/><\/figure>\n<\/figure>","protected":false},"excerpt":{"rendered":"<p>U petak, 20. o\u017eujka 2026. godine na Fakultetu prometnih znanosti u Zagrebuodr\u017eano je drugo izdanje New Wave akademije u organizaciji Hrvatske akademskezajednice na Ekonomskom fakultetu. Glavni cilj ovog inspirativnog projekta [&hellip;]<\/p>\n","protected":false},"author":23,"featured_media":3815,"comment_status":"open","ping_status":"open","sticky":false,"template":"","format":"standard","meta":{"footnotes":""},"categories":[14,10,11],"tags":[24,23,28,50,65],"class_list":["post-3805","post","type-post","status-publish","format-standard","has-post-thumbnail","hentry","category-haz-novosti","category-haz-unizg","category-hazef-novosti","tag-haz","tag-hrvatskaakademskazajednica","tag-konferencija","tag-new-wave","tag-trziste-rada"],"yoast_head":"<!-- This site is optimized with the Yoast SEO plugin v23.7 - https:\/\/yoast.com\/wordpress\/plugins\/seo\/ -->\n<title>Izvje\u0161taj s drugog izdanja New Wave akademije - HAZ<\/title>\n<meta name=\"robots\" content=\"index, follow, max-snippet:-1, max-image-preview:large, max-video-preview:-1\" \/>\n<link rel=\"canonical\" href=\"https:\/\/haz.hr\/en\/2026\/03\/26\/izvjestaj-s-drugog-izdanja-new-wave-akademije\/\" \/>\n<meta property=\"og:locale\" content=\"en_GB\" \/>\n<meta property=\"og:type\" content=\"article\" \/>\n<meta property=\"og:title\" content=\"Izvje\u0161taj s drugog izdanja New Wave akademije - HAZ\" \/>\n<meta property=\"og:description\" content=\"U petak, 20. o\u017eujka 2026. godine na Fakultetu prometnih znanosti u Zagrebuodr\u017eano je drugo izdanje New Wave akademije u organizaciji Hrvatske akademskezajednice na Ekonomskom fakultetu. Glavni cilj ovog inspirativnog projekta [&hellip;]\" \/>\n<meta property=\"og:url\" content=\"https:\/\/haz.hr\/en\/2026\/03\/26\/izvjestaj-s-drugog-izdanja-new-wave-akademije\/\" \/>\n<meta property=\"og:site_name\" content=\"HAZ\" \/>\n<meta property=\"article:published_time\" content=\"2026-03-26T10:46:32+00:00\" \/>\n<meta property=\"article:modified_time\" content=\"2026-03-26T10:52:29+00:00\" \/>\n<meta property=\"og:image\" content=\"https:\/\/haz.hr\/wp-content\/uploads\/2026\/03\/IMG-20260326-WA0008-1.jpg\" \/>\n\t<meta property=\"og:image:width\" content=\"900\" \/>\n\t<meta property=\"og:image:height\" content=\"580\" \/>\n\t<meta property=\"og:image:type\" content=\"image\/jpeg\" \/>\n<meta name=\"author\" content=\"Katja Be\u0161li\u0107\" \/>\n<meta name=\"twitter:card\" content=\"summary_large_image\" \/>\n<meta name=\"twitter:label1\" content=\"Written by\" \/>\n\t<meta name=\"twitter:data1\" content=\"Katja Be\u0161li\u0107\" \/>\n\t<meta name=\"twitter:label2\" content=\"Est. reading time\" \/>\n\t<meta name=\"twitter:data2\" content=\"4 minutes\" \/>\n<script type=\"application\/ld+json\" class=\"yoast-schema-graph\">{\"@context\":\"https:\/\/schema.org\",\"@graph\":[{\"@type\":\"Article\",\"@id\":\"https:\/\/haz.hr\/2026\/03\/26\/izvjestaj-s-drugog-izdanja-new-wave-akademije\/#article\",\"isPartOf\":{\"@id\":\"https:\/\/haz.hr\/2026\/03\/26\/izvjestaj-s-drugog-izdanja-new-wave-akademije\/\"},\"author\":{\"name\":\"Katja Be\u0161li\u0107\",\"@id\":\"https:\/\/haz.hr\/#\/schema\/person\/ca43c8e600048184e5d6fb7a03a19ace\"},\"headline\":\"Izvje\u0161taj s drugog izdanja New Wave akademije\",\"datePublished\":\"2026-03-26T10:46:32+00:00\",\"dateModified\":\"2026-03-26T10:52:29+00:00\",\"mainEntityOfPage\":{\"@id\":\"https:\/\/haz.hr\/2026\/03\/26\/izvjestaj-s-drugog-izdanja-new-wave-akademije\/\"},\"wordCount\":484,\"commentCount\":0,\"publisher\":{\"@id\":\"https:\/\/haz.hr\/#organization\"},\"image\":{\"@id\":\"https:\/\/haz.hr\/2026\/03\/26\/izvjestaj-s-drugog-izdanja-new-wave-akademije\/#primaryimage\"},\"thumbnailUrl\":\"https:\/\/haz.hr\/wp-content\/uploads\/2026\/03\/IMG-20260326-WA0008-1.jpg\",\"keywords\":[\"HAZ\",\"hrvatskaakademskazajednica\",\"konferencija\",\"New Wave\",\"tr\u017ei\u0161te rada\"],\"articleSection\":[\"HAZ novosti\",\"HAZ UniZg novosti\",\"HAZef novosti\"],\"inLanguage\":\"en-GB\",\"potentialAction\":[{\"@type\":\"CommentAction\",\"name\":\"Comment\",\"target\":[\"https:\/\/haz.hr\/2026\/03\/26\/izvjestaj-s-drugog-izdanja-new-wave-akademije\/#respond\"]}]},{\"@type\":\"WebPage\",\"@id\":\"https:\/\/haz.hr\/2026\/03\/26\/izvjestaj-s-drugog-izdanja-new-wave-akademije\/\",\"url\":\"https:\/\/haz.hr\/2026\/03\/26\/izvjestaj-s-drugog-izdanja-new-wave-akademije\/\",\"name\":\"Izvje\u0161taj s drugog izdanja New Wave akademije - HAZ\",\"isPartOf\":{\"@id\":\"https:\/\/haz.hr\/#website\"},\"primaryImageOfPage\":{\"@id\":\"https:\/\/haz.hr\/2026\/03\/26\/izvjestaj-s-drugog-izdanja-new-wave-akademije\/#primaryimage\"},\"image\":{\"@id\":\"https:\/\/haz.hr\/2026\/03\/26\/izvjestaj-s-drugog-izdanja-new-wave-akademije\/#primaryimage\"},\"thumbnailUrl\":\"https:\/\/haz.hr\/wp-content\/uploads\/2026\/03\/IMG-20260326-WA0008-1.jpg\",\"datePublished\":\"2026-03-26T10:46:32+00:00\",\"dateModified\":\"2026-03-26T10:52:29+00:00\",\"breadcrumb\":{\"@id\":\"https:\/\/haz.hr\/2026\/03\/26\/izvjestaj-s-drugog-izdanja-new-wave-akademije\/#breadcrumb\"},\"inLanguage\":\"en-GB\",\"potentialAction\":[{\"@type\":\"ReadAction\",\"target\":[\"https:\/\/haz.hr\/2026\/03\/26\/izvjestaj-s-drugog-izdanja-new-wave-akademije\/\"]}]},{\"@type\":\"ImageObject\",\"inLanguage\":\"en-GB\",\"@id\":\"https:\/\/haz.hr\/2026\/03\/26\/izvjestaj-s-drugog-izdanja-new-wave-akademije\/#primaryimage\",\"url\":\"https:\/\/haz.hr\/wp-content\/uploads\/2026\/03\/IMG-20260326-WA0008-1.jpg\",\"contentUrl\":\"https:\/\/haz.hr\/wp-content\/uploads\/2026\/03\/IMG-20260326-WA0008-1.jpg\",\"width\":900,\"height\":580},{\"@type\":\"BreadcrumbList\",\"@id\":\"https:\/\/haz.hr\/2026\/03\/26\/izvjestaj-s-drugog-izdanja-new-wave-akademije\/#breadcrumb\",\"itemListElement\":[{\"@type\":\"ListItem\",\"position\":1,\"name\":\"Home\",\"item\":\"https:\/\/haz.hr\/\"},{\"@type\":\"ListItem\",\"position\":2,\"name\":\"Izvje\u0161taj s drugog izdanja New Wave akademije\"}]},{\"@type\":\"WebSite\",\"@id\":\"https:\/\/haz.hr\/#website\",\"url\":\"https:\/\/haz.hr\/\",\"name\":\"HAZ\",\"description\":\"Hrvatska akademska zajednica\",\"publisher\":{\"@id\":\"https:\/\/haz.hr\/#organization\"},\"potentialAction\":[{\"@type\":\"SearchAction\",\"target\":{\"@type\":\"EntryPoint\",\"urlTemplate\":\"https:\/\/haz.hr\/?s={search_term_string}\"},\"query-input\":{\"@type\":\"PropertyValueSpecification\",\"valueRequired\":true,\"valueName\":\"search_term_string\"}}],\"inLanguage\":\"en-GB\"},{\"@type\":\"Organization\",\"@id\":\"https:\/\/haz.hr\/#organization\",\"name\":\"HAZ\",\"url\":\"https:\/\/haz.hr\/\",\"logo\":{\"@type\":\"ImageObject\",\"inLanguage\":\"en-GB\",\"@id\":\"https:\/\/haz.hr\/#\/schema\/logo\/image\/\",\"url\":\"https:\/\/haz.hr\/wp-content\/uploads\/2022\/12\/cropped-HAZ_logo.png\",\"contentUrl\":\"https:\/\/haz.hr\/wp-content\/uploads\/2022\/12\/cropped-HAZ_logo.png\",\"width\":125,\"height\":76,\"caption\":\"HAZ\"},\"image\":{\"@id\":\"https:\/\/haz.hr\/#\/schema\/logo\/image\/\"}},{\"@type\":\"Person\",\"@id\":\"https:\/\/haz.hr\/#\/schema\/person\/ca43c8e600048184e5d6fb7a03a19ace\",\"name\":\"Katja Be\u0161li\u0107\",\"image\":{\"@type\":\"ImageObject\",\"inLanguage\":\"en-GB\",\"@id\":\"https:\/\/haz.hr\/#\/schema\/person\/image\/\",\"url\":\"https:\/\/secure.gravatar.com\/avatar\/1932f8bd81728da548743019d7a7aaf4c17118744d3fbc3218e23bc393b711b5?s=96&d=mm&r=g\",\"contentUrl\":\"https:\/\/secure.gravatar.com\/avatar\/1932f8bd81728da548743019d7a7aaf4c17118744d3fbc3218e23bc393b711b5?s=96&d=mm&r=g\",\"caption\":\"Katja Be\u0161li\u0107\"},\"sameAs\":[\"http:\/\/haz.hr\"],\"url\":\"https:\/\/haz.hr\/en\/author\/katja\/\"}]}<\/script>\n<!-- \/ Yoast SEO plugin. -->","yoast_head_json":{"title":"Izvje\u0161taj s drugog izdanja New Wave akademije - HAZ","robots":{"index":"index","follow":"follow","max-snippet":"max-snippet:-1","max-image-preview":"max-image-preview:large","max-video-preview":"max-video-preview:-1"},"canonical":"https:\/\/haz.hr\/en\/2026\/03\/26\/izvjestaj-s-drugog-izdanja-new-wave-akademije\/","og_locale":"en_GB","og_type":"article","og_title":"Izvje\u0161taj s drugog izdanja New Wave akademije - HAZ","og_description":"U petak, 20. o\u017eujka 2026. godine na Fakultetu prometnih znanosti u Zagrebuodr\u017eano je drugo izdanje New Wave akademije u organizaciji Hrvatske akademskezajednice na Ekonomskom fakultetu. Glavni cilj ovog inspirativnog projekta [&hellip;]","og_url":"https:\/\/haz.hr\/en\/2026\/03\/26\/izvjestaj-s-drugog-izdanja-new-wave-akademije\/","og_site_name":"HAZ","article_published_time":"2026-03-26T10:46:32+00:00","article_modified_time":"2026-03-26T10:52:29+00:00","og_image":[{"width":900,"height":580,"url":"https:\/\/haz.hr\/wp-content\/uploads\/2026\/03\/IMG-20260326-WA0008-1.jpg","type":"image\/jpeg"}],"author":"Katja Be\u0161li\u0107","twitter_card":"summary_large_image","twitter_misc":{"Written by":"Katja Be\u0161li\u0107","Est. reading time":"4 minutes"},"schema":{"@context":"https:\/\/schema.org","@graph":[{"@type":"Article","@id":"https:\/\/haz.hr\/2026\/03\/26\/izvjestaj-s-drugog-izdanja-new-wave-akademije\/#article","isPartOf":{"@id":"https:\/\/haz.hr\/2026\/03\/26\/izvjestaj-s-drugog-izdanja-new-wave-akademije\/"},"author":{"name":"Katja Be\u0161li\u0107","@id":"https:\/\/haz.hr\/#\/schema\/person\/ca43c8e600048184e5d6fb7a03a19ace"},"headline":"Izvje\u0161taj s drugog izdanja New Wave akademije","datePublished":"2026-03-26T10:46:32+00:00","dateModified":"2026-03-26T10:52:29+00:00","mainEntityOfPage":{"@id":"https:\/\/haz.hr\/2026\/03\/26\/izvjestaj-s-drugog-izdanja-new-wave-akademije\/"},"wordCount":484,"commentCount":0,"publisher":{"@id":"https:\/\/haz.hr\/#organization"},"image":{"@id":"https:\/\/haz.hr\/2026\/03\/26\/izvjestaj-s-drugog-izdanja-new-wave-akademije\/#primaryimage"},"thumbnailUrl":"https:\/\/haz.hr\/wp-content\/uploads\/2026\/03\/IMG-20260326-WA0008-1.jpg","keywords":["HAZ","hrvatskaakademskazajednica","konferencija","New Wave","tr\u017ei\u0161te rada"],"articleSection":["HAZ novosti","HAZ UniZg novosti","HAZef novosti"],"inLanguage":"en-GB","potentialAction":[{"@type":"CommentAction","name":"Comment","target":["https:\/\/haz.hr\/2026\/03\/26\/izvjestaj-s-drugog-izdanja-new-wave-akademije\/#respond"]}]},{"@type":"WebPage","@id":"https:\/\/haz.hr\/2026\/03\/26\/izvjestaj-s-drugog-izdanja-new-wave-akademije\/","url":"https:\/\/haz.hr\/2026\/03\/26\/izvjestaj-s-drugog-izdanja-new-wave-akademije\/","name":"Izvje\u0161taj s drugog izdanja New Wave akademije - HAZ","isPartOf":{"@id":"https:\/\/haz.hr\/#website"},"primaryImageOfPage":{"@id":"https:\/\/haz.hr\/2026\/03\/26\/izvjestaj-s-drugog-izdanja-new-wave-akademije\/#primaryimage"},"image":{"@id":"https:\/\/haz.hr\/2026\/03\/26\/izvjestaj-s-drugog-izdanja-new-wave-akademije\/#primaryimage"},"thumbnailUrl":"https:\/\/haz.hr\/wp-content\/uploads\/2026\/03\/IMG-20260326-WA0008-1.jpg","datePublished":"2026-03-26T10:46:32+00:00","dateModified":"2026-03-26T10:52:29+00:00","breadcrumb":{"@id":"https:\/\/haz.hr\/2026\/03\/26\/izvjestaj-s-drugog-izdanja-new-wave-akademije\/#breadcrumb"},"inLanguage":"en-GB","potentialAction":[{"@type":"ReadAction","target":["https:\/\/haz.hr\/2026\/03\/26\/izvjestaj-s-drugog-izdanja-new-wave-akademije\/"]}]},{"@type":"ImageObject","inLanguage":"en-GB","@id":"https:\/\/haz.hr\/2026\/03\/26\/izvjestaj-s-drugog-izdanja-new-wave-akademije\/#primaryimage","url":"https:\/\/haz.hr\/wp-content\/uploads\/2026\/03\/IMG-20260326-WA0008-1.jpg","contentUrl":"https:\/\/haz.hr\/wp-content\/uploads\/2026\/03\/IMG-20260326-WA0008-1.jpg","width":900,"height":580},{"@type":"BreadcrumbList","@id":"https:\/\/haz.hr\/2026\/03\/26\/izvjestaj-s-drugog-izdanja-new-wave-akademije\/#breadcrumb","itemListElement":[{"@type":"ListItem","position":1,"name":"Home","item":"https:\/\/haz.hr\/"},{"@type":"ListItem","position":2,"name":"Izvje\u0161taj s drugog izdanja New Wave akademije"}]},{"@type":"WebSite","@id":"https:\/\/haz.hr\/#website","url":"https:\/\/haz.hr\/","name":"HAZ","description":"Croatian Academic Community","publisher":{"@id":"https:\/\/haz.hr\/#organization"},"potentialAction":[{"@type":"SearchAction","target":{"@type":"EntryPoint","urlTemplate":"https:\/\/haz.hr\/?s={search_term_string}"},"query-input":{"@type":"PropertyValueSpecification","valueRequired":true,"valueName":"search_term_string"}}],"inLanguage":"en-GB"},{"@type":"Organization","@id":"https:\/\/haz.hr\/#organization","name":"HAZ","url":"https:\/\/haz.hr\/","logo":{"@type":"ImageObject","inLanguage":"en-GB","@id":"https:\/\/haz.hr\/#\/schema\/logo\/image\/","url":"https:\/\/haz.hr\/wp-content\/uploads\/2022\/12\/cropped-HAZ_logo.png","contentUrl":"https:\/\/haz.hr\/wp-content\/uploads\/2022\/12\/cropped-HAZ_logo.png","width":125,"height":76,"caption":"HAZ"},"image":{"@id":"https:\/\/haz.hr\/#\/schema\/logo\/image\/"}},{"@type":"Person","@id":"https:\/\/haz.hr\/#\/schema\/person\/ca43c8e600048184e5d6fb7a03a19ace","name":"Katja Be\u0161li\u0107","image":{"@type":"ImageObject","inLanguage":"en-GB","@id":"https:\/\/haz.hr\/#\/schema\/person\/image\/","url":"https:\/\/secure.gravatar.com\/avatar\/1932f8bd81728da548743019d7a7aaf4c17118744d3fbc3218e23bc393b711b5?s=96&d=mm&r=g","contentUrl":"https:\/\/secure.gravatar.com\/avatar\/1932f8bd81728da548743019d7a7aaf4c17118744d3fbc3218e23bc393b711b5?s=96&d=mm&r=g","caption":"Katja Be\u0161li\u0107"},"sameAs":["http:\/\/haz.hr"],"url":"https:\/\/haz.hr\/en\/author\/katja\/"}]}},"_links":{"self":[{"href":"https:\/\/haz.hr\/en\/wp-json\/wp\/v2\/posts\/3805","targetHints":{"allow":["GET"]}}],"collection":[{"href":"https:\/\/haz.hr\/en\/wp-json\/wp\/v2\/posts"}],"about":[{"href":"https:\/\/haz.hr\/en\/wp-json\/wp\/v2\/types\/post"}],"author":[{"embeddable":true,"href":"https:\/\/haz.hr\/en\/wp-json\/wp\/v2\/users\/23"}],"replies":[{"embeddable":true,"href":"https:\/\/haz.hr\/en\/wp-json\/wp\/v2\/comments?post=3805"}],"version-history":[{"count":3,"href":"https:\/\/haz.hr\/en\/wp-json\/wp\/v2\/posts\/3805\/revisions"}],"predecessor-version":[{"id":3814,"href":"https:\/\/haz.hr\/en\/wp-json\/wp\/v2\/posts\/3805\/revisions\/3814"}],"wp:featuredmedia":[{"embeddable":true,"href":"https:\/\/haz.hr\/en\/wp-json\/wp\/v2\/media\/3815"}],"wp:attachment":[{"href":"https:\/\/haz.hr\/en\/wp-json\/wp\/v2\/media?parent=3805"}],"wp:term":[{"taxonomy":"category","embeddable":true,"href":"https:\/\/haz.hr\/en\/wp-json\/wp\/v2\/categories?post=3805"},{"taxonomy":"post_tag","embeddable":true,"href":"https:\/\/haz.hr\/en\/wp-json\/wp\/v2\/tags?post=3805"}],"curies":[{"name":"wp","href":"https:\/\/api.w.org\/{rel}","templated":true}]}}