{"id":3820,"date":"2026-04-07T12:11:41","date_gmt":"2026-04-07T12:11:41","guid":{"rendered":"https:\/\/haz.hr\/?p=3820"},"modified":"2026-04-07T12:13:17","modified_gmt":"2026-04-07T12:13:17","slug":"pridruzi-se-utrci-s-razlogom-moveit-race-za-rtl-pomaze-djeci","status":"publish","type":"post","link":"https:\/\/haz.hr\/en\/2026\/04\/07\/pridruzi-se-utrci-s-razlogom-moveit-race-za-rtl-pomaze-djeci\/","title":{"rendered":"Pridru\u017ei se utrci s razlogom: MoveIT RACE za RTL poma\u017ee djeci"},"content":{"rendered":"<p class=\"wp-block-paragraph\">Natjecateljski duh, dobra zabava i plemenita svrha sve to o\u010dekuje vas na <strong>MoveIT RACE<\/strong> donatorskoj utrci koju organizira studentska neprofitna organizacija Hrvatska akademska zajednica Ekonomskog fakulteta u Zagrebu.<\/p>\n\n\n\n<p class=\"wp-block-paragraph\">U sklopu projekta MoveIT Akademije, nakon uspje\u0161ne edukacije odr\u017eane 5. o\u017eujka 2026. godine, na kojoj su sudjelovali Nata\u0161a Osmokrovi\u0107, Goran \u0160prem i Juraj \u0160ebalj, organizacijski tim prihvatio je novi izazov &#8211; organizaciju donatorske utrke u Zagrebu.<\/p>\n\n\n\n<p class=\"wp-block-paragraph\">Utrka, koja se odr\u017eava pod pokroviteljstvom Hrvatskog akademskog sportskog saveza i Hrvatskog saveza sportske rekreacije, odr\u017eat \u0107e se na zagreba\u010dkom <strong>Jarunu 19. travnja u 12 sati<\/strong>. Kotizacija je ostavljena vama na izbor \u2013 10 ili 15 eura, a sav prihod ide humanitarnoj organizaciji <strong>RTL poma\u017ee djeci<\/strong>.<\/p>\n\n\n\n<p class=\"wp-block-paragraph\">Jednim naizgled malim projektom, koji organiziraju isklju\u010divo studenti, svijet se mijenja na bolje. Svakom kupljenom kotizacijom poma\u017eete onima kojima je to najpotrebnije. Iako je i sam \u010din tr\u010danja za dobar cilj dovoljan razlog za zadovoljstvo, sve sudionike o\u010dekuju brojne nagrade na\u0161ih sponzora, a posebno one najbr\u017ee!<\/p>\n\n\n\n<p class=\"wp-block-paragraph\">Svi \u0107e imati priliku pokazati svoje trka\u010dke sposobnosti tr\u010de\u0107i krug oko Jarunskog jezera i sudjelovati u zabavnom programu. Nije va\u017eno tr\u010dite li svakodnevno ili se tek motivirate za prvi korak \u2013 ovo je savr\u0161ena prilika za dan na svje\u017eem zraku, uz odli\u010dnu atmosferu, fizi\u010dku aktivnost i dobro djelo.<\/p>\n\n\n\n<p class=\"wp-block-paragraph\"><strong>Prijave<\/strong> su otvorene na linku: <a href=\"https:\/\/www.entrio.hr\/en\/event\/moveit-race-31294\">https:\/\/www.entrio.hr\/en\/event\/moveit-race-31294<\/a><\/p>\n\n\n\n<p class=\"wp-block-paragraph\">Vidimo se na startu!<\/p>\n\n\n\n<figure class=\"wp-block-gallery has-nested-images columns-default is-cropped wp-block-gallery-1 is-layout-flex wp-block-gallery-is-layout-flex\">\n<figure class=\"wp-block-image size-large\"><img fetchpriority=\"high\" decoding=\"async\" width=\"724\" height=\"1024\" data-id=\"3823\" src=\"https:\/\/haz.hr\/wp-content\/uploads\/2026\/04\/WhatsApp-Image-2026-04-07-at-13.47.02-2-1-724x1024.jpeg\" alt=\"\" class=\"wp-image-3823\" srcset=\"https:\/\/haz.hr\/wp-content\/uploads\/2026\/04\/WhatsApp-Image-2026-04-07-at-13.47.02-2-1-724x1024.jpeg 724w, https:\/\/haz.hr\/wp-content\/uploads\/2026\/04\/WhatsApp-Image-2026-04-07-at-13.47.02-2-1-212x300.jpeg 212w, https:\/\/haz.hr\/wp-content\/uploads\/2026\/04\/WhatsApp-Image-2026-04-07-at-13.47.02-2-1-768x1086.jpeg 768w, https:\/\/haz.hr\/wp-content\/uploads\/2026\/04\/WhatsApp-Image-2026-04-07-at-13.47.02-2-1-1086x1536.jpeg 1086w, https:\/\/haz.hr\/wp-content\/uploads\/2026\/04\/WhatsApp-Image-2026-04-07-at-13.47.02-2-1.jpeg 1414w\" sizes=\"(max-width: 724px) 100vw, 724px\" \/><\/figure>\n\n\n\n<figure class=\"wp-block-image size-large\"><img decoding=\"async\" width=\"819\" height=\"1024\" data-id=\"3824\" src=\"https:\/\/haz.hr\/wp-content\/uploads\/2026\/04\/WhatsApp-Image-2026-04-07-at-13.47.01-819x1024.jpeg\" alt=\"\" class=\"wp-image-3824\" srcset=\"https:\/\/haz.hr\/wp-content\/uploads\/2026\/04\/WhatsApp-Image-2026-04-07-at-13.47.01-819x1024.jpeg 819w, https:\/\/haz.hr\/wp-content\/uploads\/2026\/04\/WhatsApp-Image-2026-04-07-at-13.47.01-240x300.jpeg 240w, https:\/\/haz.hr\/wp-content\/uploads\/2026\/04\/WhatsApp-Image-2026-04-07-at-13.47.01-768x960.jpeg 768w, https:\/\/haz.hr\/wp-content\/uploads\/2026\/04\/WhatsApp-Image-2026-04-07-at-13.47.01.jpeg 1080w\" sizes=\"(max-width: 819px) 100vw, 819px\" \/><\/figure>\n\n\n\n<figure class=\"wp-block-image size-large\"><img decoding=\"async\" width=\"819\" height=\"1024\" data-id=\"3825\" src=\"https:\/\/haz.hr\/wp-content\/uploads\/2026\/04\/WhatsApp-Image-2026-04-07-at-13.47.02-819x1024.jpeg\" alt=\"\" class=\"wp-image-3825\" srcset=\"https:\/\/haz.hr\/wp-content\/uploads\/2026\/04\/WhatsApp-Image-2026-04-07-at-13.47.02-819x1024.jpeg 819w, https:\/\/haz.hr\/wp-content\/uploads\/2026\/04\/WhatsApp-Image-2026-04-07-at-13.47.02-240x300.jpeg 240w, https:\/\/haz.hr\/wp-content\/uploads\/2026\/04\/WhatsApp-Image-2026-04-07-at-13.47.02-768x960.jpeg 768w, https:\/\/haz.hr\/wp-content\/uploads\/2026\/04\/WhatsApp-Image-2026-04-07-at-13.47.02.jpeg 1080w\" sizes=\"(max-width: 819px) 100vw, 819px\" \/><\/figure>\n<\/figure>\n\n\n\n<p class=\"wp-block-paragraph\"><\/p>","protected":false},"excerpt":{"rendered":"<p>Natjecateljski duh, dobra zabava i plemenita svrha sve to o\u010dekuje vas na MoveIT RACE donatorskoj utrci koju organizira studentska neprofitna organizacija Hrvatska akademska zajednica Ekonomskog fakulteta u Zagrebu. U sklopu [&hellip;]<\/p>\n","protected":false},"author":23,"featured_media":3822,"comment_status":"open","ping_status":"open","sticky":false,"template":"","format":"standard","meta":{"footnotes":""},"categories":[14,10,11],"tags":[68,24,55,67,66],"class_list":["post-3820","post","type-post","status-publish","format-standard","has-post-thumbnail","hentry","category-haz-novosti","category-haz-unizg","category-hazef-novosti","tag-donatorska-utrka","tag-haz","tag-hrvatska-akademska-zajednica","tag-moveit-race","tag-utrka"],"yoast_head":"<!-- This site is optimized with the Yoast SEO plugin v23.7 - https:\/\/yoast.com\/wordpress\/plugins\/seo\/ -->\n<title>Pridru\u017ei se utrci s razlogom: MoveIT RACE za RTL poma\u017ee djeci - HAZ<\/title>\n<meta name=\"robots\" content=\"index, follow, max-snippet:-1, max-image-preview:large, max-video-preview:-1\" \/>\n<link rel=\"canonical\" href=\"https:\/\/haz.hr\/en\/2026\/04\/07\/pridruzi-se-utrci-s-razlogom-moveit-race-za-rtl-pomaze-djeci\/\" \/>\n<meta property=\"og:locale\" content=\"en_GB\" \/>\n<meta property=\"og:type\" content=\"article\" \/>\n<meta property=\"og:title\" content=\"Pridru\u017ei se utrci s razlogom: MoveIT RACE za RTL poma\u017ee djeci - HAZ\" \/>\n<meta property=\"og:description\" content=\"Natjecateljski duh, dobra zabava i plemenita svrha sve to o\u010dekuje vas na MoveIT RACE donatorskoj utrci koju organizira studentska neprofitna organizacija Hrvatska akademska zajednica Ekonomskog fakulteta u Zagrebu. U sklopu [&hellip;]\" \/>\n<meta property=\"og:url\" content=\"https:\/\/haz.hr\/en\/2026\/04\/07\/pridruzi-se-utrci-s-razlogom-moveit-race-za-rtl-pomaze-djeci\/\" \/>\n<meta property=\"og:site_name\" content=\"HAZ\" \/>\n<meta property=\"article:published_time\" content=\"2026-04-07T12:11:41+00:00\" \/>\n<meta property=\"article:modified_time\" content=\"2026-04-07T12:13:17+00:00\" \/>\n<meta property=\"og:image\" content=\"https:\/\/haz.hr\/wp-content\/uploads\/2026\/04\/WhatsApp-Image-2026-04-07-at-13.47.02-1.jpeg\" \/>\n\t<meta property=\"og:image:width\" content=\"1600\" \/>\n\t<meta property=\"og:image:height\" content=\"800\" \/>\n\t<meta property=\"og:image:type\" content=\"image\/jpeg\" \/>\n<meta name=\"author\" content=\"Katja Be\u0161li\u0107\" \/>\n<meta name=\"twitter:card\" content=\"summary_large_image\" \/>\n<meta name=\"twitter:label1\" content=\"Written by\" \/>\n\t<meta name=\"twitter:data1\" content=\"Katja Be\u0161li\u0107\" \/>\n\t<meta name=\"twitter:label2\" content=\"Est. reading time\" \/>\n\t<meta name=\"twitter:data2\" content=\"2 minutes\" \/>\n<script type=\"application\/ld+json\" class=\"yoast-schema-graph\">{\"@context\":\"https:\/\/schema.org\",\"@graph\":[{\"@type\":\"Article\",\"@id\":\"https:\/\/haz.hr\/2026\/04\/07\/pridruzi-se-utrci-s-razlogom-moveit-race-za-rtl-pomaze-djeci\/#article\",\"isPartOf\":{\"@id\":\"https:\/\/haz.hr\/2026\/04\/07\/pridruzi-se-utrci-s-razlogom-moveit-race-za-rtl-pomaze-djeci\/\"},\"author\":{\"name\":\"Katja Be\u0161li\u0107\",\"@id\":\"https:\/\/haz.hr\/#\/schema\/person\/ca43c8e600048184e5d6fb7a03a19ace\"},\"headline\":\"Pridru\u017ei se utrci s razlogom: MoveIT RACE za RTL poma\u017ee djeci\",\"datePublished\":\"2026-04-07T12:11:41+00:00\",\"dateModified\":\"2026-04-07T12:13:17+00:00\",\"mainEntityOfPage\":{\"@id\":\"https:\/\/haz.hr\/2026\/04\/07\/pridruzi-se-utrci-s-razlogom-moveit-race-za-rtl-pomaze-djeci\/\"},\"wordCount\":249,\"commentCount\":0,\"publisher\":{\"@id\":\"https:\/\/haz.hr\/#organization\"},\"image\":{\"@id\":\"https:\/\/haz.hr\/2026\/04\/07\/pridruzi-se-utrci-s-razlogom-moveit-race-za-rtl-pomaze-djeci\/#primaryimage\"},\"thumbnailUrl\":\"https:\/\/haz.hr\/wp-content\/uploads\/2026\/04\/WhatsApp-Image-2026-04-07-at-13.47.02-1.jpeg\",\"keywords\":[\"donatorska utrka\",\"HAZ\",\"hrvatska akademska zajednica\",\"MoveIt Race\",\"utrka\"],\"articleSection\":[\"HAZ novosti\",\"HAZ UniZg novosti\",\"HAZef novosti\"],\"inLanguage\":\"en-GB\",\"potentialAction\":[{\"@type\":\"CommentAction\",\"name\":\"Comment\",\"target\":[\"https:\/\/haz.hr\/2026\/04\/07\/pridruzi-se-utrci-s-razlogom-moveit-race-za-rtl-pomaze-djeci\/#respond\"]}]},{\"@type\":\"WebPage\",\"@id\":\"https:\/\/haz.hr\/2026\/04\/07\/pridruzi-se-utrci-s-razlogom-moveit-race-za-rtl-pomaze-djeci\/\",\"url\":\"https:\/\/haz.hr\/2026\/04\/07\/pridruzi-se-utrci-s-razlogom-moveit-race-za-rtl-pomaze-djeci\/\",\"name\":\"Pridru\u017ei se utrci s razlogom: MoveIT RACE za RTL poma\u017ee djeci - HAZ\",\"isPartOf\":{\"@id\":\"https:\/\/haz.hr\/#website\"},\"primaryImageOfPage\":{\"@id\":\"https:\/\/haz.hr\/2026\/04\/07\/pridruzi-se-utrci-s-razlogom-moveit-race-za-rtl-pomaze-djeci\/#primaryimage\"},\"image\":{\"@id\":\"https:\/\/haz.hr\/2026\/04\/07\/pridruzi-se-utrci-s-razlogom-moveit-race-za-rtl-pomaze-djeci\/#primaryimage\"},\"thumbnailUrl\":\"https:\/\/haz.hr\/wp-content\/uploads\/2026\/04\/WhatsApp-Image-2026-04-07-at-13.47.02-1.jpeg\",\"datePublished\":\"2026-04-07T12:11:41+00:00\",\"dateModified\":\"2026-04-07T12:13:17+00:00\",\"breadcrumb\":{\"@id\":\"https:\/\/haz.hr\/2026\/04\/07\/pridruzi-se-utrci-s-razlogom-moveit-race-za-rtl-pomaze-djeci\/#breadcrumb\"},\"inLanguage\":\"en-GB\",\"potentialAction\":[{\"@type\":\"ReadAction\",\"target\":[\"https:\/\/haz.hr\/2026\/04\/07\/pridruzi-se-utrci-s-razlogom-moveit-race-za-rtl-pomaze-djeci\/\"]}]},{\"@type\":\"ImageObject\",\"inLanguage\":\"en-GB\",\"@id\":\"https:\/\/haz.hr\/2026\/04\/07\/pridruzi-se-utrci-s-razlogom-moveit-race-za-rtl-pomaze-djeci\/#primaryimage\",\"url\":\"https:\/\/haz.hr\/wp-content\/uploads\/2026\/04\/WhatsApp-Image-2026-04-07-at-13.47.02-1.jpeg\",\"contentUrl\":\"https:\/\/haz.hr\/wp-content\/uploads\/2026\/04\/WhatsApp-Image-2026-04-07-at-13.47.02-1.jpeg\",\"width\":1600,\"height\":800},{\"@type\":\"BreadcrumbList\",\"@id\":\"https:\/\/haz.hr\/2026\/04\/07\/pridruzi-se-utrci-s-razlogom-moveit-race-za-rtl-pomaze-djeci\/#breadcrumb\",\"itemListElement\":[{\"@type\":\"ListItem\",\"position\":1,\"name\":\"Home\",\"item\":\"https:\/\/haz.hr\/\"},{\"@type\":\"ListItem\",\"position\":2,\"name\":\"Pridru\u017ei se utrci s razlogom: MoveIT RACE za RTL poma\u017ee djeci\"}]},{\"@type\":\"WebSite\",\"@id\":\"https:\/\/haz.hr\/#website\",\"url\":\"https:\/\/haz.hr\/\",\"name\":\"HAZ\",\"description\":\"Hrvatska akademska zajednica\",\"publisher\":{\"@id\":\"https:\/\/haz.hr\/#organization\"},\"potentialAction\":[{\"@type\":\"SearchAction\",\"target\":{\"@type\":\"EntryPoint\",\"urlTemplate\":\"https:\/\/haz.hr\/?s={search_term_string}\"},\"query-input\":{\"@type\":\"PropertyValueSpecification\",\"valueRequired\":true,\"valueName\":\"search_term_string\"}}],\"inLanguage\":\"en-GB\"},{\"@type\":\"Organization\",\"@id\":\"https:\/\/haz.hr\/#organization\",\"name\":\"HAZ\",\"url\":\"https:\/\/haz.hr\/\",\"logo\":{\"@type\":\"ImageObject\",\"inLanguage\":\"en-GB\",\"@id\":\"https:\/\/haz.hr\/#\/schema\/logo\/image\/\",\"url\":\"https:\/\/haz.hr\/wp-content\/uploads\/2022\/12\/cropped-HAZ_logo.png\",\"contentUrl\":\"https:\/\/haz.hr\/wp-content\/uploads\/2022\/12\/cropped-HAZ_logo.png\",\"width\":125,\"height\":76,\"caption\":\"HAZ\"},\"image\":{\"@id\":\"https:\/\/haz.hr\/#\/schema\/logo\/image\/\"}},{\"@type\":\"Person\",\"@id\":\"https:\/\/haz.hr\/#\/schema\/person\/ca43c8e600048184e5d6fb7a03a19ace\",\"name\":\"Katja Be\u0161li\u0107\",\"image\":{\"@type\":\"ImageObject\",\"inLanguage\":\"en-GB\",\"@id\":\"https:\/\/haz.hr\/#\/schema\/person\/image\/\",\"url\":\"https:\/\/secure.gravatar.com\/avatar\/1932f8bd81728da548743019d7a7aaf4c17118744d3fbc3218e23bc393b711b5?s=96&d=mm&r=g\",\"contentUrl\":\"https:\/\/secure.gravatar.com\/avatar\/1932f8bd81728da548743019d7a7aaf4c17118744d3fbc3218e23bc393b711b5?s=96&d=mm&r=g\",\"caption\":\"Katja Be\u0161li\u0107\"},\"sameAs\":[\"http:\/\/haz.hr\"],\"url\":\"https:\/\/haz.hr\/en\/author\/katja\/\"}]}<\/script>\n<!-- \/ Yoast SEO plugin. -->","yoast_head_json":{"title":"Pridru\u017ei se utrci s razlogom: MoveIT RACE za RTL poma\u017ee djeci - HAZ","robots":{"index":"index","follow":"follow","max-snippet":"max-snippet:-1","max-image-preview":"max-image-preview:large","max-video-preview":"max-video-preview:-1"},"canonical":"https:\/\/haz.hr\/en\/2026\/04\/07\/pridruzi-se-utrci-s-razlogom-moveit-race-za-rtl-pomaze-djeci\/","og_locale":"en_GB","og_type":"article","og_title":"Pridru\u017ei se utrci s razlogom: MoveIT RACE za RTL poma\u017ee djeci - HAZ","og_description":"Natjecateljski duh, dobra zabava i plemenita svrha sve to o\u010dekuje vas na MoveIT RACE donatorskoj utrci koju organizira studentska neprofitna organizacija Hrvatska akademska zajednica Ekonomskog fakulteta u Zagrebu. U sklopu [&hellip;]","og_url":"https:\/\/haz.hr\/en\/2026\/04\/07\/pridruzi-se-utrci-s-razlogom-moveit-race-za-rtl-pomaze-djeci\/","og_site_name":"HAZ","article_published_time":"2026-04-07T12:11:41+00:00","article_modified_time":"2026-04-07T12:13:17+00:00","og_image":[{"width":1600,"height":800,"url":"https:\/\/haz.hr\/wp-content\/uploads\/2026\/04\/WhatsApp-Image-2026-04-07-at-13.47.02-1.jpeg","type":"image\/jpeg"}],"author":"Katja Be\u0161li\u0107","twitter_card":"summary_large_image","twitter_misc":{"Written by":"Katja Be\u0161li\u0107","Est. reading time":"2 minutes"},"schema":{"@context":"https:\/\/schema.org","@graph":[{"@type":"Article","@id":"https:\/\/haz.hr\/2026\/04\/07\/pridruzi-se-utrci-s-razlogom-moveit-race-za-rtl-pomaze-djeci\/#article","isPartOf":{"@id":"https:\/\/haz.hr\/2026\/04\/07\/pridruzi-se-utrci-s-razlogom-moveit-race-za-rtl-pomaze-djeci\/"},"author":{"name":"Katja Be\u0161li\u0107","@id":"https:\/\/haz.hr\/#\/schema\/person\/ca43c8e600048184e5d6fb7a03a19ace"},"headline":"Pridru\u017ei se utrci s razlogom: MoveIT RACE za RTL poma\u017ee djeci","datePublished":"2026-04-07T12:11:41+00:00","dateModified":"2026-04-07T12:13:17+00:00","mainEntityOfPage":{"@id":"https:\/\/haz.hr\/2026\/04\/07\/pridruzi-se-utrci-s-razlogom-moveit-race-za-rtl-pomaze-djeci\/"},"wordCount":249,"commentCount":0,"publisher":{"@id":"https:\/\/haz.hr\/#organization"},"image":{"@id":"https:\/\/haz.hr\/2026\/04\/07\/pridruzi-se-utrci-s-razlogom-moveit-race-za-rtl-pomaze-djeci\/#primaryimage"},"thumbnailUrl":"https:\/\/haz.hr\/wp-content\/uploads\/2026\/04\/WhatsApp-Image-2026-04-07-at-13.47.02-1.jpeg","keywords":["donatorska utrka","HAZ","hrvatska akademska zajednica","MoveIt Race","utrka"],"articleSection":["HAZ novosti","HAZ UniZg novosti","HAZef novosti"],"inLanguage":"en-GB","potentialAction":[{"@type":"CommentAction","name":"Comment","target":["https:\/\/haz.hr\/2026\/04\/07\/pridruzi-se-utrci-s-razlogom-moveit-race-za-rtl-pomaze-djeci\/#respond"]}]},{"@type":"WebPage","@id":"https:\/\/haz.hr\/2026\/04\/07\/pridruzi-se-utrci-s-razlogom-moveit-race-za-rtl-pomaze-djeci\/","url":"https:\/\/haz.hr\/2026\/04\/07\/pridruzi-se-utrci-s-razlogom-moveit-race-za-rtl-pomaze-djeci\/","name":"Pridru\u017ei se utrci s razlogom: MoveIT RACE za RTL poma\u017ee djeci - HAZ","isPartOf":{"@id":"https:\/\/haz.hr\/#website"},"primaryImageOfPage":{"@id":"https:\/\/haz.hr\/2026\/04\/07\/pridruzi-se-utrci-s-razlogom-moveit-race-za-rtl-pomaze-djeci\/#primaryimage"},"image":{"@id":"https:\/\/haz.hr\/2026\/04\/07\/pridruzi-se-utrci-s-razlogom-moveit-race-za-rtl-pomaze-djeci\/#primaryimage"},"thumbnailUrl":"https:\/\/haz.hr\/wp-content\/uploads\/2026\/04\/WhatsApp-Image-2026-04-07-at-13.47.02-1.jpeg","datePublished":"2026-04-07T12:11:41+00:00","dateModified":"2026-04-07T12:13:17+00:00","breadcrumb":{"@id":"https:\/\/haz.hr\/2026\/04\/07\/pridruzi-se-utrci-s-razlogom-moveit-race-za-rtl-pomaze-djeci\/#breadcrumb"},"inLanguage":"en-GB","potentialAction":[{"@type":"ReadAction","target":["https:\/\/haz.hr\/2026\/04\/07\/pridruzi-se-utrci-s-razlogom-moveit-race-za-rtl-pomaze-djeci\/"]}]},{"@type":"ImageObject","inLanguage":"en-GB","@id":"https:\/\/haz.hr\/2026\/04\/07\/pridruzi-se-utrci-s-razlogom-moveit-race-za-rtl-pomaze-djeci\/#primaryimage","url":"https:\/\/haz.hr\/wp-content\/uploads\/2026\/04\/WhatsApp-Image-2026-04-07-at-13.47.02-1.jpeg","contentUrl":"https:\/\/haz.hr\/wp-content\/uploads\/2026\/04\/WhatsApp-Image-2026-04-07-at-13.47.02-1.jpeg","width":1600,"height":800},{"@type":"BreadcrumbList","@id":"https:\/\/haz.hr\/2026\/04\/07\/pridruzi-se-utrci-s-razlogom-moveit-race-za-rtl-pomaze-djeci\/#breadcrumb","itemListElement":[{"@type":"ListItem","position":1,"name":"Home","item":"https:\/\/haz.hr\/"},{"@type":"ListItem","position":2,"name":"Pridru\u017ei se utrci s razlogom: MoveIT RACE za RTL poma\u017ee djeci"}]},{"@type":"WebSite","@id":"https:\/\/haz.hr\/#website","url":"https:\/\/haz.hr\/","name":"HAZ","description":"Croatian Academic Community","publisher":{"@id":"https:\/\/haz.hr\/#organization"},"potentialAction":[{"@type":"SearchAction","target":{"@type":"EntryPoint","urlTemplate":"https:\/\/haz.hr\/?s={search_term_string}"},"query-input":{"@type":"PropertyValueSpecification","valueRequired":true,"valueName":"search_term_string"}}],"inLanguage":"en-GB"},{"@type":"Organization","@id":"https:\/\/haz.hr\/#organization","name":"HAZ","url":"https:\/\/haz.hr\/","logo":{"@type":"ImageObject","inLanguage":"en-GB","@id":"https:\/\/haz.hr\/#\/schema\/logo\/image\/","url":"https:\/\/haz.hr\/wp-content\/uploads\/2022\/12\/cropped-HAZ_logo.png","contentUrl":"https:\/\/haz.hr\/wp-content\/uploads\/2022\/12\/cropped-HAZ_logo.png","width":125,"height":76,"caption":"HAZ"},"image":{"@id":"https:\/\/haz.hr\/#\/schema\/logo\/image\/"}},{"@type":"Person","@id":"https:\/\/haz.hr\/#\/schema\/person\/ca43c8e600048184e5d6fb7a03a19ace","name":"Katja Be\u0161li\u0107","image":{"@type":"ImageObject","inLanguage":"en-GB","@id":"https:\/\/haz.hr\/#\/schema\/person\/image\/","url":"https:\/\/secure.gravatar.com\/avatar\/1932f8bd81728da548743019d7a7aaf4c17118744d3fbc3218e23bc393b711b5?s=96&d=mm&r=g","contentUrl":"https:\/\/secure.gravatar.com\/avatar\/1932f8bd81728da548743019d7a7aaf4c17118744d3fbc3218e23bc393b711b5?s=96&d=mm&r=g","caption":"Katja Be\u0161li\u0107"},"sameAs":["http:\/\/haz.hr"],"url":"https:\/\/haz.hr\/en\/author\/katja\/"}]}},"_links":{"self":[{"href":"https:\/\/haz.hr\/en\/wp-json\/wp\/v2\/posts\/3820","targetHints":{"allow":["GET"]}}],"collection":[{"href":"https:\/\/haz.hr\/en\/wp-json\/wp\/v2\/posts"}],"about":[{"href":"https:\/\/haz.hr\/en\/wp-json\/wp\/v2\/types\/post"}],"author":[{"embeddable":true,"href":"https:\/\/haz.hr\/en\/wp-json\/wp\/v2\/users\/23"}],"replies":[{"embeddable":true,"href":"https:\/\/haz.hr\/en\/wp-json\/wp\/v2\/comments?post=3820"}],"version-history":[{"count":1,"href":"https:\/\/haz.hr\/en\/wp-json\/wp\/v2\/posts\/3820\/revisions"}],"predecessor-version":[{"id":3826,"href":"https:\/\/haz.hr\/en\/wp-json\/wp\/v2\/posts\/3820\/revisions\/3826"}],"wp:featuredmedia":[{"embeddable":true,"href":"https:\/\/haz.hr\/en\/wp-json\/wp\/v2\/media\/3822"}],"wp:attachment":[{"href":"https:\/\/haz.hr\/en\/wp-json\/wp\/v2\/media?parent=3820"}],"wp:term":[{"taxonomy":"category","embeddable":true,"href":"https:\/\/haz.hr\/en\/wp-json\/wp\/v2\/categories?post=3820"},{"taxonomy":"post_tag","embeddable":true,"href":"https:\/\/haz.hr\/en\/wp-json\/wp\/v2\/tags?post=3820"}],"curies":[{"name":"wp","href":"https:\/\/api.w.org\/{rel}","templated":true}]}}