{"id":3844,"date":"2026-07-05T09:18:08","date_gmt":"2026-07-05T09:18:08","guid":{"rendered":"https:\/\/haz.hr\/?p=3844"},"modified":"2026-08-06T15:07:41","modified_gmt":"2026-08-06T15:07:41","slug":"projekt-kozmetika-za-mene-uspjesno-spojio-znanost-tehnologiju-i-javno-zdravstvo","status":"publish","type":"post","link":"https:\/\/haz.hr\/en\/2026\/07\/05\/projekt-kozmetika-za-mene-uspjesno-spojio-znanost-tehnologiju-i-javno-zdravstvo\/","title":{"rendered":"Projekt \u201eKozmetika za mene\u201c uspje\u0161no spojio znanost, tehnologiju i javno zdravstvo"},"content":{"rendered":"<p class=\"wp-block-paragraph\"><\/p>\n\n\n\n<p class=\"wp-block-paragraph\">Hrvatska akademska zajednica zajedno je sa Sekcijom za dermatovenerologiju Medicinskog fakulteta uspje\u0161no provela projekt <strong>\u201eKozmetika za mene: ko\u017ea pamti\u201c. <\/strong>Tijekom prolje\u0107a 2026. godine odr\u017ean je interdisciplinarni edukativni projekt posve\u0107en zdravlju ko\u017ee, prevenciji ko\u017enih bolesti, pravilnoj uporabi kozmeti\u010dkih proizvoda i promicanju zdravstvene pismenosti. Kroz tri tematska ciklusa predavanja, panela i stru\u010dnih radionica projekt je okupio lije\u010dnike, farmaceute, znanstvenike, studente, sporta\u0161e i brojne zainteresirane gra\u0111ane, stvaraju\u0107i prostor za razmjenu znanja i iskustava te pribli\u017eavanje znanosti \u0161iroj javnosti.<\/p>\n\n\n\n<p class=\"wp-block-paragraph\"><strong>Prvi ciklus \u2013 Tehnologija i dermatologija<\/strong><\/p>\n\n\n\n<p class=\"wp-block-paragraph\">Prvi ciklus odr\u017ean je <strong>24. o\u017eujka 2026. godine<\/strong> u prostorijama <strong>Martinovke (FER)<\/strong>, a bio je posve\u0107en povezanosti suvremene tehnologije i dermatologije.<\/p>\n\n\n\n<p class=\"wp-block-paragraph\">Program je otvorila studentica medicine <strong>Klara Grgorini\u0107<\/strong> predavanjem <strong>\u201eABCDEF pravila melanoma\u201c<\/strong>, tijekom kojeg je sudionicima pribli\u017eila va\u017enost ranog prepoznavanja melanoma i drugih sumnjivih promjena na ko\u017ei. Poseban naglasak stavljen je na pravilno provo\u0111enje samopregleda ko\u017ee te prepoznavanje znakova koji zahtijevaju pregled dermatologa.<\/p>\n\n\n\n<p class=\"wp-block-paragraph\">Nakon toga <strong>Domagoj Gojanovi\u0107 Bo\u017ei\u0107, mag. ing. comp.<\/strong>, odr\u017eao je predavanje <strong>\u201eDijagnosticiranje melanoma umjetnom inteligencijom\u201c<\/strong>, u kojem je predstavio mogu\u0107nosti primjene umjetne inteligencije u analizi snimaka ko\u017ee i ranom otkrivanju melanoma. Sudionici su imali priliku upoznati se s razvojem ra\u010dunalnih modela koji mogu pru\u017eiti podr\u0161ku lije\u010dnicima u dijagnosti\u010dkom procesu te raspravljati o prednostima, ograni\u010denjima i budu\u0107nosti primjene umjetne inteligencije u medicini.<\/p>\n\n\n<div class=\"wp-block-image\">\n<figure class=\"aligncenter size-full is-resized\"><img fetchpriority=\"high\" decoding=\"async\" width=\"457\" height=\"287\" src=\"https:\/\/haz.hr\/wp-content\/uploads\/2026\/07\/slika2.png\" alt=\"\" class=\"wp-image-3846\" style=\"aspect-ratio:1.5923463401426037;width:827px;height:auto\" srcset=\"https:\/\/haz.hr\/wp-content\/uploads\/2026\/07\/slika2.png 457w, https:\/\/haz.hr\/wp-content\/uploads\/2026\/07\/slika2-300x188.png 300w\" sizes=\"(max-width: 457px) 100vw, 457px\" \/><\/figure>\n<\/div>\n\n\n<p class=\"wp-block-paragraph\"><\/p>\n\n\n\n<p class=\"wp-block-paragraph\"><strong>Drugi ciklus \u2013 SPF vs. UV<\/strong><\/p>\n\n\n\n<p class=\"wp-block-paragraph\">Drugi ciklus odr\u017ean je kroz dva doga\u0111anja u prostoru <strong>Stabla znanja<\/strong>, a bio je posve\u0107en za\u0161titi ko\u017ee od ultraljubi\u010dastog zra\u010denja, razvoju novih tehnologija te kemijskim i biolo\u0161kim aspektima fotoza\u0161tite.<\/p>\n\n\n\n<p class=\"wp-block-paragraph\">Prvi dio ciklusa odr\u017ean je <strong>5. svibnja 2026. godine<\/strong>, kada je <strong>izv. prof. dr. sc. Jozefina Kati\u0107<\/strong> odr\u017eala predavanje <strong>\u201eBiosenzori i njihova primjenjivost u detekciji melanoma\u201c<\/strong>, predstaviv\u0161i suvremene dijagnosti\u010dke tehnologije i potencijal biosenzora u ranom otkrivanju malignih promjena ko\u017ee.<\/p>\n\n\n\n<p class=\"wp-block-paragraph\">Nakon toga <strong>doc. dr. sc. Katarina Mu\u017eina<\/strong> odr\u017eala je predavanje <strong>\u201eNano\u010desti\u010dni cerijevi spojevi kao UV filteri u kremama za sun\u010danje\u201c<\/strong>, tijekom kojeg je prikazala mogu\u0107nosti primjene nanotehnologije u razvoju u\u010dinkovitijih i sigurnijih proizvoda za za\u0161titu od sunca.<\/p>\n\n\n\n<p class=\"wp-block-paragraph\">Program je zaklju\u010dio <strong>Lovro Bo\u017ei\u0107<\/strong>, student kemije na Prirodoslovno-matemati\u010dkom fakultetu, predavanjem <strong>\u201eKemija SPF-a: kako kreme za sun\u010danje \u0161tite ko\u017eu\u201c<\/strong>, u kojem je objasnio razliku izme\u0111u kemijskih i mineralnih UV filtera, mehanizme apsorpcije i raspr\u0161enja ultraljubi\u010dastog zra\u010denja te va\u017enost pravilne primjene proizvoda za za\u0161titu od sunca.<\/p>\n\n\n<div class=\"wp-block-image\">\n<figure class=\"aligncenter size-full is-resized\"><img decoding=\"async\" width=\"432\" height=\"287\" src=\"https:\/\/haz.hr\/wp-content\/uploads\/2026\/07\/slika3.png\" alt=\"\" class=\"wp-image-3847\" style=\"width:822px;height:auto\" srcset=\"https:\/\/haz.hr\/wp-content\/uploads\/2026\/07\/slika3.png 432w, https:\/\/haz.hr\/wp-content\/uploads\/2026\/07\/slika3-300x199.png 300w\" sizes=\"(max-width: 432px) 100vw, 432px\" \/><\/figure>\n<\/div>\n\n\n<p class=\"wp-block-paragraph\"><\/p>\n\n\n\n<p class=\"wp-block-paragraph\">Drugi dio ciklusa odr\u017ean je <strong>26. svibnja 2026. godine<\/strong>. Dr. med. <strong>Nata\u0161a \u0160emni\u010dki<\/strong> odr\u017eala je predavanje <strong>\u201eKo\u017eni mikrobiom kao regulator imunolo\u0161ke homeostaze i terapijski cilj u dermatologiji\u201c<\/strong>, u kojem je predstavila va\u017enost mikrobioma u odr\u017eavanju zdravlja ko\u017ee, njegovu ulogu u razvoju dermatolo\u0161kih bolesti te potencijal novih terapijskih pristupa usmjerenih na o\u010duvanje ravnote\u017ee ko\u017ene mikrobiote.<\/p>\n\n\n\n<p class=\"wp-block-paragraph\">Nakon predavanja odr\u017ean je panel <strong>\u201ePozitivno i negativno djelovanje UV zraka\u201c<\/strong>, na kojem su sudjelovale studentice medicine <strong>Klara Grgorini\u0107<\/strong>, <strong>Pia Iva Buchwald-Ru\u017ei\u0107<\/strong> i <strong>Antonija Gra\u010danin<\/strong>, uz moderatoricu <strong>Miju Bo\u017ei\u0107<\/strong>, studenticu Znanosti o okoli\u0161u na Prirodoslovno-matemati\u010dkom fakultetu. Panel je obuhvatio raspravu o korisnim u\u010dincima umjerenog izlaganja sun\u010devu zra\u010denju, poput sinteze vitamina D, ali i rizicima pretjerane izlo\u017eenosti, uklju\u010duju\u0107i fotostarenje ko\u017ee, opekline i pove\u0107ani rizik razvoja melanoma.<\/p>\n\n\n\n<p class=\"wp-block-paragraph\">Program je zavr\u0161io stru\u010dnim predavanjem <strong>\u201eOd formulacije do u\u010dinka \u2013 od laboratorija do ko\u017ee\u201c<\/strong>, koje su odr\u017eali <strong>Bo\u017eena Peri\u0107, mag. pharm.<\/strong>, i <strong>Goran Kosanovi\u0107, pharm. tehn.<\/strong> iz Ljekarne Luka\u010din. Predavanje je pribli\u017eilo proces razvoja dermokozmeti\u010dkih proizvoda \u2013 od odabira aktivnih sastojaka i formulacije do njihove u\u010dinkovitosti i primjene u svakodnevnoj njezi ko\u017ee.<\/p>\n\n\n<div class=\"wp-block-image\">\n<figure class=\"aligncenter size-full is-resized\"><img decoding=\"async\" width=\"485\" height=\"321\" src=\"https:\/\/haz.hr\/wp-content\/uploads\/2026\/07\/slika4.png\" alt=\"\" class=\"wp-image-3848\" style=\"width:815px;height:auto\" srcset=\"https:\/\/haz.hr\/wp-content\/uploads\/2026\/07\/slika4.png 485w, https:\/\/haz.hr\/wp-content\/uploads\/2026\/07\/slika4-300x199.png 300w\" sizes=\"(max-width: 485px) 100vw, 485px\" \/><\/figure>\n<\/div>\n\n\n<p class=\"wp-block-paragraph\"><\/p>\n\n\n\n<p class=\"wp-block-paragraph\"><strong>Tre\u0107i ciklus \u2013 Druga strana ljepote<\/strong><\/p>\n\n\n\n<p class=\"wp-block-paragraph\">Tre\u0107i ciklus odr\u017ean je <strong>16. lipnja 2026. godine<\/strong> u prostorijama Martinovke, a bio je usmjeren na holisti\u010dki pristup zdravlju ko\u017ee, regulatorne izazove kozmeti\u010dke industrije te povezanost psiholo\u0161kog zdravlja, sporta i dermatologije.<\/p>\n\n\n\n<p class=\"wp-block-paragraph\">Dr. med. <strong>Nata\u0161a \u0160emni\u010dki<\/strong> odr\u017eala je predavanje <strong>\u201eAkupunktura u sporta\u0161a\u201c<\/strong>, tijekom kojeg je predstavila temeljna na\u010dela tradicionalne kineske medicine i mogu\u0107nosti primjene akupunkture u rehabilitaciji sporta\u0161a. Posebna pa\u017enja posve\u0107ena je usporedbi isto\u010dnja\u010dkog i zapadnog pristupa medicini te razumijevanju organizma kao funkcionalne cjeline.<\/p>\n\n\n\n<p class=\"wp-block-paragraph\">Uslijedilo je predavanje <strong>Mirele Ileni\u0107, pharm. teh. i fitoaromaterapeutkinje<\/strong>, pod nazivom <strong>\u201eKada marketing postane regulatorni problem: kozmeti\u010dke tvrdnje u eri dru\u0161tvenih mre\u017ea\u201c<\/strong>, koje je sudionicima pribli\u017eilo regulatorni okvir kozmeti\u010dke industrije, razliku izme\u0111u kozmeti\u010dkih i medicinskih proizvoda te va\u017enost odgovornog i zakonitog ogla\u0161avanja. Poseban naglasak stavljen je na kriti\u010dko \u010ditanje deklaracija, razumijevanje sastava proizvoda i prepoznavanje obmanjuju\u0107ih marketin\u0161kih tvrdnji.<\/p>\n\n\n\n<p class=\"wp-block-paragraph\">Projekt je zaklju\u010den panelom <strong>\u201ePsihologija sporta i ko\u017ee\u201c<\/strong>, koji je kroz interdisciplinarni pristup povezao dermatologiju, psihologiju i vrhunski sport. Na panelu su sudjelovali hrvatski olimpijac i reprezentativac u skija\u0161kom tr\u010danju <strong>Marko Skender<\/strong>, biv\u0161a reprezentativka Hrvatske u plivanju i daljinskom plivanju i studentica kemije <strong>Paula Lon\u010darevi\u0107<\/strong>, student medicine i psihologije <strong>Ivor \u017didak<\/strong> te studentica Znanosti o okoli\u0161u <strong>Mia Bo\u017ei\u0107<\/strong>, dok je panel moderirala studentica Zoologije <strong>Hana Mihali\u0107<\/strong>. Prvi dio panela bio je posve\u0107en utjecaju akni i kroni\u010dnih ko\u017enih bolesti na mentalno zdravlje, samopouzdanje i kvalitetu \u017eivota, dok je drugi dio obuhvatio izazove s kojima se sporta\u0161i susre\u0107u tijekom treninga i natjecanja \u2013 od izlo\u017eenosti ultraljubi\u010dastom zra\u010denju i ekstremnim vremenskim uvjetima do psiholo\u0161kog pritiska vrhunskog sporta. Panelisti su kroz osobna iskustva i stru\u010dna obja\u0161njenja naglasili va\u017enost pravilne za\u0161tite ko\u017ee, mentalne otpornosti i brige o cjelokupnom zdravlju.<\/p>\n\n\n<div class=\"wp-block-image\">\n<figure class=\"aligncenter size-full is-resized\"><img loading=\"lazy\" decoding=\"async\" width=\"436\" height=\"285\" src=\"https:\/\/haz.hr\/wp-content\/uploads\/2026\/07\/slika5.png\" alt=\"\" class=\"wp-image-3849\" style=\"width:818px;height:auto\" srcset=\"https:\/\/haz.hr\/wp-content\/uploads\/2026\/07\/slika5.png 436w, https:\/\/haz.hr\/wp-content\/uploads\/2026\/07\/slika5-300x196.png 300w\" sizes=\"(max-width: 436px) 100vw, 436px\" \/><\/figure>\n<\/div>\n\n\n<p class=\"wp-block-paragraph\"><\/p>\n\n\n\n<p class=\"wp-block-paragraph\"><strong>Vi\u0161e od projekta<\/strong><\/p>\n\n\n\n<p class=\"wp-block-paragraph\">Osim stru\u010dnih predavanja i panela, projekt je uklju\u010divao i analizu ko\u017ee u pauzama izme\u0111u predavanja te dijeljenje edukativne bro\u0161ure. Sve aktivnosti bile su prilago\u0111ene \u0161iroj publici, s ciljem pribli\u017eavanja stru\u010dnih informacija osobama razli\u010dite \u017eivotne dobi i razine obrazovanja.<\/p>\n\n\n\n<p class=\"wp-block-paragraph\">Projekt <strong>\u201eKozmetika za mene: ko\u017ea pamti\u201c<\/strong> jo\u0161 je jednom potvrdio va\u017enost povezivanja akademske zajednice, zdravstvenih stru\u010dnjaka i gra\u0111ana u promicanju preventivne medicine i zdravstvene pismenosti. Kroz interdisciplinarni pristup sudionici su stekli nova znanja o prevenciji melanoma, za\u0161titi od sun\u010devog zra\u010denja, pravilnoj uporabi kozmeti\u010dkih proizvoda, inovacijama u dermatologiji te va\u017enosti o\u010duvanja zdravlja ko\u017ee.<\/p>\n\n\n\n<p class=\"wp-block-paragraph\">Veliko hvala svim predava\u010dima, panelistima, partnerima, sponzorima, volonterima i sudionicima koji su svojim znanjem, iskustvom i entuzijazmom doprinijeli uspje\u0161noj provedbi projekta. Uz pomo\u0107 nesebi\u010dne podr\u0161ke na\u0161ih sponzora: Matica hrvatska ogranak Karlovac, Aquatika, Rilastil, Oktal Pharma, Lumin\u00e8re, Pharmagea, Ljekarne Luka\u010din, ZOO Zagreb, Humed Pharma, Moje malo zlato, Olival te Gameboost energy osigurali smo vrijedne poklone za sve na\u0161e sudionike. Vjerujemo da je ovo tek po\u010detak novih aktivnosti kojima \u0107emo nastaviti pribli\u017eavati znanost zajednici i poticati odgovorno brigu o zdravlju ko\u017ee.<\/p>\n\n\n<div class=\"wp-block-image\">\n<figure class=\"aligncenter size-full is-resized\"><img loading=\"lazy\" decoding=\"async\" width=\"496\" height=\"374\" src=\"https:\/\/haz.hr\/wp-content\/uploads\/2026\/07\/slika6.png\" alt=\"\" class=\"wp-image-3850\" style=\"width:822px;height:auto\" srcset=\"https:\/\/haz.hr\/wp-content\/uploads\/2026\/07\/slika6.png 496w, https:\/\/haz.hr\/wp-content\/uploads\/2026\/07\/slika6-300x226.png 300w\" sizes=\"(max-width: 496px) 100vw, 496px\" \/><\/figure>\n<\/div>","protected":false},"excerpt":{"rendered":"<p>Hrvatska akademska zajednica zajedno je sa Sekcijom za dermatovenerologiju Medicinskog fakulteta uspje\u0161no provela projekt \u201eKozmetika za mene: ko\u017ea pamti\u201c. Tijekom prolje\u0107a 2026. godine odr\u017ean je interdisciplinarni edukativni projekt posve\u0107en zdravlju [&hellip;]<\/p>\n","protected":false},"author":23,"featured_media":3845,"comment_status":"open","ping_status":"open","sticky":false,"template":"","format":"standard","meta":{"footnotes":""},"categories":[14,10,49],"tags":[76,24,36,55,74,37],"class_list":["post-3844","post","type-post","status-publish","format-standard","has-post-thumbnail","hentry","category-haz-novosti","category-haz-unizg","category-hazpmf-novosti","tag-dermatologija","tag-haz","tag-hazpmf","tag-hrvatska-akademska-zajednica","tag-kozmetika","tag-pmf"],"yoast_head":"<!-- This site is optimized with the Yoast SEO plugin v23.7 - https:\/\/yoast.com\/wordpress\/plugins\/seo\/ -->\n<title>Projekt \u201eKozmetika za mene\u201c uspje\u0161no spojio znanost, tehnologiju i javno zdravstvo - HAZ<\/title>\n<meta name=\"robots\" content=\"index, follow, max-snippet:-1, max-image-preview:large, max-video-preview:-1\" \/>\n<link rel=\"canonical\" href=\"https:\/\/haz.hr\/en\/2026\/07\/05\/projekt-kozmetika-za-mene-uspjesno-spojio-znanost-tehnologiju-i-javno-zdravstvo\/\" \/>\n<meta property=\"og:locale\" content=\"en_GB\" \/>\n<meta property=\"og:type\" content=\"article\" \/>\n<meta property=\"og:title\" content=\"Projekt \u201eKozmetika za mene\u201c uspje\u0161no spojio znanost, tehnologiju i javno zdravstvo - HAZ\" \/>\n<meta property=\"og:description\" content=\"Hrvatska akademska zajednica zajedno je sa Sekcijom za dermatovenerologiju Medicinskog fakulteta uspje\u0161no provela projekt \u201eKozmetika za mene: ko\u017ea pamti\u201c. Tijekom prolje\u0107a 2026. godine odr\u017ean je interdisciplinarni edukativni projekt posve\u0107en zdravlju [&hellip;]\" \/>\n<meta property=\"og:url\" content=\"https:\/\/haz.hr\/en\/2026\/07\/05\/projekt-kozmetika-za-mene-uspjesno-spojio-znanost-tehnologiju-i-javno-zdravstvo\/\" \/>\n<meta property=\"og:site_name\" content=\"HAZ\" \/>\n<meta property=\"article:published_time\" content=\"2026-07-05T09:18:08+00:00\" \/>\n<meta property=\"article:modified_time\" content=\"2026-08-06T15:07:41+00:00\" \/>\n<meta property=\"og:image\" content=\"https:\/\/haz.hr\/wp-content\/uploads\/2026\/07\/slika1.png\" \/>\n\t<meta property=\"og:image:width\" content=\"487\" \/>\n\t<meta property=\"og:image:height\" content=\"314\" \/>\n\t<meta property=\"og:image:type\" content=\"image\/png\" \/>\n<meta name=\"author\" content=\"Katja Be\u0161li\u0107\" \/>\n<meta name=\"twitter:card\" content=\"summary_large_image\" \/>\n<meta name=\"twitter:label1\" content=\"Written by\" \/>\n\t<meta name=\"twitter:data1\" content=\"Katja Be\u0161li\u0107\" \/>\n\t<meta name=\"twitter:label2\" content=\"Est. reading time\" \/>\n\t<meta name=\"twitter:data2\" content=\"7 minutes\" \/>\n<script type=\"application\/ld+json\" class=\"yoast-schema-graph\">{\"@context\":\"https:\/\/schema.org\",\"@graph\":[{\"@type\":\"Article\",\"@id\":\"https:\/\/haz.hr\/2026\/07\/05\/projekt-kozmetika-za-mene-uspjesno-spojio-znanost-tehnologiju-i-javno-zdravstvo\/#article\",\"isPartOf\":{\"@id\":\"https:\/\/haz.hr\/2026\/07\/05\/projekt-kozmetika-za-mene-uspjesno-spojio-znanost-tehnologiju-i-javno-zdravstvo\/\"},\"author\":{\"name\":\"Katja Be\u0161li\u0107\",\"@id\":\"https:\/\/haz.hr\/#\/schema\/person\/ca43c8e600048184e5d6fb7a03a19ace\"},\"headline\":\"Projekt \u201eKozmetika za mene\u201c uspje\u0161no spojio znanost, tehnologiju i javno zdravstvo\",\"datePublished\":\"2026-07-05T09:18:08+00:00\",\"dateModified\":\"2026-08-06T15:07:41+00:00\",\"mainEntityOfPage\":{\"@id\":\"https:\/\/haz.hr\/2026\/07\/05\/projekt-kozmetika-za-mene-uspjesno-spojio-znanost-tehnologiju-i-javno-zdravstvo\/\"},\"wordCount\":1160,\"commentCount\":0,\"publisher\":{\"@id\":\"https:\/\/haz.hr\/#organization\"},\"image\":{\"@id\":\"https:\/\/haz.hr\/2026\/07\/05\/projekt-kozmetika-za-mene-uspjesno-spojio-znanost-tehnologiju-i-javno-zdravstvo\/#primaryimage\"},\"thumbnailUrl\":\"https:\/\/haz.hr\/wp-content\/uploads\/2026\/07\/slika1.png\",\"keywords\":[\"dermatologija\",\"HAZ\",\"HAZpmf\",\"hrvatska akademska zajednica\",\"kozmetika\",\"PMF\"],\"articleSection\":[\"HAZ novosti\",\"HAZ UniZg novosti\",\"HAZpmf novosti\"],\"inLanguage\":\"en-GB\",\"potentialAction\":[{\"@type\":\"CommentAction\",\"name\":\"Comment\",\"target\":[\"https:\/\/haz.hr\/2026\/07\/05\/projekt-kozmetika-za-mene-uspjesno-spojio-znanost-tehnologiju-i-javno-zdravstvo\/#respond\"]}]},{\"@type\":\"WebPage\",\"@id\":\"https:\/\/haz.hr\/2026\/07\/05\/projekt-kozmetika-za-mene-uspjesno-spojio-znanost-tehnologiju-i-javno-zdravstvo\/\",\"url\":\"https:\/\/haz.hr\/2026\/07\/05\/projekt-kozmetika-za-mene-uspjesno-spojio-znanost-tehnologiju-i-javno-zdravstvo\/\",\"name\":\"Projekt \u201eKozmetika za mene\u201c uspje\u0161no spojio znanost, tehnologiju i javno zdravstvo - HAZ\",\"isPartOf\":{\"@id\":\"https:\/\/haz.hr\/#website\"},\"primaryImageOfPage\":{\"@id\":\"https:\/\/haz.hr\/2026\/07\/05\/projekt-kozmetika-za-mene-uspjesno-spojio-znanost-tehnologiju-i-javno-zdravstvo\/#primaryimage\"},\"image\":{\"@id\":\"https:\/\/haz.hr\/2026\/07\/05\/projekt-kozmetika-za-mene-uspjesno-spojio-znanost-tehnologiju-i-javno-zdravstvo\/#primaryimage\"},\"thumbnailUrl\":\"https:\/\/haz.hr\/wp-content\/uploads\/2026\/07\/slika1.png\",\"datePublished\":\"2026-07-05T09:18:08+00:00\",\"dateModified\":\"2026-08-06T15:07:41+00:00\",\"breadcrumb\":{\"@id\":\"https:\/\/haz.hr\/2026\/07\/05\/projekt-kozmetika-za-mene-uspjesno-spojio-znanost-tehnologiju-i-javno-zdravstvo\/#breadcrumb\"},\"inLanguage\":\"en-GB\",\"potentialAction\":[{\"@type\":\"ReadAction\",\"target\":[\"https:\/\/haz.hr\/2026\/07\/05\/projekt-kozmetika-za-mene-uspjesno-spojio-znanost-tehnologiju-i-javno-zdravstvo\/\"]}]},{\"@type\":\"ImageObject\",\"inLanguage\":\"en-GB\",\"@id\":\"https:\/\/haz.hr\/2026\/07\/05\/projekt-kozmetika-za-mene-uspjesno-spojio-znanost-tehnologiju-i-javno-zdravstvo\/#primaryimage\",\"url\":\"https:\/\/haz.hr\/wp-content\/uploads\/2026\/07\/slika1.png\",\"contentUrl\":\"https:\/\/haz.hr\/wp-content\/uploads\/2026\/07\/slika1.png\",\"width\":487,\"height\":314},{\"@type\":\"BreadcrumbList\",\"@id\":\"https:\/\/haz.hr\/2026\/07\/05\/projekt-kozmetika-za-mene-uspjesno-spojio-znanost-tehnologiju-i-javno-zdravstvo\/#breadcrumb\",\"itemListElement\":[{\"@type\":\"ListItem\",\"position\":1,\"name\":\"Home\",\"item\":\"https:\/\/haz.hr\/\"},{\"@type\":\"ListItem\",\"position\":2,\"name\":\"Projekt \u201eKozmetika za mene\u201c uspje\u0161no spojio znanost, tehnologiju i javno zdravstvo\"}]},{\"@type\":\"WebSite\",\"@id\":\"https:\/\/haz.hr\/#website\",\"url\":\"https:\/\/haz.hr\/\",\"name\":\"HAZ\",\"description\":\"Hrvatska akademska zajednica\",\"publisher\":{\"@id\":\"https:\/\/haz.hr\/#organization\"},\"potentialAction\":[{\"@type\":\"SearchAction\",\"target\":{\"@type\":\"EntryPoint\",\"urlTemplate\":\"https:\/\/haz.hr\/?s={search_term_string}\"},\"query-input\":{\"@type\":\"PropertyValueSpecification\",\"valueRequired\":true,\"valueName\":\"search_term_string\"}}],\"inLanguage\":\"en-GB\"},{\"@type\":\"Organization\",\"@id\":\"https:\/\/haz.hr\/#organization\",\"name\":\"HAZ\",\"url\":\"https:\/\/haz.hr\/\",\"logo\":{\"@type\":\"ImageObject\",\"inLanguage\":\"en-GB\",\"@id\":\"https:\/\/haz.hr\/#\/schema\/logo\/image\/\",\"url\":\"https:\/\/haz.hr\/wp-content\/uploads\/2022\/12\/cropped-HAZ_logo.png\",\"contentUrl\":\"https:\/\/haz.hr\/wp-content\/uploads\/2022\/12\/cropped-HAZ_logo.png\",\"width\":125,\"height\":76,\"caption\":\"HAZ\"},\"image\":{\"@id\":\"https:\/\/haz.hr\/#\/schema\/logo\/image\/\"}},{\"@type\":\"Person\",\"@id\":\"https:\/\/haz.hr\/#\/schema\/person\/ca43c8e600048184e5d6fb7a03a19ace\",\"name\":\"Katja Be\u0161li\u0107\",\"image\":{\"@type\":\"ImageObject\",\"inLanguage\":\"en-GB\",\"@id\":\"https:\/\/haz.hr\/#\/schema\/person\/image\/\",\"url\":\"https:\/\/secure.gravatar.com\/avatar\/1932f8bd81728da548743019d7a7aaf4c17118744d3fbc3218e23bc393b711b5?s=96&d=mm&r=g\",\"contentUrl\":\"https:\/\/secure.gravatar.com\/avatar\/1932f8bd81728da548743019d7a7aaf4c17118744d3fbc3218e23bc393b711b5?s=96&d=mm&r=g\",\"caption\":\"Katja Be\u0161li\u0107\"},\"sameAs\":[\"http:\/\/haz.hr\"],\"url\":\"https:\/\/haz.hr\/en\/author\/katja\/\"}]}<\/script>\n<!-- \/ Yoast SEO plugin. -->","yoast_head_json":{"title":"Projekt \u201eKozmetika za mene\u201c uspje\u0161no spojio znanost, tehnologiju i javno zdravstvo - HAZ","robots":{"index":"index","follow":"follow","max-snippet":"max-snippet:-1","max-image-preview":"max-image-preview:large","max-video-preview":"max-video-preview:-1"},"canonical":"https:\/\/haz.hr\/en\/2026\/07\/05\/projekt-kozmetika-za-mene-uspjesno-spojio-znanost-tehnologiju-i-javno-zdravstvo\/","og_locale":"en_GB","og_type":"article","og_title":"Projekt \u201eKozmetika za mene\u201c uspje\u0161no spojio znanost, tehnologiju i javno zdravstvo - HAZ","og_description":"Hrvatska akademska zajednica zajedno je sa Sekcijom za dermatovenerologiju Medicinskog fakulteta uspje\u0161no provela projekt \u201eKozmetika za mene: ko\u017ea pamti\u201c. Tijekom prolje\u0107a 2026. godine odr\u017ean je interdisciplinarni edukativni projekt posve\u0107en zdravlju [&hellip;]","og_url":"https:\/\/haz.hr\/en\/2026\/07\/05\/projekt-kozmetika-za-mene-uspjesno-spojio-znanost-tehnologiju-i-javno-zdravstvo\/","og_site_name":"HAZ","article_published_time":"2026-07-05T09:18:08+00:00","article_modified_time":"2026-08-06T15:07:41+00:00","og_image":[{"width":487,"height":314,"url":"https:\/\/haz.hr\/wp-content\/uploads\/2026\/07\/slika1.png","type":"image\/png"}],"author":"Katja Be\u0161li\u0107","twitter_card":"summary_large_image","twitter_misc":{"Written by":"Katja Be\u0161li\u0107","Est. reading time":"7 minutes"},"schema":{"@context":"https:\/\/schema.org","@graph":[{"@type":"Article","@id":"https:\/\/haz.hr\/2026\/07\/05\/projekt-kozmetika-za-mene-uspjesno-spojio-znanost-tehnologiju-i-javno-zdravstvo\/#article","isPartOf":{"@id":"https:\/\/haz.hr\/2026\/07\/05\/projekt-kozmetika-za-mene-uspjesno-spojio-znanost-tehnologiju-i-javno-zdravstvo\/"},"author":{"name":"Katja Be\u0161li\u0107","@id":"https:\/\/haz.hr\/#\/schema\/person\/ca43c8e600048184e5d6fb7a03a19ace"},"headline":"Projekt \u201eKozmetika za mene\u201c uspje\u0161no spojio znanost, tehnologiju i javno zdravstvo","datePublished":"2026-07-05T09:18:08+00:00","dateModified":"2026-08-06T15:07:41+00:00","mainEntityOfPage":{"@id":"https:\/\/haz.hr\/2026\/07\/05\/projekt-kozmetika-za-mene-uspjesno-spojio-znanost-tehnologiju-i-javno-zdravstvo\/"},"wordCount":1160,"commentCount":0,"publisher":{"@id":"https:\/\/haz.hr\/#organization"},"image":{"@id":"https:\/\/haz.hr\/2026\/07\/05\/projekt-kozmetika-za-mene-uspjesno-spojio-znanost-tehnologiju-i-javno-zdravstvo\/#primaryimage"},"thumbnailUrl":"https:\/\/haz.hr\/wp-content\/uploads\/2026\/07\/slika1.png","keywords":["dermatologija","HAZ","HAZpmf","hrvatska akademska zajednica","kozmetika","PMF"],"articleSection":["HAZ novosti","HAZ UniZg novosti","HAZpmf novosti"],"inLanguage":"en-GB","potentialAction":[{"@type":"CommentAction","name":"Comment","target":["https:\/\/haz.hr\/2026\/07\/05\/projekt-kozmetika-za-mene-uspjesno-spojio-znanost-tehnologiju-i-javno-zdravstvo\/#respond"]}]},{"@type":"WebPage","@id":"https:\/\/haz.hr\/2026\/07\/05\/projekt-kozmetika-za-mene-uspjesno-spojio-znanost-tehnologiju-i-javno-zdravstvo\/","url":"https:\/\/haz.hr\/2026\/07\/05\/projekt-kozmetika-za-mene-uspjesno-spojio-znanost-tehnologiju-i-javno-zdravstvo\/","name":"Projekt \u201eKozmetika za mene\u201c uspje\u0161no spojio znanost, tehnologiju i javno zdravstvo - HAZ","isPartOf":{"@id":"https:\/\/haz.hr\/#website"},"primaryImageOfPage":{"@id":"https:\/\/haz.hr\/2026\/07\/05\/projekt-kozmetika-za-mene-uspjesno-spojio-znanost-tehnologiju-i-javno-zdravstvo\/#primaryimage"},"image":{"@id":"https:\/\/haz.hr\/2026\/07\/05\/projekt-kozmetika-za-mene-uspjesno-spojio-znanost-tehnologiju-i-javno-zdravstvo\/#primaryimage"},"thumbnailUrl":"https:\/\/haz.hr\/wp-content\/uploads\/2026\/07\/slika1.png","datePublished":"2026-07-05T09:18:08+00:00","dateModified":"2026-08-06T15:07:41+00:00","breadcrumb":{"@id":"https:\/\/haz.hr\/2026\/07\/05\/projekt-kozmetika-za-mene-uspjesno-spojio-znanost-tehnologiju-i-javno-zdravstvo\/#breadcrumb"},"inLanguage":"en-GB","potentialAction":[{"@type":"ReadAction","target":["https:\/\/haz.hr\/2026\/07\/05\/projekt-kozmetika-za-mene-uspjesno-spojio-znanost-tehnologiju-i-javno-zdravstvo\/"]}]},{"@type":"ImageObject","inLanguage":"en-GB","@id":"https:\/\/haz.hr\/2026\/07\/05\/projekt-kozmetika-za-mene-uspjesno-spojio-znanost-tehnologiju-i-javno-zdravstvo\/#primaryimage","url":"https:\/\/haz.hr\/wp-content\/uploads\/2026\/07\/slika1.png","contentUrl":"https:\/\/haz.hr\/wp-content\/uploads\/2026\/07\/slika1.png","width":487,"height":314},{"@type":"BreadcrumbList","@id":"https:\/\/haz.hr\/2026\/07\/05\/projekt-kozmetika-za-mene-uspjesno-spojio-znanost-tehnologiju-i-javno-zdravstvo\/#breadcrumb","itemListElement":[{"@type":"ListItem","position":1,"name":"Home","item":"https:\/\/haz.hr\/"},{"@type":"ListItem","position":2,"name":"Projekt \u201eKozmetika za mene\u201c uspje\u0161no spojio znanost, tehnologiju i javno zdravstvo"}]},{"@type":"WebSite","@id":"https:\/\/haz.hr\/#website","url":"https:\/\/haz.hr\/","name":"HAZ","description":"Croatian Academic Community","publisher":{"@id":"https:\/\/haz.hr\/#organization"},"potentialAction":[{"@type":"SearchAction","target":{"@type":"EntryPoint","urlTemplate":"https:\/\/haz.hr\/?s={search_term_string}"},"query-input":{"@type":"PropertyValueSpecification","valueRequired":true,"valueName":"search_term_string"}}],"inLanguage":"en-GB"},{"@type":"Organization","@id":"https:\/\/haz.hr\/#organization","name":"HAZ","url":"https:\/\/haz.hr\/","logo":{"@type":"ImageObject","inLanguage":"en-GB","@id":"https:\/\/haz.hr\/#\/schema\/logo\/image\/","url":"https:\/\/haz.hr\/wp-content\/uploads\/2022\/12\/cropped-HAZ_logo.png","contentUrl":"https:\/\/haz.hr\/wp-content\/uploads\/2022\/12\/cropped-HAZ_logo.png","width":125,"height":76,"caption":"HAZ"},"image":{"@id":"https:\/\/haz.hr\/#\/schema\/logo\/image\/"}},{"@type":"Person","@id":"https:\/\/haz.hr\/#\/schema\/person\/ca43c8e600048184e5d6fb7a03a19ace","name":"Katja Be\u0161li\u0107","image":{"@type":"ImageObject","inLanguage":"en-GB","@id":"https:\/\/haz.hr\/#\/schema\/person\/image\/","url":"https:\/\/secure.gravatar.com\/avatar\/1932f8bd81728da548743019d7a7aaf4c17118744d3fbc3218e23bc393b711b5?s=96&d=mm&r=g","contentUrl":"https:\/\/secure.gravatar.com\/avatar\/1932f8bd81728da548743019d7a7aaf4c17118744d3fbc3218e23bc393b711b5?s=96&d=mm&r=g","caption":"Katja Be\u0161li\u0107"},"sameAs":["http:\/\/haz.hr"],"url":"https:\/\/haz.hr\/en\/author\/katja\/"}]}},"_links":{"self":[{"href":"https:\/\/haz.hr\/en\/wp-json\/wp\/v2\/posts\/3844","targetHints":{"allow":["GET"]}}],"collection":[{"href":"https:\/\/haz.hr\/en\/wp-json\/wp\/v2\/posts"}],"about":[{"href":"https:\/\/haz.hr\/en\/wp-json\/wp\/v2\/types\/post"}],"author":[{"embeddable":true,"href":"https:\/\/haz.hr\/en\/wp-json\/wp\/v2\/users\/23"}],"replies":[{"embeddable":true,"href":"https:\/\/haz.hr\/en\/wp-json\/wp\/v2\/comments?post=3844"}],"version-history":[{"count":4,"href":"https:\/\/haz.hr\/en\/wp-json\/wp\/v2\/posts\/3844\/revisions"}],"predecessor-version":[{"id":3854,"href":"https:\/\/haz.hr\/en\/wp-json\/wp\/v2\/posts\/3844\/revisions\/3854"}],"wp:featuredmedia":[{"embeddable":true,"href":"https:\/\/haz.hr\/en\/wp-json\/wp\/v2\/media\/3845"}],"wp:attachment":[{"href":"https:\/\/haz.hr\/en\/wp-json\/wp\/v2\/media?parent=3844"}],"wp:term":[{"taxonomy":"category","embeddable":true,"href":"https:\/\/haz.hr\/en\/wp-json\/wp\/v2\/categories?post=3844"},{"taxonomy":"post_tag","embeddable":true,"href":"https:\/\/haz.hr\/en\/wp-json\/wp\/v2\/tags?post=3844"}],"curies":[{"name":"wp","href":"https:\/\/api.w.org\/{rel}","templated":true}]}}