{"id":3864,"date":"2026-08-06T14:54:47","date_gmt":"2026-08-06T14:54:47","guid":{"rendered":"https:\/\/haz.hr\/?p=3864"},"modified":"2026-08-06T15:46:12","modified_gmt":"2026-08-06T15:46:12","slug":"haz-i-ove-godine-sudjelovao-na-sipanskoj-ljetnoj-skoli-u-dubrovniku","status":"publish","type":"post","link":"https:\/\/haz.hr\/en\/2026\/08\/06\/haz-i-ove-godine-sudjelovao-na-sipanskoj-ljetnoj-skoli-u-dubrovniku\/","title":{"rendered":"HAZ i ove godine sudjelovao na \u0160ipanskoj ljetnoj \u0161koli u Dubrovniku"},"content":{"rendered":"<p class=\"has-text-align-left wp-block-paragraph\">Hrvatska akademska zajednica sudjelovala je na ovogodi\u0161njoj, 24. \u0160ipanskoj ljetnoj \u0161koli u Dubrovniku pod nazivom \u201eTrendovi pove\u0107anih izdvajanja za obranu i budu\u0107nost europske sigurnosti\u201c, koja se odr\u017eala u organizaciji zagreba\u010dkog ureda Hanns Seidel Stiftunga i Instituta za razvoj i me\u0111unarodne odnose (IRMO).<\/p>\n\n\n<div class=\"wp-block-image\">\n<figure class=\"aligncenter size-large is-resized\"><img fetchpriority=\"high\" decoding=\"async\" width=\"1024\" height=\"1024\" src=\"https:\/\/haz.hr\/wp-content\/uploads\/2026\/08\/WhatsApp-Image-2026-08-06-at-15.51.04-4-1024x1024.jpeg\" alt=\"\" class=\"wp-image-3879\" style=\"width:545px;height:auto\" srcset=\"https:\/\/haz.hr\/wp-content\/uploads\/2026\/08\/WhatsApp-Image-2026-08-06-at-15.51.04-4-1024x1024.jpeg 1024w, https:\/\/haz.hr\/wp-content\/uploads\/2026\/08\/WhatsApp-Image-2026-08-06-at-15.51.04-4-300x300.jpeg 300w, https:\/\/haz.hr\/wp-content\/uploads\/2026\/08\/WhatsApp-Image-2026-08-06-at-15.51.04-4-150x150.jpeg 150w, https:\/\/haz.hr\/wp-content\/uploads\/2026\/08\/WhatsApp-Image-2026-08-06-at-15.51.04-4-768x768.jpeg 768w, https:\/\/haz.hr\/wp-content\/uploads\/2026\/08\/WhatsApp-Image-2026-08-06-at-15.51.04-4-1536x1536.jpeg 1536w, https:\/\/haz.hr\/wp-content\/uploads\/2026\/08\/WhatsApp-Image-2026-08-06-at-15.51.04-4.jpeg 1600w\" sizes=\"(max-width: 1024px) 100vw, 1024px\" \/><\/figure>\n<\/div>\n\n\n<p class=\"has-text-align-left wp-block-paragraph\">Predstavnici HAZ-a aktivno su sudjelovali u raspravama posve\u0107enima aktualnim geopoliti\u010dkim temama, budu\u0107nosti transatlantskih odnosa, ulozi Europske unije u novonastalim okolnostima te strate\u0161koj va\u017enosti Atlantika kroz prizmu nacionalne i me\u0111unarodne sigurnosti. \u0160koli su prisustvovali brojni ugledni predava\u010di, znanstvenici i stru\u010dnjaci iz podru\u010dja sigurnosti i obrane, \u0161to je sudionicima omogu\u0107ilo izravan uvid u aktualna stru\u010dna i akademska promi\u0161ljanja o ovim temama.<\/p>\n\n\n<div class=\"wp-block-image\">\n<figure class=\"aligncenter size-large is-resized\"><img decoding=\"async\" width=\"768\" height=\"1024\" src=\"https:\/\/haz.hr\/wp-content\/uploads\/2026\/08\/WhatsApp-Image-2026-08-06-at-15.51.05-4-768x1024.jpeg\" alt=\"\" class=\"wp-image-3878\" style=\"width:511px;height:auto\" srcset=\"https:\/\/haz.hr\/wp-content\/uploads\/2026\/08\/WhatsApp-Image-2026-08-06-at-15.51.05-4-768x1024.jpeg 768w, https:\/\/haz.hr\/wp-content\/uploads\/2026\/08\/WhatsApp-Image-2026-08-06-at-15.51.05-4-225x300.jpeg 225w, https:\/\/haz.hr\/wp-content\/uploads\/2026\/08\/WhatsApp-Image-2026-08-06-at-15.51.05-4-1152x1536.jpeg 1152w, https:\/\/haz.hr\/wp-content\/uploads\/2026\/08\/WhatsApp-Image-2026-08-06-at-15.51.05-4.jpeg 1200w\" sizes=\"(max-width: 768px) 100vw, 768px\" \/><\/figure>\n<\/div>\n\n\n<p class=\"has-text-align-left wp-block-paragraph\"><br>Sudjelovanje na \u0160ipanskoj ljetnoj \u0161koli dio je kontinuirane suradnje HAZ-a i Zaklade Hanns Seidel, koja studentima i mladim istra\u017eiva\u010dima ve\u0107 godinama omogu\u0107ava uklju\u010divanje u rasprave o europskoj i svjetskoj politici.<\/p>\n\n\n\n<figure class=\"wp-block-image size-large\"><img decoding=\"async\" width=\"1024\" height=\"553\" src=\"https:\/\/haz.hr\/wp-content\/uploads\/2026\/08\/WhatsApp-Image-2026-08-06-at-15.51.05-1-3-e1786031163723-1024x553.jpeg\" alt=\"\" class=\"wp-image-3907\" srcset=\"https:\/\/haz.hr\/wp-content\/uploads\/2026\/08\/WhatsApp-Image-2026-08-06-at-15.51.05-1-3-e1786031163723-1024x553.jpeg 1024w, https:\/\/haz.hr\/wp-content\/uploads\/2026\/08\/WhatsApp-Image-2026-08-06-at-15.51.05-1-3-e1786031163723-300x162.jpeg 300w, https:\/\/haz.hr\/wp-content\/uploads\/2026\/08\/WhatsApp-Image-2026-08-06-at-15.51.05-1-3-e1786031163723-768x415.jpeg 768w, https:\/\/haz.hr\/wp-content\/uploads\/2026\/08\/WhatsApp-Image-2026-08-06-at-15.51.05-1-3-e1786031163723.jpeg 1200w\" sizes=\"(max-width: 1024px) 100vw, 1024px\" \/><\/figure>\n\n\n\n<figure class=\"wp-block-gallery has-nested-images columns-default is-cropped wp-block-gallery-1 is-layout-flex wp-block-gallery-is-layout-flex\">\n<figure class=\"wp-block-image size-large\"><img loading=\"lazy\" decoding=\"async\" width=\"768\" height=\"1024\" data-id=\"3868\" src=\"https:\/\/haz.hr\/wp-content\/uploads\/2026\/08\/WhatsApp-Image-2026-08-06-at-15.51.06-1-768x1024.jpeg\" alt=\"\" class=\"wp-image-3868\"\/><\/figure>\n\n\n\n<figure class=\"wp-block-image size-large\"><img decoding=\"async\" data-id=\"3869\" src=\"https:\/\/haz.hr\/wp-content\/uploads\/2026\/08\/WhatsApp-Image-2026-08-06-at-15.51.06-768x1024.jpeg\" alt=\"\" class=\"wp-image-3869\"\/><\/figure>\n\n\n\n<figure class=\"wp-block-image size-large\"><img loading=\"lazy\" decoding=\"async\" width=\"768\" height=\"1024\" data-id=\"3870\" src=\"https:\/\/haz.hr\/wp-content\/uploads\/2026\/08\/WhatsApp-Image-2026-08-06-at-15.51.05-3-768x1024.jpeg\" alt=\"\" class=\"wp-image-3870\" srcset=\"https:\/\/haz.hr\/wp-content\/uploads\/2026\/08\/WhatsApp-Image-2026-08-06-at-15.51.05-3-768x1024.jpeg 768w, https:\/\/haz.hr\/wp-content\/uploads\/2026\/08\/WhatsApp-Image-2026-08-06-at-15.51.05-3-225x300.jpeg 225w, https:\/\/haz.hr\/wp-content\/uploads\/2026\/08\/WhatsApp-Image-2026-08-06-at-15.51.05-3-1152x1536.jpeg 1152w, https:\/\/haz.hr\/wp-content\/uploads\/2026\/08\/WhatsApp-Image-2026-08-06-at-15.51.05-3.jpeg 1200w\" sizes=\"(max-width: 768px) 100vw, 768px\" \/><\/figure>\n\n\n\n<figure class=\"wp-block-image size-large\"><img loading=\"lazy\" decoding=\"async\" width=\"768\" height=\"1024\" data-id=\"3871\" src=\"https:\/\/haz.hr\/wp-content\/uploads\/2026\/08\/WhatsApp-Image-2026-08-06-at-15.51.05-2-768x1024.jpeg\" alt=\"\" class=\"wp-image-3871\" srcset=\"https:\/\/haz.hr\/wp-content\/uploads\/2026\/08\/WhatsApp-Image-2026-08-06-at-15.51.05-2-768x1024.jpeg 768w, https:\/\/haz.hr\/wp-content\/uploads\/2026\/08\/WhatsApp-Image-2026-08-06-at-15.51.05-2-225x300.jpeg 225w, https:\/\/haz.hr\/wp-content\/uploads\/2026\/08\/WhatsApp-Image-2026-08-06-at-15.51.05-2-1152x1536.jpeg 1152w, https:\/\/haz.hr\/wp-content\/uploads\/2026\/08\/WhatsApp-Image-2026-08-06-at-15.51.05-2.jpeg 1200w\" sizes=\"(max-width: 768px) 100vw, 768px\" \/><\/figure>\n\n\n\n<figure class=\"wp-block-image size-large\"><img loading=\"lazy\" decoding=\"async\" width=\"1024\" height=\"768\" data-id=\"3874\" src=\"https:\/\/haz.hr\/wp-content\/uploads\/2026\/08\/WhatsApp-Image-2026-08-06-at-15.51.04-2-1024x768.jpeg\" alt=\"\" class=\"wp-image-3874\" srcset=\"https:\/\/haz.hr\/wp-content\/uploads\/2026\/08\/WhatsApp-Image-2026-08-06-at-15.51.04-2-1024x768.jpeg 1024w, https:\/\/haz.hr\/wp-content\/uploads\/2026\/08\/WhatsApp-Image-2026-08-06-at-15.51.04-2-300x225.jpeg 300w, https:\/\/haz.hr\/wp-content\/uploads\/2026\/08\/WhatsApp-Image-2026-08-06-at-15.51.04-2-768x576.jpeg 768w, https:\/\/haz.hr\/wp-content\/uploads\/2026\/08\/WhatsApp-Image-2026-08-06-at-15.51.04-2-1536x1152.jpeg 1536w, https:\/\/haz.hr\/wp-content\/uploads\/2026\/08\/WhatsApp-Image-2026-08-06-at-15.51.04-2.jpeg 1600w\" sizes=\"(max-width: 1024px) 100vw, 1024px\" \/><\/figure>\n\n\n\n<figure class=\"wp-block-image size-large\"><img loading=\"lazy\" decoding=\"async\" width=\"768\" height=\"1024\" data-id=\"3875\" src=\"https:\/\/haz.hr\/wp-content\/uploads\/2026\/08\/WhatsApp-Image-2026-08-06-at-15.51.04-1-768x1024.jpeg\" alt=\"\" class=\"wp-image-3875\" srcset=\"https:\/\/haz.hr\/wp-content\/uploads\/2026\/08\/WhatsApp-Image-2026-08-06-at-15.51.04-1-768x1024.jpeg 768w, https:\/\/haz.hr\/wp-content\/uploads\/2026\/08\/WhatsApp-Image-2026-08-06-at-15.51.04-1-225x300.jpeg 225w, https:\/\/haz.hr\/wp-content\/uploads\/2026\/08\/WhatsApp-Image-2026-08-06-at-15.51.04-1-1152x1536.jpeg 1152w, https:\/\/haz.hr\/wp-content\/uploads\/2026\/08\/WhatsApp-Image-2026-08-06-at-15.51.04-1.jpeg 1200w\" sizes=\"(max-width: 768px) 100vw, 768px\" \/><\/figure>\n<\/figure>","protected":false},"excerpt":{"rendered":"<p>Hrvatska akademska zajednica sudjelovala je na ovogodi\u0161njoj, 24. \u0160ipanskoj ljetnoj \u0161koli u Dubrovniku pod nazivom \u201eTrendovi pove\u0107anih izdvajanja za obranu i budu\u0107nost europske sigurnosti\u201c, koja se odr\u017eala u organizaciji zagreba\u010dkog [&hellip;]<\/p>\n","protected":false},"author":23,"featured_media":3902,"comment_status":"open","ping_status":"open","sticky":false,"template":"","format":"standard","meta":{"footnotes":""},"categories":[14,10],"tags":[79,24,55,23,78],"class_list":["post-3864","post","type-post","status-publish","format-standard","has-post-thumbnail","hentry","category-haz-novosti","category-haz-unizg","tag-hanns-seidel-stiftung","tag-haz","tag-hrvatska-akademska-zajednica","tag-hrvatskaakademskazajednica","tag-irmo"],"yoast_head":"<!-- This site is optimized with the Yoast SEO plugin v23.7 - https:\/\/yoast.com\/wordpress\/plugins\/seo\/ -->\n<title>HAZ i ove godine sudjelovao na \u0160ipanskoj ljetnoj \u0161koli u Dubrovniku - HAZ<\/title>\n<meta name=\"robots\" content=\"index, follow, max-snippet:-1, max-image-preview:large, max-video-preview:-1\" \/>\n<link rel=\"canonical\" href=\"https:\/\/haz.hr\/en\/2026\/08\/06\/haz-i-ove-godine-sudjelovao-na-sipanskoj-ljetnoj-skoli-u-dubrovniku\/\" \/>\n<meta property=\"og:locale\" content=\"en_GB\" \/>\n<meta property=\"og:type\" content=\"article\" \/>\n<meta property=\"og:title\" content=\"HAZ i ove godine sudjelovao na \u0160ipanskoj ljetnoj \u0161koli u Dubrovniku - HAZ\" \/>\n<meta property=\"og:description\" content=\"Hrvatska akademska zajednica sudjelovala je na ovogodi\u0161njoj, 24. \u0160ipanskoj ljetnoj \u0161koli u Dubrovniku pod nazivom \u201eTrendovi pove\u0107anih izdvajanja za obranu i budu\u0107nost europske sigurnosti\u201c, koja se odr\u017eala u organizaciji zagreba\u010dkog [&hellip;]\" \/>\n<meta property=\"og:url\" content=\"https:\/\/haz.hr\/en\/2026\/08\/06\/haz-i-ove-godine-sudjelovao-na-sipanskoj-ljetnoj-skoli-u-dubrovniku\/\" \/>\n<meta property=\"og:site_name\" content=\"HAZ\" \/>\n<meta property=\"article:published_time\" content=\"2026-08-06T14:54:47+00:00\" \/>\n<meta property=\"article:modified_time\" content=\"2026-08-06T15:46:12+00:00\" \/>\n<meta property=\"og:image\" content=\"https:\/\/haz.hr\/wp-content\/uploads\/2026\/08\/WhatsApp-Image-2026-08-06-at-15.51.06-1-2.jpeg\" \/>\n\t<meta property=\"og:image:width\" content=\"894\" \/>\n\t<meta property=\"og:image:height\" content=\"440\" \/>\n\t<meta property=\"og:image:type\" content=\"image\/jpeg\" \/>\n<meta name=\"author\" content=\"Katja Be\u0161li\u0107\" \/>\n<meta name=\"twitter:card\" content=\"summary_large_image\" \/>\n<meta name=\"twitter:label1\" content=\"Written by\" \/>\n\t<meta name=\"twitter:data1\" content=\"Katja Be\u0161li\u0107\" \/>\n\t<meta name=\"twitter:label2\" content=\"Est. reading time\" \/>\n\t<meta name=\"twitter:data2\" content=\"3 minutes\" \/>\n<script type=\"application\/ld+json\" class=\"yoast-schema-graph\">{\"@context\":\"https:\/\/schema.org\",\"@graph\":[{\"@type\":\"Article\",\"@id\":\"https:\/\/haz.hr\/2026\/08\/06\/haz-i-ove-godine-sudjelovao-na-sipanskoj-ljetnoj-skoli-u-dubrovniku\/#article\",\"isPartOf\":{\"@id\":\"https:\/\/haz.hr\/2026\/08\/06\/haz-i-ove-godine-sudjelovao-na-sipanskoj-ljetnoj-skoli-u-dubrovniku\/\"},\"author\":{\"name\":\"Katja Be\u0161li\u0107\",\"@id\":\"https:\/\/haz.hr\/#\/schema\/person\/ca43c8e600048184e5d6fb7a03a19ace\"},\"headline\":\"HAZ i ove godine sudjelovao na \u0160ipanskoj ljetnoj \u0161koli u Dubrovniku\",\"datePublished\":\"2026-08-06T14:54:47+00:00\",\"dateModified\":\"2026-08-06T15:46:12+00:00\",\"mainEntityOfPage\":{\"@id\":\"https:\/\/haz.hr\/2026\/08\/06\/haz-i-ove-godine-sudjelovao-na-sipanskoj-ljetnoj-skoli-u-dubrovniku\/\"},\"wordCount\":163,\"commentCount\":0,\"publisher\":{\"@id\":\"https:\/\/haz.hr\/#organization\"},\"image\":{\"@id\":\"https:\/\/haz.hr\/2026\/08\/06\/haz-i-ove-godine-sudjelovao-na-sipanskoj-ljetnoj-skoli-u-dubrovniku\/#primaryimage\"},\"thumbnailUrl\":\"https:\/\/haz.hr\/wp-content\/uploads\/2026\/08\/WhatsApp-Image-2026-08-06-at-15.51.06-1-2.jpeg\",\"keywords\":[\"Hanns Seidel Stiftung\",\"HAZ\",\"hrvatska akademska zajednica\",\"hrvatskaakademskazajednica\",\"IRMO\"],\"articleSection\":[\"HAZ novosti\",\"HAZ UniZg novosti\"],\"inLanguage\":\"en-GB\",\"potentialAction\":[{\"@type\":\"CommentAction\",\"name\":\"Comment\",\"target\":[\"https:\/\/haz.hr\/2026\/08\/06\/haz-i-ove-godine-sudjelovao-na-sipanskoj-ljetnoj-skoli-u-dubrovniku\/#respond\"]}]},{\"@type\":\"WebPage\",\"@id\":\"https:\/\/haz.hr\/2026\/08\/06\/haz-i-ove-godine-sudjelovao-na-sipanskoj-ljetnoj-skoli-u-dubrovniku\/\",\"url\":\"https:\/\/haz.hr\/2026\/08\/06\/haz-i-ove-godine-sudjelovao-na-sipanskoj-ljetnoj-skoli-u-dubrovniku\/\",\"name\":\"HAZ i ove godine sudjelovao na \u0160ipanskoj ljetnoj \u0161koli u Dubrovniku - HAZ\",\"isPartOf\":{\"@id\":\"https:\/\/haz.hr\/#website\"},\"primaryImageOfPage\":{\"@id\":\"https:\/\/haz.hr\/2026\/08\/06\/haz-i-ove-godine-sudjelovao-na-sipanskoj-ljetnoj-skoli-u-dubrovniku\/#primaryimage\"},\"image\":{\"@id\":\"https:\/\/haz.hr\/2026\/08\/06\/haz-i-ove-godine-sudjelovao-na-sipanskoj-ljetnoj-skoli-u-dubrovniku\/#primaryimage\"},\"thumbnailUrl\":\"https:\/\/haz.hr\/wp-content\/uploads\/2026\/08\/WhatsApp-Image-2026-08-06-at-15.51.06-1-2.jpeg\",\"datePublished\":\"2026-08-06T14:54:47+00:00\",\"dateModified\":\"2026-08-06T15:46:12+00:00\",\"breadcrumb\":{\"@id\":\"https:\/\/haz.hr\/2026\/08\/06\/haz-i-ove-godine-sudjelovao-na-sipanskoj-ljetnoj-skoli-u-dubrovniku\/#breadcrumb\"},\"inLanguage\":\"en-GB\",\"potentialAction\":[{\"@type\":\"ReadAction\",\"target\":[\"https:\/\/haz.hr\/2026\/08\/06\/haz-i-ove-godine-sudjelovao-na-sipanskoj-ljetnoj-skoli-u-dubrovniku\/\"]}]},{\"@type\":\"ImageObject\",\"inLanguage\":\"en-GB\",\"@id\":\"https:\/\/haz.hr\/2026\/08\/06\/haz-i-ove-godine-sudjelovao-na-sipanskoj-ljetnoj-skoli-u-dubrovniku\/#primaryimage\",\"url\":\"https:\/\/haz.hr\/wp-content\/uploads\/2026\/08\/WhatsApp-Image-2026-08-06-at-15.51.06-1-2.jpeg\",\"contentUrl\":\"https:\/\/haz.hr\/wp-content\/uploads\/2026\/08\/WhatsApp-Image-2026-08-06-at-15.51.06-1-2.jpeg\",\"width\":894,\"height\":440},{\"@type\":\"BreadcrumbList\",\"@id\":\"https:\/\/haz.hr\/2026\/08\/06\/haz-i-ove-godine-sudjelovao-na-sipanskoj-ljetnoj-skoli-u-dubrovniku\/#breadcrumb\",\"itemListElement\":[{\"@type\":\"ListItem\",\"position\":1,\"name\":\"Home\",\"item\":\"https:\/\/haz.hr\/\"},{\"@type\":\"ListItem\",\"position\":2,\"name\":\"HAZ i ove godine sudjelovao na \u0160ipanskoj ljetnoj \u0161koli u Dubrovniku\"}]},{\"@type\":\"WebSite\",\"@id\":\"https:\/\/haz.hr\/#website\",\"url\":\"https:\/\/haz.hr\/\",\"name\":\"HAZ\",\"description\":\"Hrvatska akademska zajednica\",\"publisher\":{\"@id\":\"https:\/\/haz.hr\/#organization\"},\"potentialAction\":[{\"@type\":\"SearchAction\",\"target\":{\"@type\":\"EntryPoint\",\"urlTemplate\":\"https:\/\/haz.hr\/?s={search_term_string}\"},\"query-input\":{\"@type\":\"PropertyValueSpecification\",\"valueRequired\":true,\"valueName\":\"search_term_string\"}}],\"inLanguage\":\"en-GB\"},{\"@type\":\"Organization\",\"@id\":\"https:\/\/haz.hr\/#organization\",\"name\":\"HAZ\",\"url\":\"https:\/\/haz.hr\/\",\"logo\":{\"@type\":\"ImageObject\",\"inLanguage\":\"en-GB\",\"@id\":\"https:\/\/haz.hr\/#\/schema\/logo\/image\/\",\"url\":\"https:\/\/haz.hr\/wp-content\/uploads\/2022\/12\/cropped-HAZ_logo.png\",\"contentUrl\":\"https:\/\/haz.hr\/wp-content\/uploads\/2022\/12\/cropped-HAZ_logo.png\",\"width\":125,\"height\":76,\"caption\":\"HAZ\"},\"image\":{\"@id\":\"https:\/\/haz.hr\/#\/schema\/logo\/image\/\"}},{\"@type\":\"Person\",\"@id\":\"https:\/\/haz.hr\/#\/schema\/person\/ca43c8e600048184e5d6fb7a03a19ace\",\"name\":\"Katja Be\u0161li\u0107\",\"image\":{\"@type\":\"ImageObject\",\"inLanguage\":\"en-GB\",\"@id\":\"https:\/\/haz.hr\/#\/schema\/person\/image\/\",\"url\":\"https:\/\/secure.gravatar.com\/avatar\/1932f8bd81728da548743019d7a7aaf4c17118744d3fbc3218e23bc393b711b5?s=96&d=mm&r=g\",\"contentUrl\":\"https:\/\/secure.gravatar.com\/avatar\/1932f8bd81728da548743019d7a7aaf4c17118744d3fbc3218e23bc393b711b5?s=96&d=mm&r=g\",\"caption\":\"Katja Be\u0161li\u0107\"},\"sameAs\":[\"http:\/\/haz.hr\"],\"url\":\"https:\/\/haz.hr\/en\/author\/katja\/\"}]}<\/script>\n<!-- \/ Yoast SEO plugin. -->","yoast_head_json":{"title":"HAZ i ove godine sudjelovao na \u0160ipanskoj ljetnoj \u0161koli u Dubrovniku - HAZ","robots":{"index":"index","follow":"follow","max-snippet":"max-snippet:-1","max-image-preview":"max-image-preview:large","max-video-preview":"max-video-preview:-1"},"canonical":"https:\/\/haz.hr\/en\/2026\/08\/06\/haz-i-ove-godine-sudjelovao-na-sipanskoj-ljetnoj-skoli-u-dubrovniku\/","og_locale":"en_GB","og_type":"article","og_title":"HAZ i ove godine sudjelovao na \u0160ipanskoj ljetnoj \u0161koli u Dubrovniku - HAZ","og_description":"Hrvatska akademska zajednica sudjelovala je na ovogodi\u0161njoj, 24. \u0160ipanskoj ljetnoj \u0161koli u Dubrovniku pod nazivom \u201eTrendovi pove\u0107anih izdvajanja za obranu i budu\u0107nost europske sigurnosti\u201c, koja se odr\u017eala u organizaciji zagreba\u010dkog [&hellip;]","og_url":"https:\/\/haz.hr\/en\/2026\/08\/06\/haz-i-ove-godine-sudjelovao-na-sipanskoj-ljetnoj-skoli-u-dubrovniku\/","og_site_name":"HAZ","article_published_time":"2026-08-06T14:54:47+00:00","article_modified_time":"2026-08-06T15:46:12+00:00","og_image":[{"width":894,"height":440,"url":"https:\/\/haz.hr\/wp-content\/uploads\/2026\/08\/WhatsApp-Image-2026-08-06-at-15.51.06-1-2.jpeg","type":"image\/jpeg"}],"author":"Katja Be\u0161li\u0107","twitter_card":"summary_large_image","twitter_misc":{"Written by":"Katja Be\u0161li\u0107","Est. reading time":"3 minutes"},"schema":{"@context":"https:\/\/schema.org","@graph":[{"@type":"Article","@id":"https:\/\/haz.hr\/2026\/08\/06\/haz-i-ove-godine-sudjelovao-na-sipanskoj-ljetnoj-skoli-u-dubrovniku\/#article","isPartOf":{"@id":"https:\/\/haz.hr\/2026\/08\/06\/haz-i-ove-godine-sudjelovao-na-sipanskoj-ljetnoj-skoli-u-dubrovniku\/"},"author":{"name":"Katja Be\u0161li\u0107","@id":"https:\/\/haz.hr\/#\/schema\/person\/ca43c8e600048184e5d6fb7a03a19ace"},"headline":"HAZ i ove godine sudjelovao na \u0160ipanskoj ljetnoj \u0161koli u Dubrovniku","datePublished":"2026-08-06T14:54:47+00:00","dateModified":"2026-08-06T15:46:12+00:00","mainEntityOfPage":{"@id":"https:\/\/haz.hr\/2026\/08\/06\/haz-i-ove-godine-sudjelovao-na-sipanskoj-ljetnoj-skoli-u-dubrovniku\/"},"wordCount":163,"commentCount":0,"publisher":{"@id":"https:\/\/haz.hr\/#organization"},"image":{"@id":"https:\/\/haz.hr\/2026\/08\/06\/haz-i-ove-godine-sudjelovao-na-sipanskoj-ljetnoj-skoli-u-dubrovniku\/#primaryimage"},"thumbnailUrl":"https:\/\/haz.hr\/wp-content\/uploads\/2026\/08\/WhatsApp-Image-2026-08-06-at-15.51.06-1-2.jpeg","keywords":["Hanns Seidel Stiftung","HAZ","hrvatska akademska zajednica","hrvatskaakademskazajednica","IRMO"],"articleSection":["HAZ novosti","HAZ UniZg novosti"],"inLanguage":"en-GB","potentialAction":[{"@type":"CommentAction","name":"Comment","target":["https:\/\/haz.hr\/2026\/08\/06\/haz-i-ove-godine-sudjelovao-na-sipanskoj-ljetnoj-skoli-u-dubrovniku\/#respond"]}]},{"@type":"WebPage","@id":"https:\/\/haz.hr\/2026\/08\/06\/haz-i-ove-godine-sudjelovao-na-sipanskoj-ljetnoj-skoli-u-dubrovniku\/","url":"https:\/\/haz.hr\/2026\/08\/06\/haz-i-ove-godine-sudjelovao-na-sipanskoj-ljetnoj-skoli-u-dubrovniku\/","name":"HAZ i ove godine sudjelovao na \u0160ipanskoj ljetnoj \u0161koli u Dubrovniku - HAZ","isPartOf":{"@id":"https:\/\/haz.hr\/#website"},"primaryImageOfPage":{"@id":"https:\/\/haz.hr\/2026\/08\/06\/haz-i-ove-godine-sudjelovao-na-sipanskoj-ljetnoj-skoli-u-dubrovniku\/#primaryimage"},"image":{"@id":"https:\/\/haz.hr\/2026\/08\/06\/haz-i-ove-godine-sudjelovao-na-sipanskoj-ljetnoj-skoli-u-dubrovniku\/#primaryimage"},"thumbnailUrl":"https:\/\/haz.hr\/wp-content\/uploads\/2026\/08\/WhatsApp-Image-2026-08-06-at-15.51.06-1-2.jpeg","datePublished":"2026-08-06T14:54:47+00:00","dateModified":"2026-08-06T15:46:12+00:00","breadcrumb":{"@id":"https:\/\/haz.hr\/2026\/08\/06\/haz-i-ove-godine-sudjelovao-na-sipanskoj-ljetnoj-skoli-u-dubrovniku\/#breadcrumb"},"inLanguage":"en-GB","potentialAction":[{"@type":"ReadAction","target":["https:\/\/haz.hr\/2026\/08\/06\/haz-i-ove-godine-sudjelovao-na-sipanskoj-ljetnoj-skoli-u-dubrovniku\/"]}]},{"@type":"ImageObject","inLanguage":"en-GB","@id":"https:\/\/haz.hr\/2026\/08\/06\/haz-i-ove-godine-sudjelovao-na-sipanskoj-ljetnoj-skoli-u-dubrovniku\/#primaryimage","url":"https:\/\/haz.hr\/wp-content\/uploads\/2026\/08\/WhatsApp-Image-2026-08-06-at-15.51.06-1-2.jpeg","contentUrl":"https:\/\/haz.hr\/wp-content\/uploads\/2026\/08\/WhatsApp-Image-2026-08-06-at-15.51.06-1-2.jpeg","width":894,"height":440},{"@type":"BreadcrumbList","@id":"https:\/\/haz.hr\/2026\/08\/06\/haz-i-ove-godine-sudjelovao-na-sipanskoj-ljetnoj-skoli-u-dubrovniku\/#breadcrumb","itemListElement":[{"@type":"ListItem","position":1,"name":"Home","item":"https:\/\/haz.hr\/"},{"@type":"ListItem","position":2,"name":"HAZ i ove godine sudjelovao na \u0160ipanskoj ljetnoj \u0161koli u Dubrovniku"}]},{"@type":"WebSite","@id":"https:\/\/haz.hr\/#website","url":"https:\/\/haz.hr\/","name":"HAZ","description":"Croatian Academic Community","publisher":{"@id":"https:\/\/haz.hr\/#organization"},"potentialAction":[{"@type":"SearchAction","target":{"@type":"EntryPoint","urlTemplate":"https:\/\/haz.hr\/?s={search_term_string}"},"query-input":{"@type":"PropertyValueSpecification","valueRequired":true,"valueName":"search_term_string"}}],"inLanguage":"en-GB"},{"@type":"Organization","@id":"https:\/\/haz.hr\/#organization","name":"HAZ","url":"https:\/\/haz.hr\/","logo":{"@type":"ImageObject","inLanguage":"en-GB","@id":"https:\/\/haz.hr\/#\/schema\/logo\/image\/","url":"https:\/\/haz.hr\/wp-content\/uploads\/2022\/12\/cropped-HAZ_logo.png","contentUrl":"https:\/\/haz.hr\/wp-content\/uploads\/2022\/12\/cropped-HAZ_logo.png","width":125,"height":76,"caption":"HAZ"},"image":{"@id":"https:\/\/haz.hr\/#\/schema\/logo\/image\/"}},{"@type":"Person","@id":"https:\/\/haz.hr\/#\/schema\/person\/ca43c8e600048184e5d6fb7a03a19ace","name":"Katja Be\u0161li\u0107","image":{"@type":"ImageObject","inLanguage":"en-GB","@id":"https:\/\/haz.hr\/#\/schema\/person\/image\/","url":"https:\/\/secure.gravatar.com\/avatar\/1932f8bd81728da548743019d7a7aaf4c17118744d3fbc3218e23bc393b711b5?s=96&d=mm&r=g","contentUrl":"https:\/\/secure.gravatar.com\/avatar\/1932f8bd81728da548743019d7a7aaf4c17118744d3fbc3218e23bc393b711b5?s=96&d=mm&r=g","caption":"Katja Be\u0161li\u0107"},"sameAs":["http:\/\/haz.hr"],"url":"https:\/\/haz.hr\/en\/author\/katja\/"}]}},"_links":{"self":[{"href":"https:\/\/haz.hr\/en\/wp-json\/wp\/v2\/posts\/3864","targetHints":{"allow":["GET"]}}],"collection":[{"href":"https:\/\/haz.hr\/en\/wp-json\/wp\/v2\/posts"}],"about":[{"href":"https:\/\/haz.hr\/en\/wp-json\/wp\/v2\/types\/post"}],"author":[{"embeddable":true,"href":"https:\/\/haz.hr\/en\/wp-json\/wp\/v2\/users\/23"}],"replies":[{"embeddable":true,"href":"https:\/\/haz.hr\/en\/wp-json\/wp\/v2\/comments?post=3864"}],"version-history":[{"count":6,"href":"https:\/\/haz.hr\/en\/wp-json\/wp\/v2\/posts\/3864\/revisions"}],"predecessor-version":[{"id":3910,"href":"https:\/\/haz.hr\/en\/wp-json\/wp\/v2\/posts\/3864\/revisions\/3910"}],"wp:featuredmedia":[{"embeddable":true,"href":"https:\/\/haz.hr\/en\/wp-json\/wp\/v2\/media\/3902"}],"wp:attachment":[{"href":"https:\/\/haz.hr\/en\/wp-json\/wp\/v2\/media?parent=3864"}],"wp:term":[{"taxonomy":"category","embeddable":true,"href":"https:\/\/haz.hr\/en\/wp-json\/wp\/v2\/categories?post=3864"},{"taxonomy":"post_tag","embeddable":true,"href":"https:\/\/haz.hr\/en\/wp-json\/wp\/v2\/tags?post=3864"}],"curies":[{"name":"wp","href":"https:\/\/api.w.org\/{rel}","templated":true}]}}