{"id":3887,"date":"2026-08-06T15:29:27","date_gmt":"2026-08-06T15:29:27","guid":{"rendered":"https:\/\/haz.hr\/?p=3887"},"modified":"2026-08-06T15:29:29","modified_gmt":"2026-08-06T15:29:29","slug":"haz-na-summer-universityju-u-varsavi-ostvario-zapazen-uspjeh","status":"publish","type":"post","link":"https:\/\/haz.hr\/en\/2026\/08\/06\/haz-na-summer-universityju-u-varsavi-ostvario-zapazen-uspjeh\/","title":{"rendered":"HAZ na Summer Universityju u Var\u0161avi ostvario zapa\u017een uspjeh"},"content":{"rendered":"<p class=\"wp-block-paragraph\">Hrvatska akademska zajednica ostvarila je, do sada, najve\u0107i uspjeh na europskoj sceni. Na Summer Universityju Europske demokratske studentske organizacije (EDS) u Var\u0161avi,<strong> Filip Gaji\u0107 <\/strong>izabran je za novog glavnog tajnika (Secretary General) EDS-a, \u0161to predstavlja najve\u0107u i najutjecajniju funkciju koju je jedan predstavnik HAZ-a ikada obna\u0161ao u operativnom vodstvu ove paneuropske organizacije. Za supredsjedatelje (co-chairs) radnih tijela EDS-a izabrani su&nbsp; njegovi kolege iz Me\u0111unarodnog odbora, <strong>Domagoj Cigi\u0107<\/strong> i <strong>Vlatka Fapali<\/strong>, a delegaciji se pridru\u017eila i <strong>Lara \u010cur\u010dija<\/strong>.<\/p>\n\n\n\n<p class=\"wp-block-paragraph\">Hrvatska akademska zajednica ve\u0107 vi\u0161e od tri desetlje\u0107a gradi svoju me\u0111unarodnu prepoznatljivost, a njezin put unutar organizacije European Democrat Students (EDS), najve\u0107e europske studentske mre\u017ee desnog centra i slu\u017ebene studentske organizacije Europske pu\u010dke stranke (EPP), obilje\u017een je kontinuiranim radom, ali i najnovijim, dosad najve\u0107im me\u0111unarodnim uspjehom.<\/p>\n\n\n\n<p class=\"wp-block-paragraph\">Povijest suradnje se\u017ee u rane devedesete, nedugo nakon osnutka HAZ-a. Prve kontakte ostvario je prvi me\u0111unarodni tajnik HAZ-a Trpimir Majcan, a HAZ 1994. godine prvi put sudjeluje na Ljetnoj akademiji EDS-a u njema\u010dkom Greifswaldu. Nakon statusa promatra\u010da od 1994. i pridru\u017eenog \u010dlana od 1995., HAZ 1997. godine u gradu Konyi u Turskoj postaje punopravna \u010dlanica EDS-a. Tijekom desetlje\u0107a, Me\u0111unarodni odbor udruge gradio je \u010dvrste mostove s europskim partnerima, a zna\u010dajan zamah u novijoj povijesti dao je Karlo Kolesar. Kolesar je kao dugogodi\u0161nji istaknuti \u010dlan i aktualni nacionalni predsjednik HAZ-a obna\u0161ao du\u017enost dopredsjednika EDS-a u dva mandata od 2019. do 2021. godine te je bio izabran za supredsjedatelja radne skupine za visoko obrazovanje, \u010dime je postavio \u010dvrste temelje za visoku pozicioniranost Hrvatske u ovoj europskoj mre\u017ei.<\/p>\n\n\n\n<p class=\"wp-block-paragraph\">Generacijski kontinuitet nastavljen je i u godinama koje su uslijedile predanim radom novih \u010dlanova. Na Summer Universityju na Malti 2024. godine Filip Gaji\u0107 biva imenovan za vice chaira (dopredsjedatelja) unutar EDS-a, dok Nola Bo\u017ei\u0107 krajem iste godine preuzima vo\u0111enje dru\u0161tvenih mre\u017ea organizacije &#8211;&nbsp; ulogu koju s uspjehom obna\u0161a i danas, osiguravaju\u0107i komunikacijsku prepoznatljivost EDS-a na europskoj razini. Potom se u o\u017eujku 2025. godine, na Winter Universityju u Sofiji, radu me\u0111unarodnog tima priklju\u010duje Domagoj Cigi\u0107, \u010dime HAZ dodatno ja\u010da svoje kapacitete u radnim tijelima. U radu Me\u0111unarodnog odbora postojano djeluje i me\u0111unarodni tajnik Hrvoje Vrane\u0161, \u010dime je osigurana stabilna koordinacija svih aktivnosti.<\/p>\n\n\n\n<p class=\"wp-block-paragraph\">Ovi rezultati nisu samo priznanje kvaliteti rada pojedinaca, ve\u0107 i potvrda da Hrvatska akademska zajednica ima izravan utjecaj na oblikovanje obrazovnih politika i rezolucija koje se s razine EDS-a upu\u0107uju Europskoj komisiji i Europskom parlamentu. Za hrvatsku akademsku zajednicu to zna\u010di ja\u010du povezanost s europskim sveu\u010dili\u0161nim mre\u017eama, izravan glas u kreiranju budu\u0107nosti europskog visokog obrazovanja te potvrdu da hrvatska mlade\u017e ravnopravno predvodi europske procese.<\/p>\n\n\n\n<p class=\"wp-block-paragraph\"><\/p>\n\n\n\n<figure class=\"wp-block-gallery has-nested-images columns-default is-cropped wp-block-gallery-1 is-layout-flex wp-block-gallery-is-layout-flex\">\n<figure class=\"wp-block-image size-large\"><img fetchpriority=\"high\" decoding=\"async\" width=\"681\" height=\"1024\" data-id=\"3889\" src=\"https:\/\/haz.hr\/wp-content\/uploads\/2026\/08\/WhatsApp-Image-2026-08-06-at-15.52.01-1-681x1024.jpeg\" alt=\"\" class=\"wp-image-3889\" srcset=\"https:\/\/haz.hr\/wp-content\/uploads\/2026\/08\/WhatsApp-Image-2026-08-06-at-15.52.01-1-681x1024.jpeg 681w, https:\/\/haz.hr\/wp-content\/uploads\/2026\/08\/WhatsApp-Image-2026-08-06-at-15.52.01-1-200x300.jpeg 200w, https:\/\/haz.hr\/wp-content\/uploads\/2026\/08\/WhatsApp-Image-2026-08-06-at-15.52.01-1-768x1155.jpeg 768w, https:\/\/haz.hr\/wp-content\/uploads\/2026\/08\/WhatsApp-Image-2026-08-06-at-15.52.01-1-1021x1536.jpeg 1021w, https:\/\/haz.hr\/wp-content\/uploads\/2026\/08\/WhatsApp-Image-2026-08-06-at-15.52.01-1.jpeg 1064w\" sizes=\"(max-width: 681px) 100vw, 681px\" \/><\/figure>\n\n\n\n<figure class=\"wp-block-image size-large\"><img decoding=\"async\" width=\"1024\" height=\"681\" data-id=\"3892\" src=\"https:\/\/haz.hr\/wp-content\/uploads\/2026\/08\/WhatsApp-Image-2026-08-06-at-15.52.00-1024x681.jpeg\" alt=\"\" class=\"wp-image-3892\" srcset=\"https:\/\/haz.hr\/wp-content\/uploads\/2026\/08\/WhatsApp-Image-2026-08-06-at-15.52.00-1024x681.jpeg 1024w, https:\/\/haz.hr\/wp-content\/uploads\/2026\/08\/WhatsApp-Image-2026-08-06-at-15.52.00-300x200.jpeg 300w, https:\/\/haz.hr\/wp-content\/uploads\/2026\/08\/WhatsApp-Image-2026-08-06-at-15.52.00-768x511.jpeg 768w, https:\/\/haz.hr\/wp-content\/uploads\/2026\/08\/WhatsApp-Image-2026-08-06-at-15.52.00-1536x1021.jpeg 1536w, https:\/\/haz.hr\/wp-content\/uploads\/2026\/08\/WhatsApp-Image-2026-08-06-at-15.52.00.jpeg 1600w\" sizes=\"(max-width: 1024px) 100vw, 1024px\" \/><\/figure>\n\n\n\n<figure class=\"wp-block-image size-large\"><img decoding=\"async\" width=\"681\" height=\"1024\" data-id=\"3888\" src=\"https:\/\/haz.hr\/wp-content\/uploads\/2026\/08\/WhatsApp-Image-2026-08-06-at-15.52.02-681x1024.jpeg\" alt=\"\" class=\"wp-image-3888\" srcset=\"https:\/\/haz.hr\/wp-content\/uploads\/2026\/08\/WhatsApp-Image-2026-08-06-at-15.52.02-681x1024.jpeg 681w, https:\/\/haz.hr\/wp-content\/uploads\/2026\/08\/WhatsApp-Image-2026-08-06-at-15.52.02-200x300.jpeg 200w, https:\/\/haz.hr\/wp-content\/uploads\/2026\/08\/WhatsApp-Image-2026-08-06-at-15.52.02-768x1155.jpeg 768w, https:\/\/haz.hr\/wp-content\/uploads\/2026\/08\/WhatsApp-Image-2026-08-06-at-15.52.02-1021x1536.jpeg 1021w, https:\/\/haz.hr\/wp-content\/uploads\/2026\/08\/WhatsApp-Image-2026-08-06-at-15.52.02.jpeg 1064w\" sizes=\"(max-width: 681px) 100vw, 681px\" \/><\/figure>\n\n\n\n<figure class=\"wp-block-image size-large\"><img decoding=\"async\" data-id=\"3891\" src=\"https:\/\/haz.hr\/wp-content\/uploads\/2026\/08\/WhatsApp-Image-2026-08-06-at-15.52.00-1-768x1024.jpeg\" alt=\"\" class=\"wp-image-3891\"\/><\/figure>\n\n\n\n<figure class=\"wp-block-image size-large\"><img loading=\"lazy\" decoding=\"async\" width=\"1024\" height=\"681\" data-id=\"3890\" src=\"https:\/\/haz.hr\/wp-content\/uploads\/2026\/08\/WhatsApp-Image-2026-08-06-at-15.52.01-1024x681.jpeg\" alt=\"\" class=\"wp-image-3890\" srcset=\"https:\/\/haz.hr\/wp-content\/uploads\/2026\/08\/WhatsApp-Image-2026-08-06-at-15.52.01-1024x681.jpeg 1024w, https:\/\/haz.hr\/wp-content\/uploads\/2026\/08\/WhatsApp-Image-2026-08-06-at-15.52.01-300x200.jpeg 300w, https:\/\/haz.hr\/wp-content\/uploads\/2026\/08\/WhatsApp-Image-2026-08-06-at-15.52.01-768x511.jpeg 768w, https:\/\/haz.hr\/wp-content\/uploads\/2026\/08\/WhatsApp-Image-2026-08-06-at-15.52.01-1536x1021.jpeg 1536w, https:\/\/haz.hr\/wp-content\/uploads\/2026\/08\/WhatsApp-Image-2026-08-06-at-15.52.01.jpeg 1600w\" sizes=\"(max-width: 1024px) 100vw, 1024px\" \/><\/figure>\n<\/figure>","protected":false},"excerpt":{"rendered":"<p>Hrvatska akademska zajednica ostvarila je, do sada, najve\u0107i uspjeh na europskoj sceni. Na Summer Universityju Europske demokratske studentske organizacije (EDS) u Var\u0161avi, Filip Gaji\u0107 izabran je za novog glavnog tajnika [&hellip;]<\/p>\n","protected":false},"author":23,"featured_media":3891,"comment_status":"open","ping_status":"open","sticky":false,"template":"","format":"standard","meta":{"footnotes":""},"categories":[14,10],"tags":[80,24,55,23,81],"class_list":["post-3887","post","type-post","status-publish","format-standard","has-post-thumbnail","hentry","category-haz-novosti","category-haz-unizg","tag-eds","tag-haz","tag-hrvatska-akademska-zajednica","tag-hrvatskaakademskazajednica","tag-summer-university-varsava"],"yoast_head":"<!-- This site is optimized with the Yoast SEO plugin v23.7 - https:\/\/yoast.com\/wordpress\/plugins\/seo\/ -->\n<title>HAZ na Summer Universityju u Var\u0161avi ostvario zapa\u017een uspjeh - HAZ<\/title>\n<meta name=\"robots\" content=\"index, follow, max-snippet:-1, max-image-preview:large, max-video-preview:-1\" \/>\n<link rel=\"canonical\" href=\"https:\/\/haz.hr\/en\/2026\/08\/06\/haz-na-summer-universityju-u-varsavi-ostvario-zapazen-uspjeh\/\" \/>\n<meta property=\"og:locale\" content=\"en_GB\" \/>\n<meta property=\"og:type\" content=\"article\" \/>\n<meta property=\"og:title\" content=\"HAZ na Summer Universityju u Var\u0161avi ostvario zapa\u017een uspjeh - HAZ\" \/>\n<meta property=\"og:description\" content=\"Hrvatska akademska zajednica ostvarila je, do sada, najve\u0107i uspjeh na europskoj sceni. Na Summer Universityju Europske demokratske studentske organizacije (EDS) u Var\u0161avi, Filip Gaji\u0107 izabran je za novog glavnog tajnika [&hellip;]\" \/>\n<meta property=\"og:url\" content=\"https:\/\/haz.hr\/en\/2026\/08\/06\/haz-na-summer-universityju-u-varsavi-ostvario-zapazen-uspjeh\/\" \/>\n<meta property=\"og:site_name\" content=\"HAZ\" \/>\n<meta property=\"article:published_time\" content=\"2026-08-06T15:29:27+00:00\" \/>\n<meta property=\"article:modified_time\" content=\"2026-08-06T15:29:29+00:00\" \/>\n<meta property=\"og:image\" content=\"https:\/\/haz.hr\/wp-content\/uploads\/2026\/08\/WhatsApp-Image-2026-08-06-at-15.52.00-1-e1786029823344.jpeg\" \/>\n\t<meta property=\"og:image:width\" content=\"1200\" \/>\n\t<meta property=\"og:image:height\" content=\"820\" \/>\n\t<meta property=\"og:image:type\" content=\"image\/jpeg\" \/>\n<meta name=\"author\" content=\"Katja Be\u0161li\u0107\" \/>\n<meta name=\"twitter:card\" content=\"summary_large_image\" \/>\n<meta name=\"twitter:label1\" content=\"Written by\" \/>\n\t<meta name=\"twitter:data1\" content=\"Katja Be\u0161li\u0107\" \/>\n\t<meta name=\"twitter:label2\" content=\"Est. reading time\" \/>\n\t<meta name=\"twitter:data2\" content=\"4 minutes\" \/>\n<script type=\"application\/ld+json\" class=\"yoast-schema-graph\">{\"@context\":\"https:\/\/schema.org\",\"@graph\":[{\"@type\":\"Article\",\"@id\":\"https:\/\/haz.hr\/2026\/08\/06\/haz-na-summer-universityju-u-varsavi-ostvario-zapazen-uspjeh\/#article\",\"isPartOf\":{\"@id\":\"https:\/\/haz.hr\/2026\/08\/06\/haz-na-summer-universityju-u-varsavi-ostvario-zapazen-uspjeh\/\"},\"author\":{\"name\":\"Katja Be\u0161li\u0107\",\"@id\":\"https:\/\/haz.hr\/#\/schema\/person\/ca43c8e600048184e5d6fb7a03a19ace\"},\"headline\":\"HAZ na Summer Universityju u Var\u0161avi ostvario zapa\u017een uspjeh\",\"datePublished\":\"2026-08-06T15:29:27+00:00\",\"dateModified\":\"2026-08-06T15:29:29+00:00\",\"mainEntityOfPage\":{\"@id\":\"https:\/\/haz.hr\/2026\/08\/06\/haz-na-summer-universityju-u-varsavi-ostvario-zapazen-uspjeh\/\"},\"wordCount\":466,\"commentCount\":0,\"publisher\":{\"@id\":\"https:\/\/haz.hr\/#organization\"},\"image\":{\"@id\":\"https:\/\/haz.hr\/2026\/08\/06\/haz-na-summer-universityju-u-varsavi-ostvario-zapazen-uspjeh\/#primaryimage\"},\"thumbnailUrl\":\"https:\/\/haz.hr\/wp-content\/uploads\/2026\/08\/WhatsApp-Image-2026-08-06-at-15.52.00-1-e1786029823344.jpeg\",\"keywords\":[\"EDS\",\"HAZ\",\"hrvatska akademska zajednica\",\"hrvatskaakademskazajednica\",\"Summer University Var\u0161ava\"],\"articleSection\":[\"HAZ novosti\",\"HAZ UniZg novosti\"],\"inLanguage\":\"en-GB\",\"potentialAction\":[{\"@type\":\"CommentAction\",\"name\":\"Comment\",\"target\":[\"https:\/\/haz.hr\/2026\/08\/06\/haz-na-summer-universityju-u-varsavi-ostvario-zapazen-uspjeh\/#respond\"]}]},{\"@type\":\"WebPage\",\"@id\":\"https:\/\/haz.hr\/2026\/08\/06\/haz-na-summer-universityju-u-varsavi-ostvario-zapazen-uspjeh\/\",\"url\":\"https:\/\/haz.hr\/2026\/08\/06\/haz-na-summer-universityju-u-varsavi-ostvario-zapazen-uspjeh\/\",\"name\":\"HAZ na Summer Universityju u Var\u0161avi ostvario zapa\u017een uspjeh - HAZ\",\"isPartOf\":{\"@id\":\"https:\/\/haz.hr\/#website\"},\"primaryImageOfPage\":{\"@id\":\"https:\/\/haz.hr\/2026\/08\/06\/haz-na-summer-universityju-u-varsavi-ostvario-zapazen-uspjeh\/#primaryimage\"},\"image\":{\"@id\":\"https:\/\/haz.hr\/2026\/08\/06\/haz-na-summer-universityju-u-varsavi-ostvario-zapazen-uspjeh\/#primaryimage\"},\"thumbnailUrl\":\"https:\/\/haz.hr\/wp-content\/uploads\/2026\/08\/WhatsApp-Image-2026-08-06-at-15.52.00-1-e1786029823344.jpeg\",\"datePublished\":\"2026-08-06T15:29:27+00:00\",\"dateModified\":\"2026-08-06T15:29:29+00:00\",\"breadcrumb\":{\"@id\":\"https:\/\/haz.hr\/2026\/08\/06\/haz-na-summer-universityju-u-varsavi-ostvario-zapazen-uspjeh\/#breadcrumb\"},\"inLanguage\":\"en-GB\",\"potentialAction\":[{\"@type\":\"ReadAction\",\"target\":[\"https:\/\/haz.hr\/2026\/08\/06\/haz-na-summer-universityju-u-varsavi-ostvario-zapazen-uspjeh\/\"]}]},{\"@type\":\"ImageObject\",\"inLanguage\":\"en-GB\",\"@id\":\"https:\/\/haz.hr\/2026\/08\/06\/haz-na-summer-universityju-u-varsavi-ostvario-zapazen-uspjeh\/#primaryimage\",\"url\":\"https:\/\/haz.hr\/wp-content\/uploads\/2026\/08\/WhatsApp-Image-2026-08-06-at-15.52.00-1-e1786029823344.jpeg\",\"contentUrl\":\"https:\/\/haz.hr\/wp-content\/uploads\/2026\/08\/WhatsApp-Image-2026-08-06-at-15.52.00-1-e1786029823344.jpeg\",\"width\":1200,\"height\":820},{\"@type\":\"BreadcrumbList\",\"@id\":\"https:\/\/haz.hr\/2026\/08\/06\/haz-na-summer-universityju-u-varsavi-ostvario-zapazen-uspjeh\/#breadcrumb\",\"itemListElement\":[{\"@type\":\"ListItem\",\"position\":1,\"name\":\"Home\",\"item\":\"https:\/\/haz.hr\/\"},{\"@type\":\"ListItem\",\"position\":2,\"name\":\"HAZ na Summer Universityju u Var\u0161avi ostvario zapa\u017een uspjeh\"}]},{\"@type\":\"WebSite\",\"@id\":\"https:\/\/haz.hr\/#website\",\"url\":\"https:\/\/haz.hr\/\",\"name\":\"HAZ\",\"description\":\"Hrvatska akademska zajednica\",\"publisher\":{\"@id\":\"https:\/\/haz.hr\/#organization\"},\"potentialAction\":[{\"@type\":\"SearchAction\",\"target\":{\"@type\":\"EntryPoint\",\"urlTemplate\":\"https:\/\/haz.hr\/?s={search_term_string}\"},\"query-input\":{\"@type\":\"PropertyValueSpecification\",\"valueRequired\":true,\"valueName\":\"search_term_string\"}}],\"inLanguage\":\"en-GB\"},{\"@type\":\"Organization\",\"@id\":\"https:\/\/haz.hr\/#organization\",\"name\":\"HAZ\",\"url\":\"https:\/\/haz.hr\/\",\"logo\":{\"@type\":\"ImageObject\",\"inLanguage\":\"en-GB\",\"@id\":\"https:\/\/haz.hr\/#\/schema\/logo\/image\/\",\"url\":\"https:\/\/haz.hr\/wp-content\/uploads\/2022\/12\/cropped-HAZ_logo.png\",\"contentUrl\":\"https:\/\/haz.hr\/wp-content\/uploads\/2022\/12\/cropped-HAZ_logo.png\",\"width\":125,\"height\":76,\"caption\":\"HAZ\"},\"image\":{\"@id\":\"https:\/\/haz.hr\/#\/schema\/logo\/image\/\"}},{\"@type\":\"Person\",\"@id\":\"https:\/\/haz.hr\/#\/schema\/person\/ca43c8e600048184e5d6fb7a03a19ace\",\"name\":\"Katja Be\u0161li\u0107\",\"image\":{\"@type\":\"ImageObject\",\"inLanguage\":\"en-GB\",\"@id\":\"https:\/\/haz.hr\/#\/schema\/person\/image\/\",\"url\":\"https:\/\/secure.gravatar.com\/avatar\/1932f8bd81728da548743019d7a7aaf4c17118744d3fbc3218e23bc393b711b5?s=96&d=mm&r=g\",\"contentUrl\":\"https:\/\/secure.gravatar.com\/avatar\/1932f8bd81728da548743019d7a7aaf4c17118744d3fbc3218e23bc393b711b5?s=96&d=mm&r=g\",\"caption\":\"Katja Be\u0161li\u0107\"},\"sameAs\":[\"http:\/\/haz.hr\"],\"url\":\"https:\/\/haz.hr\/en\/author\/katja\/\"}]}<\/script>\n<!-- \/ Yoast SEO plugin. -->","yoast_head_json":{"title":"HAZ na Summer Universityju u Var\u0161avi ostvario zapa\u017een uspjeh - HAZ","robots":{"index":"index","follow":"follow","max-snippet":"max-snippet:-1","max-image-preview":"max-image-preview:large","max-video-preview":"max-video-preview:-1"},"canonical":"https:\/\/haz.hr\/en\/2026\/08\/06\/haz-na-summer-universityju-u-varsavi-ostvario-zapazen-uspjeh\/","og_locale":"en_GB","og_type":"article","og_title":"HAZ na Summer Universityju u Var\u0161avi ostvario zapa\u017een uspjeh - HAZ","og_description":"Hrvatska akademska zajednica ostvarila je, do sada, najve\u0107i uspjeh na europskoj sceni. Na Summer Universityju Europske demokratske studentske organizacije (EDS) u Var\u0161avi, Filip Gaji\u0107 izabran je za novog glavnog tajnika [&hellip;]","og_url":"https:\/\/haz.hr\/en\/2026\/08\/06\/haz-na-summer-universityju-u-varsavi-ostvario-zapazen-uspjeh\/","og_site_name":"HAZ","article_published_time":"2026-08-06T15:29:27+00:00","article_modified_time":"2026-08-06T15:29:29+00:00","og_image":[{"width":1200,"height":820,"url":"https:\/\/haz.hr\/wp-content\/uploads\/2026\/08\/WhatsApp-Image-2026-08-06-at-15.52.00-1-e1786029823344.jpeg","type":"image\/jpeg"}],"author":"Katja Be\u0161li\u0107","twitter_card":"summary_large_image","twitter_misc":{"Written by":"Katja Be\u0161li\u0107","Est. reading time":"4 minutes"},"schema":{"@context":"https:\/\/schema.org","@graph":[{"@type":"Article","@id":"https:\/\/haz.hr\/2026\/08\/06\/haz-na-summer-universityju-u-varsavi-ostvario-zapazen-uspjeh\/#article","isPartOf":{"@id":"https:\/\/haz.hr\/2026\/08\/06\/haz-na-summer-universityju-u-varsavi-ostvario-zapazen-uspjeh\/"},"author":{"name":"Katja Be\u0161li\u0107","@id":"https:\/\/haz.hr\/#\/schema\/person\/ca43c8e600048184e5d6fb7a03a19ace"},"headline":"HAZ na Summer Universityju u Var\u0161avi ostvario zapa\u017een uspjeh","datePublished":"2026-08-06T15:29:27+00:00","dateModified":"2026-08-06T15:29:29+00:00","mainEntityOfPage":{"@id":"https:\/\/haz.hr\/2026\/08\/06\/haz-na-summer-universityju-u-varsavi-ostvario-zapazen-uspjeh\/"},"wordCount":466,"commentCount":0,"publisher":{"@id":"https:\/\/haz.hr\/#organization"},"image":{"@id":"https:\/\/haz.hr\/2026\/08\/06\/haz-na-summer-universityju-u-varsavi-ostvario-zapazen-uspjeh\/#primaryimage"},"thumbnailUrl":"https:\/\/haz.hr\/wp-content\/uploads\/2026\/08\/WhatsApp-Image-2026-08-06-at-15.52.00-1-e1786029823344.jpeg","keywords":["EDS","HAZ","hrvatska akademska zajednica","hrvatskaakademskazajednica","Summer University Var\u0161ava"],"articleSection":["HAZ novosti","HAZ UniZg novosti"],"inLanguage":"en-GB","potentialAction":[{"@type":"CommentAction","name":"Comment","target":["https:\/\/haz.hr\/2026\/08\/06\/haz-na-summer-universityju-u-varsavi-ostvario-zapazen-uspjeh\/#respond"]}]},{"@type":"WebPage","@id":"https:\/\/haz.hr\/2026\/08\/06\/haz-na-summer-universityju-u-varsavi-ostvario-zapazen-uspjeh\/","url":"https:\/\/haz.hr\/2026\/08\/06\/haz-na-summer-universityju-u-varsavi-ostvario-zapazen-uspjeh\/","name":"HAZ na Summer Universityju u Var\u0161avi ostvario zapa\u017een uspjeh - HAZ","isPartOf":{"@id":"https:\/\/haz.hr\/#website"},"primaryImageOfPage":{"@id":"https:\/\/haz.hr\/2026\/08\/06\/haz-na-summer-universityju-u-varsavi-ostvario-zapazen-uspjeh\/#primaryimage"},"image":{"@id":"https:\/\/haz.hr\/2026\/08\/06\/haz-na-summer-universityju-u-varsavi-ostvario-zapazen-uspjeh\/#primaryimage"},"thumbnailUrl":"https:\/\/haz.hr\/wp-content\/uploads\/2026\/08\/WhatsApp-Image-2026-08-06-at-15.52.00-1-e1786029823344.jpeg","datePublished":"2026-08-06T15:29:27+00:00","dateModified":"2026-08-06T15:29:29+00:00","breadcrumb":{"@id":"https:\/\/haz.hr\/2026\/08\/06\/haz-na-summer-universityju-u-varsavi-ostvario-zapazen-uspjeh\/#breadcrumb"},"inLanguage":"en-GB","potentialAction":[{"@type":"ReadAction","target":["https:\/\/haz.hr\/2026\/08\/06\/haz-na-summer-universityju-u-varsavi-ostvario-zapazen-uspjeh\/"]}]},{"@type":"ImageObject","inLanguage":"en-GB","@id":"https:\/\/haz.hr\/2026\/08\/06\/haz-na-summer-universityju-u-varsavi-ostvario-zapazen-uspjeh\/#primaryimage","url":"https:\/\/haz.hr\/wp-content\/uploads\/2026\/08\/WhatsApp-Image-2026-08-06-at-15.52.00-1-e1786029823344.jpeg","contentUrl":"https:\/\/haz.hr\/wp-content\/uploads\/2026\/08\/WhatsApp-Image-2026-08-06-at-15.52.00-1-e1786029823344.jpeg","width":1200,"height":820},{"@type":"BreadcrumbList","@id":"https:\/\/haz.hr\/2026\/08\/06\/haz-na-summer-universityju-u-varsavi-ostvario-zapazen-uspjeh\/#breadcrumb","itemListElement":[{"@type":"ListItem","position":1,"name":"Home","item":"https:\/\/haz.hr\/"},{"@type":"ListItem","position":2,"name":"HAZ na Summer Universityju u Var\u0161avi ostvario zapa\u017een uspjeh"}]},{"@type":"WebSite","@id":"https:\/\/haz.hr\/#website","url":"https:\/\/haz.hr\/","name":"HAZ","description":"Croatian Academic Community","publisher":{"@id":"https:\/\/haz.hr\/#organization"},"potentialAction":[{"@type":"SearchAction","target":{"@type":"EntryPoint","urlTemplate":"https:\/\/haz.hr\/?s={search_term_string}"},"query-input":{"@type":"PropertyValueSpecification","valueRequired":true,"valueName":"search_term_string"}}],"inLanguage":"en-GB"},{"@type":"Organization","@id":"https:\/\/haz.hr\/#organization","name":"HAZ","url":"https:\/\/haz.hr\/","logo":{"@type":"ImageObject","inLanguage":"en-GB","@id":"https:\/\/haz.hr\/#\/schema\/logo\/image\/","url":"https:\/\/haz.hr\/wp-content\/uploads\/2022\/12\/cropped-HAZ_logo.png","contentUrl":"https:\/\/haz.hr\/wp-content\/uploads\/2022\/12\/cropped-HAZ_logo.png","width":125,"height":76,"caption":"HAZ"},"image":{"@id":"https:\/\/haz.hr\/#\/schema\/logo\/image\/"}},{"@type":"Person","@id":"https:\/\/haz.hr\/#\/schema\/person\/ca43c8e600048184e5d6fb7a03a19ace","name":"Katja Be\u0161li\u0107","image":{"@type":"ImageObject","inLanguage":"en-GB","@id":"https:\/\/haz.hr\/#\/schema\/person\/image\/","url":"https:\/\/secure.gravatar.com\/avatar\/1932f8bd81728da548743019d7a7aaf4c17118744d3fbc3218e23bc393b711b5?s=96&d=mm&r=g","contentUrl":"https:\/\/secure.gravatar.com\/avatar\/1932f8bd81728da548743019d7a7aaf4c17118744d3fbc3218e23bc393b711b5?s=96&d=mm&r=g","caption":"Katja Be\u0161li\u0107"},"sameAs":["http:\/\/haz.hr"],"url":"https:\/\/haz.hr\/en\/author\/katja\/"}]}},"_links":{"self":[{"href":"https:\/\/haz.hr\/en\/wp-json\/wp\/v2\/posts\/3887","targetHints":{"allow":["GET"]}}],"collection":[{"href":"https:\/\/haz.hr\/en\/wp-json\/wp\/v2\/posts"}],"about":[{"href":"https:\/\/haz.hr\/en\/wp-json\/wp\/v2\/types\/post"}],"author":[{"embeddable":true,"href":"https:\/\/haz.hr\/en\/wp-json\/wp\/v2\/users\/23"}],"replies":[{"embeddable":true,"href":"https:\/\/haz.hr\/en\/wp-json\/wp\/v2\/comments?post=3887"}],"version-history":[{"count":1,"href":"https:\/\/haz.hr\/en\/wp-json\/wp\/v2\/posts\/3887\/revisions"}],"predecessor-version":[{"id":3893,"href":"https:\/\/haz.hr\/en\/wp-json\/wp\/v2\/posts\/3887\/revisions\/3893"}],"wp:featuredmedia":[{"embeddable":true,"href":"https:\/\/haz.hr\/en\/wp-json\/wp\/v2\/media\/3891"}],"wp:attachment":[{"href":"https:\/\/haz.hr\/en\/wp-json\/wp\/v2\/media?parent=3887"}],"wp:term":[{"taxonomy":"category","embeddable":true,"href":"https:\/\/haz.hr\/en\/wp-json\/wp\/v2\/categories?post=3887"},{"taxonomy":"post_tag","embeddable":true,"href":"https:\/\/haz.hr\/en\/wp-json\/wp\/v2\/tags?post=3887"}],"curies":[{"name":"wp","href":"https:\/\/api.w.org\/{rel}","templated":true}]}}