{"id":97,"date":"2017-04-30T00:00:34","date_gmt":"2017-04-29T23:00:34","guid":{"rendered":"http:\/\/haz.hr\/?p=97"},"modified":"2023-02-09T13:37:25","modified_gmt":"2023-02-09T13:37:25","slug":"hrvatska-akademska-zajednica-sudjelovati-ce-na-humanitarnom-malonogometnom-turniru-6-i-7-svibnja-za-prikupljanje-sredstava-za-centar-za-odgoj-i-obrazovanje-slava-raskaj","status":"publish","type":"post","link":"https:\/\/haz.hr\/en\/2017\/04\/30\/hrvatska-akademska-zajednica-sudjelovati-ce-na-humanitarnom-malonogometnom-turniru-6-i-7-svibnja-za-prikupljanje-sredstava-za-centar-za-odgoj-i-obrazovanje-slava-raskaj\/","title":{"rendered":"Hrvatska akademska zajednica sudjelovat \u0107e na humanitarnom malonogometnom turniru 6. i 7. svibnja za prikupljanje sredstava za Centar za odgoj i obrazovanje &#8220;Slava Ra\u0161kaj&#8221;."},"content":{"rendered":"<p>Do\u0111ite i modrite nas! Kapetan mom\u010dadi je na\u0161 glavni tajnik&nbsp;Luka Radi\u0107.<\/p>\n<p>Kopa\u010dka solidarnosti ve\u0107 se godinama odr\u017eava s jednim ciljem, a to je povezati studente i poduze\u0107a kako bi ih na zabavan i rekreativan na\u010din potakli da sudjeluju u humanitarnoj akciji. Ove godine prikupljena nov\u010dana sredstva bit \u0107e donirana Centru za odgoj i obrazovanje \u201cSlava Ra\u0161kaj\u201d \u010dija je osnovna djelatnost rehabilitacija, odgoj i obrazovanje djece i mlade\u017ei o\u0161te\u0107enog sluha te djece s komunikacijskim pote\u0161ko\u0107ama, s ciljem da postanu nezavisne, odgovorne i sretne osobe.<\/p>","protected":false},"excerpt":{"rendered":"<p>Do\u0111ite i modrite nas! Kapetan mom\u010dadi je na\u0161 glavni tajnik&nbsp;Luka Radi\u0107. Kopa\u010dka solidarnosti ve\u0107 se godinama odr\u017eava s jednim ciljem, a to je povezati studente i poduze\u0107a kako bi ih [&hellip;]<\/p>\n","protected":false},"author":1,"featured_media":2287,"comment_status":"open","ping_status":"open","sticky":false,"template":"","format":"standard","meta":{"footnotes":""},"categories":[14],"tags":[],"class_list":["post-97","post","type-post","status-publish","format-standard","has-post-thumbnail","hentry","category-haz-novosti"],"yoast_head":"<!-- This site is optimized with the Yoast SEO plugin v23.7 - https:\/\/yoast.com\/wordpress\/plugins\/seo\/ -->\n<title>Hrvatska akademska zajednica sudjelovat \u0107e na humanitarnom malonogometnom turniru 6. i 7. svibnja za prikupljanje sredstava za Centar za odgoj i obrazovanje &quot;Slava Ra\u0161kaj&quot;. - HAZ<\/title>\n<meta name=\"robots\" content=\"index, follow, max-snippet:-1, max-image-preview:large, max-video-preview:-1\" \/>\n<link rel=\"canonical\" href=\"https:\/\/haz.hr\/en\/2017\/04\/30\/hrvatska-akademska-zajednica-sudjelovati-ce-na-humanitarnom-malonogometnom-turniru-6-i-7-svibnja-za-prikupljanje-sredstava-za-centar-za-odgoj-i-obrazovanje-slava-raskaj\/\" \/>\n<meta property=\"og:locale\" content=\"en_GB\" \/>\n<meta property=\"og:type\" content=\"article\" \/>\n<meta property=\"og:title\" content=\"Hrvatska akademska zajednica sudjelovat \u0107e na humanitarnom malonogometnom turniru 6. i 7. svibnja za prikupljanje sredstava za Centar za odgoj i obrazovanje &quot;Slava Ra\u0161kaj&quot;. - HAZ\" \/>\n<meta property=\"og:description\" content=\"Do\u0111ite i modrite nas! Kapetan mom\u010dadi je na\u0161 glavni tajnik&nbsp;Luka Radi\u0107. Kopa\u010dka solidarnosti ve\u0107 se godinama odr\u017eava s jednim ciljem, a to je povezati studente i poduze\u0107a kako bi ih [&hellip;]\" \/>\n<meta property=\"og:url\" content=\"https:\/\/haz.hr\/en\/2017\/04\/30\/hrvatska-akademska-zajednica-sudjelovati-ce-na-humanitarnom-malonogometnom-turniru-6-i-7-svibnja-za-prikupljanje-sredstava-za-centar-za-odgoj-i-obrazovanje-slava-raskaj\/\" \/>\n<meta property=\"og:site_name\" content=\"HAZ\" \/>\n<meta property=\"article:published_time\" content=\"2017-04-29T23:00:34+00:00\" \/>\n<meta property=\"article:modified_time\" content=\"2023-02-09T13:37:25+00:00\" \/>\n<meta property=\"og:image\" content=\"https:\/\/haz.hr\/wp-content\/uploads\/2017\/08\/kopacka.jpg\" \/>\n\t<meta property=\"og:image:width\" content=\"960\" \/>\n\t<meta property=\"og:image:height\" content=\"540\" \/>\n\t<meta property=\"og:image:type\" content=\"image\/jpeg\" \/>\n<meta name=\"author\" content=\"JT-design\" \/>\n<meta name=\"twitter:card\" content=\"summary_large_image\" \/>\n<meta name=\"twitter:label1\" content=\"Written by\" \/>\n\t<meta name=\"twitter:data1\" content=\"JT-design\" \/>\n\t<meta name=\"twitter:label2\" content=\"Est. reading time\" \/>\n\t<meta name=\"twitter:data2\" content=\"1 minute\" \/>\n<script type=\"application\/ld+json\" class=\"yoast-schema-graph\">{\"@context\":\"https:\/\/schema.org\",\"@graph\":[{\"@type\":\"Article\",\"@id\":\"https:\/\/haz.hr\/2017\/04\/30\/hrvatska-akademska-zajednica-sudjelovati-ce-na-humanitarnom-malonogometnom-turniru-6-i-7-svibnja-za-prikupljanje-sredstava-za-centar-za-odgoj-i-obrazovanje-slava-raskaj\/#article\",\"isPartOf\":{\"@id\":\"https:\/\/haz.hr\/2017\/04\/30\/hrvatska-akademska-zajednica-sudjelovati-ce-na-humanitarnom-malonogometnom-turniru-6-i-7-svibnja-za-prikupljanje-sredstava-za-centar-za-odgoj-i-obrazovanje-slava-raskaj\/\"},\"author\":{\"name\":\"JT-design\",\"@id\":\"https:\/\/haz.hr\/#\/schema\/person\/438892ce514665613f7cd5bb7a19213a\"},\"headline\":\"Hrvatska akademska zajednica sudjelovat \u0107e na humanitarnom malonogometnom turniru 6. i 7. svibnja za prikupljanje sredstava za Centar za odgoj i obrazovanje &#8220;Slava Ra\u0161kaj&#8221;.\",\"datePublished\":\"2017-04-29T23:00:34+00:00\",\"dateModified\":\"2023-02-09T13:37:25+00:00\",\"mainEntityOfPage\":{\"@id\":\"https:\/\/haz.hr\/2017\/04\/30\/hrvatska-akademska-zajednica-sudjelovati-ce-na-humanitarnom-malonogometnom-turniru-6-i-7-svibnja-za-prikupljanje-sredstava-za-centar-za-odgoj-i-obrazovanje-slava-raskaj\/\"},\"wordCount\":121,\"commentCount\":0,\"publisher\":{\"@id\":\"https:\/\/haz.hr\/#organization\"},\"image\":{\"@id\":\"https:\/\/haz.hr\/2017\/04\/30\/hrvatska-akademska-zajednica-sudjelovati-ce-na-humanitarnom-malonogometnom-turniru-6-i-7-svibnja-za-prikupljanje-sredstava-za-centar-za-odgoj-i-obrazovanje-slava-raskaj\/#primaryimage\"},\"thumbnailUrl\":\"https:\/\/haz.hr\/wp-content\/uploads\/2017\/08\/kopacka.jpg\",\"articleSection\":[\"HAZ novosti\"],\"inLanguage\":\"en-GB\",\"potentialAction\":[{\"@type\":\"CommentAction\",\"name\":\"Comment\",\"target\":[\"https:\/\/haz.hr\/2017\/04\/30\/hrvatska-akademska-zajednica-sudjelovati-ce-na-humanitarnom-malonogometnom-turniru-6-i-7-svibnja-za-prikupljanje-sredstava-za-centar-za-odgoj-i-obrazovanje-slava-raskaj\/#respond\"]}]},{\"@type\":\"WebPage\",\"@id\":\"https:\/\/haz.hr\/2017\/04\/30\/hrvatska-akademska-zajednica-sudjelovati-ce-na-humanitarnom-malonogometnom-turniru-6-i-7-svibnja-za-prikupljanje-sredstava-za-centar-za-odgoj-i-obrazovanje-slava-raskaj\/\",\"url\":\"https:\/\/haz.hr\/2017\/04\/30\/hrvatska-akademska-zajednica-sudjelovati-ce-na-humanitarnom-malonogometnom-turniru-6-i-7-svibnja-za-prikupljanje-sredstava-za-centar-za-odgoj-i-obrazovanje-slava-raskaj\/\",\"name\":\"Hrvatska akademska zajednica sudjelovat \u0107e na humanitarnom malonogometnom turniru 6. i 7. svibnja za prikupljanje sredstava za Centar za odgoj i obrazovanje \\\"Slava Ra\u0161kaj\\\". - HAZ\",\"isPartOf\":{\"@id\":\"https:\/\/haz.hr\/#website\"},\"primaryImageOfPage\":{\"@id\":\"https:\/\/haz.hr\/2017\/04\/30\/hrvatska-akademska-zajednica-sudjelovati-ce-na-humanitarnom-malonogometnom-turniru-6-i-7-svibnja-za-prikupljanje-sredstava-za-centar-za-odgoj-i-obrazovanje-slava-raskaj\/#primaryimage\"},\"image\":{\"@id\":\"https:\/\/haz.hr\/2017\/04\/30\/hrvatska-akademska-zajednica-sudjelovati-ce-na-humanitarnom-malonogometnom-turniru-6-i-7-svibnja-za-prikupljanje-sredstava-za-centar-za-odgoj-i-obrazovanje-slava-raskaj\/#primaryimage\"},\"thumbnailUrl\":\"https:\/\/haz.hr\/wp-content\/uploads\/2017\/08\/kopacka.jpg\",\"datePublished\":\"2017-04-29T23:00:34+00:00\",\"dateModified\":\"2023-02-09T13:37:25+00:00\",\"breadcrumb\":{\"@id\":\"https:\/\/haz.hr\/2017\/04\/30\/hrvatska-akademska-zajednica-sudjelovati-ce-na-humanitarnom-malonogometnom-turniru-6-i-7-svibnja-za-prikupljanje-sredstava-za-centar-za-odgoj-i-obrazovanje-slava-raskaj\/#breadcrumb\"},\"inLanguage\":\"en-GB\",\"potentialAction\":[{\"@type\":\"ReadAction\",\"target\":[\"https:\/\/haz.hr\/2017\/04\/30\/hrvatska-akademska-zajednica-sudjelovati-ce-na-humanitarnom-malonogometnom-turniru-6-i-7-svibnja-za-prikupljanje-sredstava-za-centar-za-odgoj-i-obrazovanje-slava-raskaj\/\"]}]},{\"@type\":\"ImageObject\",\"inLanguage\":\"en-GB\",\"@id\":\"https:\/\/haz.hr\/2017\/04\/30\/hrvatska-akademska-zajednica-sudjelovati-ce-na-humanitarnom-malonogometnom-turniru-6-i-7-svibnja-za-prikupljanje-sredstava-za-centar-za-odgoj-i-obrazovanje-slava-raskaj\/#primaryimage\",\"url\":\"https:\/\/haz.hr\/wp-content\/uploads\/2017\/08\/kopacka.jpg\",\"contentUrl\":\"https:\/\/haz.hr\/wp-content\/uploads\/2017\/08\/kopacka.jpg\",\"width\":960,\"height\":540,\"caption\":\"\"},{\"@type\":\"BreadcrumbList\",\"@id\":\"https:\/\/haz.hr\/2017\/04\/30\/hrvatska-akademska-zajednica-sudjelovati-ce-na-humanitarnom-malonogometnom-turniru-6-i-7-svibnja-za-prikupljanje-sredstava-za-centar-za-odgoj-i-obrazovanje-slava-raskaj\/#breadcrumb\",\"itemListElement\":[{\"@type\":\"ListItem\",\"position\":1,\"name\":\"Home\",\"item\":\"https:\/\/haz.hr\/\"},{\"@type\":\"ListItem\",\"position\":2,\"name\":\"Hrvatska akademska zajednica sudjelovat \u0107e na humanitarnom malonogometnom turniru 6. i 7. svibnja za prikupljanje sredstava za Centar za odgoj i obrazovanje &#8220;Slava Ra\u0161kaj&#8221;.\"}]},{\"@type\":\"WebSite\",\"@id\":\"https:\/\/haz.hr\/#website\",\"url\":\"https:\/\/haz.hr\/\",\"name\":\"HAZ\",\"description\":\"Hrvatska akademska zajednica\",\"publisher\":{\"@id\":\"https:\/\/haz.hr\/#organization\"},\"potentialAction\":[{\"@type\":\"SearchAction\",\"target\":{\"@type\":\"EntryPoint\",\"urlTemplate\":\"https:\/\/haz.hr\/?s={search_term_string}\"},\"query-input\":{\"@type\":\"PropertyValueSpecification\",\"valueRequired\":true,\"valueName\":\"search_term_string\"}}],\"inLanguage\":\"en-GB\"},{\"@type\":\"Organization\",\"@id\":\"https:\/\/haz.hr\/#organization\",\"name\":\"HAZ\",\"url\":\"https:\/\/haz.hr\/\",\"logo\":{\"@type\":\"ImageObject\",\"inLanguage\":\"en-GB\",\"@id\":\"https:\/\/haz.hr\/#\/schema\/logo\/image\/\",\"url\":\"https:\/\/haz.hr\/wp-content\/uploads\/2022\/12\/cropped-HAZ_logo.png\",\"contentUrl\":\"https:\/\/haz.hr\/wp-content\/uploads\/2022\/12\/cropped-HAZ_logo.png\",\"width\":125,\"height\":76,\"caption\":\"HAZ\"},\"image\":{\"@id\":\"https:\/\/haz.hr\/#\/schema\/logo\/image\/\"}},{\"@type\":\"Person\",\"@id\":\"https:\/\/haz.hr\/#\/schema\/person\/438892ce514665613f7cd5bb7a19213a\",\"name\":\"JT-design\",\"image\":{\"@type\":\"ImageObject\",\"inLanguage\":\"en-GB\",\"@id\":\"https:\/\/haz.hr\/#\/schema\/person\/image\/\",\"url\":\"https:\/\/secure.gravatar.com\/avatar\/0032728fc07181d052d653eb6ce26d3ff30f5b1c7d867e6fb82eb66a6fc50646?s=96&d=mm&r=g\",\"contentUrl\":\"https:\/\/secure.gravatar.com\/avatar\/0032728fc07181d052d653eb6ce26d3ff30f5b1c7d867e6fb82eb66a6fc50646?s=96&d=mm&r=g\",\"caption\":\"JT-design\"},\"sameAs\":[\"https:\/\/haz.hr\"],\"url\":\"https:\/\/haz.hr\/en\/author\/jt-design\/\"}]}<\/script>\n<!-- \/ Yoast SEO plugin. -->","yoast_head_json":{"title":"Hrvatska akademska zajednica sudjelovat \u0107e na humanitarnom malonogometnom turniru 6. i 7. svibnja za prikupljanje sredstava za Centar za odgoj i obrazovanje \"Slava Ra\u0161kaj\". - HAZ","robots":{"index":"index","follow":"follow","max-snippet":"max-snippet:-1","max-image-preview":"max-image-preview:large","max-video-preview":"max-video-preview:-1"},"canonical":"https:\/\/haz.hr\/en\/2017\/04\/30\/hrvatska-akademska-zajednica-sudjelovati-ce-na-humanitarnom-malonogometnom-turniru-6-i-7-svibnja-za-prikupljanje-sredstava-za-centar-za-odgoj-i-obrazovanje-slava-raskaj\/","og_locale":"en_GB","og_type":"article","og_title":"Hrvatska akademska zajednica sudjelovat \u0107e na humanitarnom malonogometnom turniru 6. i 7. svibnja za prikupljanje sredstava za Centar za odgoj i obrazovanje \"Slava Ra\u0161kaj\". - HAZ","og_description":"Do\u0111ite i modrite nas! Kapetan mom\u010dadi je na\u0161 glavni tajnik&nbsp;Luka Radi\u0107. Kopa\u010dka solidarnosti ve\u0107 se godinama odr\u017eava s jednim ciljem, a to je povezati studente i poduze\u0107a kako bi ih [&hellip;]","og_url":"https:\/\/haz.hr\/en\/2017\/04\/30\/hrvatska-akademska-zajednica-sudjelovati-ce-na-humanitarnom-malonogometnom-turniru-6-i-7-svibnja-za-prikupljanje-sredstava-za-centar-za-odgoj-i-obrazovanje-slava-raskaj\/","og_site_name":"HAZ","article_published_time":"2017-04-29T23:00:34+00:00","article_modified_time":"2023-02-09T13:37:25+00:00","og_image":[{"width":960,"height":540,"url":"https:\/\/haz.hr\/wp-content\/uploads\/2017\/08\/kopacka.jpg","type":"image\/jpeg"}],"author":"JT-design","twitter_card":"summary_large_image","twitter_misc":{"Written by":"JT-design","Est. reading time":"1 minute"},"schema":{"@context":"https:\/\/schema.org","@graph":[{"@type":"Article","@id":"https:\/\/haz.hr\/2017\/04\/30\/hrvatska-akademska-zajednica-sudjelovati-ce-na-humanitarnom-malonogometnom-turniru-6-i-7-svibnja-za-prikupljanje-sredstava-za-centar-za-odgoj-i-obrazovanje-slava-raskaj\/#article","isPartOf":{"@id":"https:\/\/haz.hr\/2017\/04\/30\/hrvatska-akademska-zajednica-sudjelovati-ce-na-humanitarnom-malonogometnom-turniru-6-i-7-svibnja-za-prikupljanje-sredstava-za-centar-za-odgoj-i-obrazovanje-slava-raskaj\/"},"author":{"name":"JT-design","@id":"https:\/\/haz.hr\/#\/schema\/person\/438892ce514665613f7cd5bb7a19213a"},"headline":"Hrvatska akademska zajednica sudjelovat \u0107e na humanitarnom malonogometnom turniru 6. i 7. svibnja za prikupljanje sredstava za Centar za odgoj i obrazovanje &#8220;Slava Ra\u0161kaj&#8221;.","datePublished":"2017-04-29T23:00:34+00:00","dateModified":"2023-02-09T13:37:25+00:00","mainEntityOfPage":{"@id":"https:\/\/haz.hr\/2017\/04\/30\/hrvatska-akademska-zajednica-sudjelovati-ce-na-humanitarnom-malonogometnom-turniru-6-i-7-svibnja-za-prikupljanje-sredstava-za-centar-za-odgoj-i-obrazovanje-slava-raskaj\/"},"wordCount":121,"commentCount":0,"publisher":{"@id":"https:\/\/haz.hr\/#organization"},"image":{"@id":"https:\/\/haz.hr\/2017\/04\/30\/hrvatska-akademska-zajednica-sudjelovati-ce-na-humanitarnom-malonogometnom-turniru-6-i-7-svibnja-za-prikupljanje-sredstava-za-centar-za-odgoj-i-obrazovanje-slava-raskaj\/#primaryimage"},"thumbnailUrl":"https:\/\/haz.hr\/wp-content\/uploads\/2017\/08\/kopacka.jpg","articleSection":["HAZ novosti"],"inLanguage":"en-GB","potentialAction":[{"@type":"CommentAction","name":"Comment","target":["https:\/\/haz.hr\/2017\/04\/30\/hrvatska-akademska-zajednica-sudjelovati-ce-na-humanitarnom-malonogometnom-turniru-6-i-7-svibnja-za-prikupljanje-sredstava-za-centar-za-odgoj-i-obrazovanje-slava-raskaj\/#respond"]}]},{"@type":"WebPage","@id":"https:\/\/haz.hr\/2017\/04\/30\/hrvatska-akademska-zajednica-sudjelovati-ce-na-humanitarnom-malonogometnom-turniru-6-i-7-svibnja-za-prikupljanje-sredstava-za-centar-za-odgoj-i-obrazovanje-slava-raskaj\/","url":"https:\/\/haz.hr\/2017\/04\/30\/hrvatska-akademska-zajednica-sudjelovati-ce-na-humanitarnom-malonogometnom-turniru-6-i-7-svibnja-za-prikupljanje-sredstava-za-centar-za-odgoj-i-obrazovanje-slava-raskaj\/","name":"Hrvatska akademska zajednica sudjelovat \u0107e na humanitarnom malonogometnom turniru 6. i 7. svibnja za prikupljanje sredstava za Centar za odgoj i obrazovanje \"Slava Ra\u0161kaj\". - HAZ","isPartOf":{"@id":"https:\/\/haz.hr\/#website"},"primaryImageOfPage":{"@id":"https:\/\/haz.hr\/2017\/04\/30\/hrvatska-akademska-zajednica-sudjelovati-ce-na-humanitarnom-malonogometnom-turniru-6-i-7-svibnja-za-prikupljanje-sredstava-za-centar-za-odgoj-i-obrazovanje-slava-raskaj\/#primaryimage"},"image":{"@id":"https:\/\/haz.hr\/2017\/04\/30\/hrvatska-akademska-zajednica-sudjelovati-ce-na-humanitarnom-malonogometnom-turniru-6-i-7-svibnja-za-prikupljanje-sredstava-za-centar-za-odgoj-i-obrazovanje-slava-raskaj\/#primaryimage"},"thumbnailUrl":"https:\/\/haz.hr\/wp-content\/uploads\/2017\/08\/kopacka.jpg","datePublished":"2017-04-29T23:00:34+00:00","dateModified":"2023-02-09T13:37:25+00:00","breadcrumb":{"@id":"https:\/\/haz.hr\/2017\/04\/30\/hrvatska-akademska-zajednica-sudjelovati-ce-na-humanitarnom-malonogometnom-turniru-6-i-7-svibnja-za-prikupljanje-sredstava-za-centar-za-odgoj-i-obrazovanje-slava-raskaj\/#breadcrumb"},"inLanguage":"en-GB","potentialAction":[{"@type":"ReadAction","target":["https:\/\/haz.hr\/2017\/04\/30\/hrvatska-akademska-zajednica-sudjelovati-ce-na-humanitarnom-malonogometnom-turniru-6-i-7-svibnja-za-prikupljanje-sredstava-za-centar-za-odgoj-i-obrazovanje-slava-raskaj\/"]}]},{"@type":"ImageObject","inLanguage":"en-GB","@id":"https:\/\/haz.hr\/2017\/04\/30\/hrvatska-akademska-zajednica-sudjelovati-ce-na-humanitarnom-malonogometnom-turniru-6-i-7-svibnja-za-prikupljanje-sredstava-za-centar-za-odgoj-i-obrazovanje-slava-raskaj\/#primaryimage","url":"https:\/\/haz.hr\/wp-content\/uploads\/2017\/08\/kopacka.jpg","contentUrl":"https:\/\/haz.hr\/wp-content\/uploads\/2017\/08\/kopacka.jpg","width":960,"height":540,"caption":""},{"@type":"BreadcrumbList","@id":"https:\/\/haz.hr\/2017\/04\/30\/hrvatska-akademska-zajednica-sudjelovati-ce-na-humanitarnom-malonogometnom-turniru-6-i-7-svibnja-za-prikupljanje-sredstava-za-centar-za-odgoj-i-obrazovanje-slava-raskaj\/#breadcrumb","itemListElement":[{"@type":"ListItem","position":1,"name":"Home","item":"https:\/\/haz.hr\/"},{"@type":"ListItem","position":2,"name":"Hrvatska akademska zajednica sudjelovat \u0107e na humanitarnom malonogometnom turniru 6. i 7. svibnja za prikupljanje sredstava za Centar za odgoj i obrazovanje &#8220;Slava Ra\u0161kaj&#8221;."}]},{"@type":"WebSite","@id":"https:\/\/haz.hr\/#website","url":"https:\/\/haz.hr\/","name":"HAZ","description":"Croatian Academic Community","publisher":{"@id":"https:\/\/haz.hr\/#organization"},"potentialAction":[{"@type":"SearchAction","target":{"@type":"EntryPoint","urlTemplate":"https:\/\/haz.hr\/?s={search_term_string}"},"query-input":{"@type":"PropertyValueSpecification","valueRequired":true,"valueName":"search_term_string"}}],"inLanguage":"en-GB"},{"@type":"Organization","@id":"https:\/\/haz.hr\/#organization","name":"HAZ","url":"https:\/\/haz.hr\/","logo":{"@type":"ImageObject","inLanguage":"en-GB","@id":"https:\/\/haz.hr\/#\/schema\/logo\/image\/","url":"https:\/\/haz.hr\/wp-content\/uploads\/2022\/12\/cropped-HAZ_logo.png","contentUrl":"https:\/\/haz.hr\/wp-content\/uploads\/2022\/12\/cropped-HAZ_logo.png","width":125,"height":76,"caption":"HAZ"},"image":{"@id":"https:\/\/haz.hr\/#\/schema\/logo\/image\/"}},{"@type":"Person","@id":"https:\/\/haz.hr\/#\/schema\/person\/438892ce514665613f7cd5bb7a19213a","name":"JT-design","image":{"@type":"ImageObject","inLanguage":"en-GB","@id":"https:\/\/haz.hr\/#\/schema\/person\/image\/","url":"https:\/\/secure.gravatar.com\/avatar\/0032728fc07181d052d653eb6ce26d3ff30f5b1c7d867e6fb82eb66a6fc50646?s=96&d=mm&r=g","contentUrl":"https:\/\/secure.gravatar.com\/avatar\/0032728fc07181d052d653eb6ce26d3ff30f5b1c7d867e6fb82eb66a6fc50646?s=96&d=mm&r=g","caption":"JT-design"},"sameAs":["https:\/\/haz.hr"],"url":"https:\/\/haz.hr\/en\/author\/jt-design\/"}]}},"_links":{"self":[{"href":"https:\/\/haz.hr\/en\/wp-json\/wp\/v2\/posts\/97","targetHints":{"allow":["GET"]}}],"collection":[{"href":"https:\/\/haz.hr\/en\/wp-json\/wp\/v2\/posts"}],"about":[{"href":"https:\/\/haz.hr\/en\/wp-json\/wp\/v2\/types\/post"}],"author":[{"embeddable":true,"href":"https:\/\/haz.hr\/en\/wp-json\/wp\/v2\/users\/1"}],"replies":[{"embeddable":true,"href":"https:\/\/haz.hr\/en\/wp-json\/wp\/v2\/comments?post=97"}],"version-history":[{"count":1,"href":"https:\/\/haz.hr\/en\/wp-json\/wp\/v2\/posts\/97\/revisions"}],"predecessor-version":[{"id":2482,"href":"https:\/\/haz.hr\/en\/wp-json\/wp\/v2\/posts\/97\/revisions\/2482"}],"wp:featuredmedia":[{"embeddable":true,"href":"https:\/\/haz.hr\/en\/wp-json\/wp\/v2\/media\/2287"}],"wp:attachment":[{"href":"https:\/\/haz.hr\/en\/wp-json\/wp\/v2\/media?parent=97"}],"wp:term":[{"taxonomy":"category","embeddable":true,"href":"https:\/\/haz.hr\/en\/wp-json\/wp\/v2\/categories?post=97"},{"taxonomy":"post_tag","embeddable":true,"href":"https:\/\/haz.hr\/en\/wp-json\/wp\/v2\/tags?post=97"}],"curies":[{"name":"wp","href":"https:\/\/api.w.org\/{rel}","templated":true}]}}